{"id":386707,"date":"2026-03-08T17:19:22","date_gmt":"2026-03-08T17:19:22","guid":{"rendered":"https:\/\/www.europesays.com\/it\/386707\/"},"modified":"2026-03-08T17:19:22","modified_gmt":"2026-03-08T17:19:22","slug":"plenitude-verso-lindipendenza-eni-studia-luscita-della-controllata-dal-bilancio","status":"publish","type":"post","link":"https:\/\/www.europesays.com\/it\/386707\/","title":{"rendered":"Plenitude verso l\u2019indipendenza: Eni studia l\u2019uscita della controllata (dal bilancio)"},"content":{"rendered":"<p>    di<br \/>\n    Francesco Bertolino e Daniela Polizzi<\/p>\n<p class=\"summary-art is-line-h-12 is-mr-t-20\">Il gruppo lavora al deconsolidamento con Mediobanca per valorizzare la controllata e ridurre il debito di 2 miliardi<\/p>\n<p class=\"chapter-paragraph\"><b>Si profila un futuro da societ\u00e0 autonoma e indipendente per Plenitude,<\/b> societ\u00e0 attiva nella produzione da fonti rinnovabili e nella distribuzione di luce e gas. Secondo indiscrezioni, infatti,<b> la casa-madre Eni sta lavorando al deconsolidamento di Plenitude, <\/b>ossia alla sua uscita dal bilancio della capogruppo. <b>Mediobanca avrebbe l\u2019incarico di studiare la struttura dell\u2019operazione<\/b> che potrebbe avvenire secondo due modalit\u00e0.\u00a0<\/p>\n<p>    Le vie del deconsolidamento<\/p>\n<p class=\"chapter-paragraph\">La prima prevedrebbe<b> un cambio di governance incisivo in Plenitude, tale cio\u00e8 da determinare la perdita del controllo<\/b>. Eni potrebbe, per esempio, ridurre sensibilmente il numero dei suoi rappresentanti nel consiglio di amministrazione <b>in modo da escludere un\u2019influenza dominante sulla gestione e sulle decisioni strategiche della societ\u00e0<\/b>. Altrimenti, una seconda opzione \u2014 che appare pi\u00f9 complicata nel breve termine e comunque da abbinare alla prima \u2014 <b>Eni potrebbe scendere al di sotto del 50% del capitale di Plenitude, cedendo quote ad altri investitori accanto al fondo svizzero Eip e al fondo americano Ares<\/b> che, attualmente, detengono nell\u2019insieme circa il 30% del capitale dell\u2019azienda.    &#13;<br \/>\n&#13;<br \/>\n&#13;<br \/>\n&#13;<br \/>\n&#13;<br \/>\n&#13;<br \/>\n&#13;<br \/>\n&#13;<br \/>\n&#13;<br \/>\n&#13;<br \/>\n&#13;<br \/>\n&#13;<br \/>\n&#13;<br \/>\n&#13;<br \/>\n&#13;<br \/>\n&#13;<br \/>\n&#13;<br \/>\n&#13;<br \/>\n&#13;<br \/>\n&#13;<br \/>\n&#13;<br \/>\n&#13;<br \/>\n&#13;<br \/>\n&#13;<br \/>\n&#13;<br \/>\n&#13;<br \/>\n&#13;<br \/>\n&#13;<br \/>\n&#13;<br \/>\n&#13;<br \/>\n&#13;<br \/>\n&#13;<br \/>\n&#13;<br \/>\n&#13;<br \/>\n&#13;<br \/>\n&#13;<br \/>\n&#13;<br \/>\n&#13;<br \/>\n&#13;<br \/>\n&#13;<br \/>\n&#13;<br \/>\n&#13;<br \/>\n&#13;<br \/>\n&#13;<br \/>\n&#13;<br \/>\n&#13;<br \/>\n&#13;<br \/>\n&#13;<br \/>\n&#13;<br \/>\n&#13;<br \/>\n&#13;<br \/>\n&#13;<br \/>\n&#13;\n<\/p>\n<p>    La strategia dei satelliti<\/p>\n<p class=\"chapter-paragraph\"><b>L\u2019eventuale deconsolidamento si inserirebbe nel percorso tracciato da Eni sin dalla creazione di Plenitude nel marzo 2022 e definito come \u201cstrategia dei satelliti\u201d<\/b>.  L\u2019obiettivo del gruppo guidato da Claudio Descalzi \u00e8 dare maggior evidenza sul mercato al valore delle sue controllate e permettere loro di accedere al mercato dei capitali in modo autonomo, rivolgendosi a investitori specializzati, vuoi per settore vuoi per geografia. <b>\u00abStiamo studiando diverse soluzioni per creare societ\u00e0 indipendenti in grado di crescere in maniera autonoma e stiamo lavorando a diverse alternative\u00bb, ha detto il direttore finanziario di Eni, Francesco Gattei<\/b>, agli analisti durante la presentazione dei conti del 2025. \u00abIl deconsolidamento di Plenitude \u00e8 una di queste possibilit\u00e0, ma \u00e8 una decisione che eventualmente comunicheremo nelle tempistiche pi\u00f9 opportune\u00bb.<\/p>\n<p>    Il tema del debito<\/p>\n<p class=\"chapter-paragraph\"><b>L\u2019uscita di Plenitude dal bilancio consentirebbe peraltro a Eni anche di ottimizzare la struttura finanziaria, facendo uscire dal perimetro anche il debito in capo alla controllata<\/b>. Nei documenti di presentazione dei conti del 2025 di Eni si legge che l\u2019indebitamento finanziario netto del gruppo, escludendo quello di Plenitude, si attesta a 7,4 miliardi. Dal che si deduce che<b> i finanziamenti in capo alla controllata ammontano attualmente a 2 miliardi, circa il doppio del margine operativo lordo di Plenitude nel 2025.<\/b><\/p>\n<p>    Le acquisizioni di Plenitude<\/p>\n<p class=\"chapter-paragraph\">La societ\u00e0 guidata da Stefano Goberti \u00e8 cresciuta molto nel corso dell\u2019ultimo anno. <b>Prima ha acquisito 52 impianti rinnovabili in Francia dal gruppo Neoen,<\/b> avvicinando l\u2019obiettivo di raggiungere 10 gigawatt di capacit\u00e0 \u00abverde\u00bb entro il 2028. <b>Poi ha stretto un accordo per rilevare per  587 milioni Acea Energia, superando gli 11 milioni di clienti<\/b> e cos\u00ec centrando con anticipo il traguardo fissato per il 2028. All\u2019atto dell\u2019ingresso del fondo Ares con il 20%, <b>Plenitude ha ottenuto una valutazione di 12 miliardi<\/b>. Il deconsolidamento potrebbe essere un passo ulteriore verso la quotazione della societ\u00e0 in Borsa.<\/p>\n<p><a href=\"https:\/\/www.corriere.it\/app-economia\/?intcmp=DL-app_nd_011024_corriere_ss_conomia\" target=\"_blank\" class=\"bck-app-banner\" rel=\"nofollow noopener\"><img decoding=\"async\" class=\"bck-app-img\" src=\"https:\/\/www.europesays.com\/it\/wp-content\/uploads\/2025\/08\/1756449670_863_app.png\"\/><\/p>\n<p>Nuova app <strong>L&#8217;Economia<\/strong>. News, approfondimenti e l&#8217;assistente virtuale al tuo servizio.<\/p>\n<p>SCARICA L&#8217; APP<\/p>\n<p><img decoding=\"async\" src=\"https:\/\/www.europesays.com\/it\/wp-content\/uploads\/2025\/07\/eco.png\"\/><\/a><\/p>\n<p>Iscriviti alle <a href=\"https:\/\/www.corriere.it\/newsletter\/?theme=4\" rel=\"nofollow noopener\" target=\"_blank\">newsletter de L&#8217;Economia<\/a>. Analisi e commenti sui principali avvenimenti\u00a0economici a cura delle firme del Corriere.<\/p>\n<p class=\"is-last-update\" datetime=\"2026-03-08T07:25:19+01:00\">8 marzo 2026 ( modifica il 8 marzo 2026 | 07:25)<\/p>\n<p class=\"is-copyright\">\n            \u00a9 RIPRODUZIONE RISERVATA\n        <\/p>\n","protected":false},"excerpt":{"rendered":"di Francesco Bertolino e Daniela Polizzi Il gruppo lavora al deconsolidamento con Mediobanca per valorizzare la controllata e&hellip;\n","protected":false},"author":3,"featured_media":386708,"comment_status":"","ping_status":"","sticky":false,"template":"","format":"standard","meta":{"footnotes":"","_share_on_mastodon":"0"},"categories":[172],"tags":[178,74073,551,2545,1033,177,392,777,222180,1411,20918,6008,222179,222181,5115,10468,3526,45,3772,1537,90,89,6087,15127,1412,809,100401,222182,3789,222183,3717,58662,41223,1359,8756,12099],"class_list":["post-386707","post","type-post","status-publish","format-standard","has-post-thumbnail","category-affari","tag-affari","tag-ares","tag-attualmente","tag-autonoma","tag-bilancio","tag-business","tag-capitale","tag-capo","tag-capo-controllata","tag-conti","tag-controllata","tag-debito","tag-deconsolidamento","tag-deconsolidamento-plenitude","tag-diverse","tag-eni","tag-finanziario","tag-fondo","tag-investitori","tag-it","tag-italia","tag-italy","tag-lavorando","tag-mediobanca","tag-mercato","tag-obiettivo","tag-plenitude","tag-plenitude-societa","tag-presentazione","tag-presentazione-conti","tag-ridurre","tag-rinnovabili","tag-satelliti","tag-societa","tag-strategia","tag-uscita"],"share_on_mastodon":{"url":"","error":"Validation failed: Text character limit of 500 exceeded"},"_links":{"self":[{"href":"https:\/\/www.europesays.com\/it\/wp-json\/wp\/v2\/posts\/386707","targetHints":{"allow":["GET"]}}],"collection":[{"href":"https:\/\/www.europesays.com\/it\/wp-json\/wp\/v2\/posts"}],"about":[{"href":"https:\/\/www.europesays.com\/it\/wp-json\/wp\/v2\/types\/post"}],"author":[{"embeddable":true,"href":"https:\/\/www.europesays.com\/it\/wp-json\/wp\/v2\/users\/3"}],"replies":[{"embeddable":true,"href":"https:\/\/www.europesays.com\/it\/wp-json\/wp\/v2\/comments?post=386707"}],"version-history":[{"count":0,"href":"https:\/\/www.europesays.com\/it\/wp-json\/wp\/v2\/posts\/386707\/revisions"}],"wp:featuredmedia":[{"embeddable":true,"href":"https:\/\/www.europesays.com\/it\/wp-json\/wp\/v2\/media\/386708"}],"wp:attachment":[{"href":"https:\/\/www.europesays.com\/it\/wp-json\/wp\/v2\/media?parent=386707"}],"wp:term":[{"taxonomy":"category","embeddable":true,"href":"https:\/\/www.europesays.com\/it\/wp-json\/wp\/v2\/categories?post=386707"},{"taxonomy":"post_tag","embeddable":true,"href":"https:\/\/www.europesays.com\/it\/wp-json\/wp\/v2\/tags?post=386707"}],"curies":[{"name":"wp","href":"https:\/\/api.w.org\/{rel}","templated":true}]}}