{"id":387345,"date":"2026-03-09T04:30:12","date_gmt":"2026-03-09T04:30:12","guid":{"rendered":"https:\/\/www.europesays.com\/it\/387345\/"},"modified":"2026-03-09T04:30:12","modified_gmt":"2026-03-09T04:30:12","slug":"superg-elena-curtoni-e-strepitosa-asja-zenere-terza-a-sorpresa-soltanto-ottava-sofia-goggia","status":"publish","type":"post","link":"https:\/\/www.europesays.com\/it\/387345\/","title":{"rendered":"SuperG, Elena Curtoni \u00e8 strepitosa, Asja Zenere terza a sorpresa. Soltanto ottava Sofia Goggia"},"content":{"rendered":"<p align=\"left\">Una discesa splendida, eccellente, di <strong>Elena Curtoni<\/strong> che ottiene la sua <strong>quarta vittoria in carriera in Coppa del Mondo<\/strong>. La sciatrice 35enne di Morbegno vince in maniera strepitosa la penultima <strong>prova del SuperG<\/strong> femminile stagionale in Val di Fassa con il tempo di 1\u201929\u201d07. In seconda posizione la norvegese Kaja Vickhoff Lie (+0.26 centesimi), <strong>terza a sorpresa Asja Zenere (<\/strong>mai salita sul podio) attardata di 27 centesimi. Laura Pirovano si piazza al settimo posto, Sofia Goggia soltanto ottava (lei che \u00e8 prima nella classifica di specialit\u00e0 in SuperG in Coppa del Mondo). Si chiude cos\u00ec, in maniera incredibile, una tre giorni che ha visto vincere soltanto le azzurre <a href=\"https:\/\/www.ilgiornale.it\/news\/altri-sport\/discesa-libera-sci-pirovano-sogno-bis-val-fassa-due-vittorie-2635431.html\" data-datalayer-click-event-target=\"internal\" rel=\"nofollow noopener\" target=\"_blank\">con la doppietta di Laura Pirovano in discesa libera<\/a> e oggi la Curtoni.<\/p>\n<p> La splendida vittoria di Curtoni<\/p>\n<p align=\"left\">\u201cLa neve mi \u00e8 piaciuta gi\u00e0 dal primo giorno, \u00e8 una pista che mi piace. Certo, <strong>essere l\u00ec davanti era da tanto che non ci riuscivo<\/strong>, sono contento ci ho provato al massimo e ci sono riuscita per davvero\u201d, sono le prime parole di Curtoni rilasciate alla Rai dopo la meravigliosa discesa e il primo posto. Elena Curtoni fa la migliore discesa della sua stagione: partita con il pettorale numero 8, perde soltanto qualche centesimo nel primo intertempo ma in tutti gli fa registrare luce verde, ossia il miglior tempo ad ogni intermedio chiudendo in testa con il tempo strepitoso di 1\u201929\u201d07 e piazzandosi davanti a tutte, irraggiungibile.<\/p>\n<p align=\"left\">Poco dopo, Elena ha palesato la sua felicit\u00e0. \u201cGli ultimi anni sono stati tosti, che dire\u2026sono riuscito a fare quello che volevo, che rincorrevo negli ultimi anni. Ci credevo, sapevo di potercela fare, ancora, dentro di me ma poi gli anni passano e i dubbi iniziavano ad arrivare. Sono contenta, davvero. Ho bisogno di conferme e supporto ma devo farcela da sola. \u00c8 molto bello ancora adesso essere sul podio dopo tanti anni, una stagione sulle montagne russe. Ho cercato di godermi ogni allenamento e gara\u201d.<\/p>\n<p>La gara di Pirovano<\/p>\n<p>\u201cOggi ho raschiato il fondo del barile delle energie, ero stanchissima. Ora posso lasciarmi andare, ho avuto due giorni super ma che bella giornata anche oggi\u201d, risponde Laura Pirovano ai microfoni Rai. Alla domanda su come ha festeggiato le due vittorie consecutive in discesa libera, risponde: \u201cNon ho avuto ancora occasione, le giornate sono super strette, le festegger\u00f2 adesso\u201d.<\/p>\n<p> La delusione di Sofia Goggia<\/p>\n<p align=\"left\">Si aspettava certamente di pi\u00f9 dell\u2019ottavo posto Sofia Goggia visto che, in SuperG, guida la classifica mondiale con 56 punti di vantaggio su Robinson \u201cHo limitato i danni, ho avuto pessime sensazioni sin dalla seconda porta. Ho fatto veramente fatica in questo SuperG, mi dispiace di aver faticato in questi giorni, i miei sci erano totalmente fuori controllo.\n<\/p>\n<p> Su questo tipo di neve, e non deve essere una scusa, ho avuto difficolt\u00e0 nel fare le curve. Ad ognuna di essa non credevo di arrivare a quella successiva. Sapevo di non fare una bella gara, per\u00f2 almeno ho limitato un po\u2019 i danni\u201d.<\/p>\n","protected":false},"excerpt":{"rendered":"Una discesa splendida, eccellente, di Elena Curtoni che ottiene la sua quarta vittoria in carriera in Coppa del&hellip;\n","protected":false},"author":3,"featured_media":387346,"comment_status":"","ping_status":"","sticky":false,"template":"","format":"standard","meta":{"footnotes":"","_share_on_mastodon":"0"},"categories":[176],"tags":[1537,90,89,245,244,76979],"class_list":["post-387345","post","type-post","status-publish","format-standard","has-post-thumbnail","category-sport","tag-it","tag-italia","tag-italy","tag-sport","tag-sports","tag-superg"],"share_on_mastodon":{"url":"https:\/\/pubeurope.com\/@it\/116197341558325601","error":""},"_links":{"self":[{"href":"https:\/\/www.europesays.com\/it\/wp-json\/wp\/v2\/posts\/387345","targetHints":{"allow":["GET"]}}],"collection":[{"href":"https:\/\/www.europesays.com\/it\/wp-json\/wp\/v2\/posts"}],"about":[{"href":"https:\/\/www.europesays.com\/it\/wp-json\/wp\/v2\/types\/post"}],"author":[{"embeddable":true,"href":"https:\/\/www.europesays.com\/it\/wp-json\/wp\/v2\/users\/3"}],"replies":[{"embeddable":true,"href":"https:\/\/www.europesays.com\/it\/wp-json\/wp\/v2\/comments?post=387345"}],"version-history":[{"count":0,"href":"https:\/\/www.europesays.com\/it\/wp-json\/wp\/v2\/posts\/387345\/revisions"}],"wp:featuredmedia":[{"embeddable":true,"href":"https:\/\/www.europesays.com\/it\/wp-json\/wp\/v2\/media\/387346"}],"wp:attachment":[{"href":"https:\/\/www.europesays.com\/it\/wp-json\/wp\/v2\/media?parent=387345"}],"wp:term":[{"taxonomy":"category","embeddable":true,"href":"https:\/\/www.europesays.com\/it\/wp-json\/wp\/v2\/categories?post=387345"},{"taxonomy":"post_tag","embeddable":true,"href":"https:\/\/www.europesays.com\/it\/wp-json\/wp\/v2\/tags?post=387345"}],"curies":[{"name":"wp","href":"https:\/\/api.w.org\/{rel}","templated":true}]}}