{"id":387590,"date":"2026-03-09T08:39:12","date_gmt":"2026-03-09T08:39:12","guid":{"rendered":"https:\/\/www.europesays.com\/it\/387590\/"},"modified":"2026-03-09T08:39:12","modified_gmt":"2026-03-09T08:39:12","slug":"il-testimone-12enne-ucciso-i-resti-umani-e-la-svolta-del-dna-quel-bimbo-ha-visto-tutto","status":"publish","type":"post","link":"https:\/\/www.europesays.com\/it\/387590\/","title":{"rendered":"il testimone 12enne ucciso, i resti umani e la svolta del Dna. \u00abQuel bimbo ha visto tutto\u00bb"},"content":{"rendered":"<p>Per risolvere questo giallo bisogna tornare indietro di quasi ottant\u2019anni, in una <strong><a href=\"https:\/\/www.leggo.it\/t\/corleone-\" rel=\"nofollow noopener\" target=\"_blank\">Corleone<\/a><\/strong> dove l\u2019omert\u00e0 pesava pi\u00f9 della verit\u00e0. \u00c8 la storia di un uomo sparito nel nulla, di un bambino che vide troppo e di un segreto sepolto sotto decine di metri di roccia. Un caso che per decenni sembr\u00f2 \u00absconfitto\u00bb dal tempo, finch\u00e9 la scienza non riusc\u00ec a riaprire la vicenda e a dare finalmente un nome a quelle ossa e a quei resti ritrovati nel cuore della montagna.<\/p>\n<p> Il caso di Rizzotto <\/p>\n<p>Tutto inizia la sera del 10 marzo 1948. <strong>Placido Rizzotto<\/strong>, 34 anni, scompare a Corleone mentre rientra verso casa. Rizzotto non \u00e8 un uomo qualunque: \u00e8 un ex partigiano socialista che, tornato dalla guerra, ha deciso di sfidare il potere dei latifondisti. Come segretario della Camera del Lavoro organizza i contadini e li spinge a reclamare l\u2019assegnazione delle terre incolte controllate dalla mafia. Per il boss locale, il medico <strong>Michele Navarra<\/strong>, quell\u2019attivit\u00e0 rappresenta una minaccia diretta agli equilibri di potere della zona.<\/p>\n","protected":false},"excerpt":{"rendered":"Per risolvere questo giallo bisogna tornare indietro di quasi ottant\u2019anni, in una Corleone dove l\u2019omert\u00e0 pesava pi\u00f9 della&hellip;\n","protected":false},"author":3,"featured_media":387591,"comment_status":"","ping_status":"","sticky":false,"template":"","format":"standard","meta":{"footnotes":"","_share_on_mastodon":"0"},"categories":[79],"tags":[14,93,94,2640,1537,90,89,222476,7,15,222477,11,84,91,12,85,92],"class_list":["post-387590","post","type-post","status-publish","format-standard","has-post-thumbnail","category-italia","tag-cronaca","tag-cronaca-italiana","tag-cronacaitaliana","tag-dna","tag-it","tag-italia","tag-italy","tag-michele-navarra","tag-news","tag-notizie","tag-placido-rizzotto","tag-ultime-notizie","tag-ultime-notizie-e-news-di-oggi","tag-ultime-notizie-italia","tag-ultimenotizie","tag-ultimenotizieenewsdioggi","tag-ultimenotizieitalia"],"share_on_mastodon":{"url":"https:\/\/pubeurope.com\/@it\/116198320807834396","error":""},"_links":{"self":[{"href":"https:\/\/www.europesays.com\/it\/wp-json\/wp\/v2\/posts\/387590","targetHints":{"allow":["GET"]}}],"collection":[{"href":"https:\/\/www.europesays.com\/it\/wp-json\/wp\/v2\/posts"}],"about":[{"href":"https:\/\/www.europesays.com\/it\/wp-json\/wp\/v2\/types\/post"}],"author":[{"embeddable":true,"href":"https:\/\/www.europesays.com\/it\/wp-json\/wp\/v2\/users\/3"}],"replies":[{"embeddable":true,"href":"https:\/\/www.europesays.com\/it\/wp-json\/wp\/v2\/comments?post=387590"}],"version-history":[{"count":0,"href":"https:\/\/www.europesays.com\/it\/wp-json\/wp\/v2\/posts\/387590\/revisions"}],"wp:featuredmedia":[{"embeddable":true,"href":"https:\/\/www.europesays.com\/it\/wp-json\/wp\/v2\/media\/387591"}],"wp:attachment":[{"href":"https:\/\/www.europesays.com\/it\/wp-json\/wp\/v2\/media?parent=387590"}],"wp:term":[{"taxonomy":"category","embeddable":true,"href":"https:\/\/www.europesays.com\/it\/wp-json\/wp\/v2\/categories?post=387590"},{"taxonomy":"post_tag","embeddable":true,"href":"https:\/\/www.europesays.com\/it\/wp-json\/wp\/v2\/tags?post=387590"}],"curies":[{"name":"wp","href":"https:\/\/api.w.org\/{rel}","templated":true}]}}