{"id":387920,"date":"2026-03-09T13:51:13","date_gmt":"2026-03-09T13:51:13","guid":{"rendered":"https:\/\/www.europesays.com\/it\/387920\/"},"modified":"2026-03-09T13:51:13","modified_gmt":"2026-03-09T13:51:13","slug":"milan-allegri-formidabile-ma-che-peccato-per-lo-scudetto-perche-quello-di-ricci-non-e-rigore-e-quello-di-bisseck-si-calciomercato","status":"publish","type":"post","link":"https:\/\/www.europesays.com\/it\/387920\/","title":{"rendered":"Milan, Allegri formidabile ma che peccato per lo Scudetto! Perch\u00e9 quello di Ricci non \u00e8 rigore e quello di Bisseck s\u00ec &#8211; Calciomercato"},"content":{"rendered":"<ol>\n<li><a href=\"https:\/\/news.google.com\/rss\/articles\/CBMigAJBVV95cUxOYS11S1p3LWFWWExHWi1pUzNqWWt1NHFIVDJIdm5NV1gxQ1RnUEtRR2RMN3ZYcjFDdVRWb3dGVE9nMk1abzFOeWctUi1zR1gyNS15eUdzbUNHdnNUZXZ4ZUN5Y0FnakRxRnl5MUQ3NWtUT0dxdmVpZzJUS0Y2Z05lcXhGcE9TTTUzT2kzR3BxdVZVdk1pWldSTTJqeDdrSklaQmtJY05KY0FLWVFodjRXMk9TVGExWUhLaUo2WnZpMllITzliUVo0RDZIbmZJaDZkN2RRdVpjQWNsM0xRVlUxa05COEg0YVJnYk1FOGpnNFFHaE9sU3lyT3R0cXdaLVZj?oc=5\" target=\"_blank\" rel=\"nofollow noopener\">Milan, Allegri formidabile ma che peccato per lo Scudetto! Perch\u00e9 quello di Ricci non \u00e8 rigore e quello di Bisseck s\u00ec<\/a>&nbsp;&nbsp;Calciomercato<\/li>\n<li><a href=\"https:\/\/news.google.com\/rss\/articles\/CBMi8wFBVV95cUxOV2ZwY1JSNXpkSjlYOXEwWDN1dEp3RXp1MXdFT0w2YjVZbGxKNklseEpaNU9ocWVjb0N6UDlzdU5EWDZXdEkydFFLcmNxVWVHUDZab2lhaHd6Y3lRV3UzbjVPRmZ0akpQVzlNOC1Bazc0NUIxc0dpajZBaFU3NzFBOGpCeWhOSUtadEhCVzhzei05X3FqRmpEcGk3Y3VCSUR6RzhYLWNSb2pBRXpQdjJVU19rMXlNVUktOXNwWE4tdDBjWWJOZzk5RFAxTkhoejVJYzBGOHdOQW1jSVBhUzY4TUNUYnVjeHBadzZMYUhIcWhOa0k?oc=5\" target=\"_blank\" rel=\"nofollow noopener\">Ricci, ecco perch\u00e9 Doveri non ha concesso rigore all&#8217;Inter. L&#8217;Aia promuove la decisione<\/a>&nbsp;&nbsp;SportMediaset<\/li>\n<li><a href=\"https:\/\/news.google.com\/rss\/articles\/CBMitwFBVV95cUxObDdaRVBxTFFGZ1BuWldrTkxiSmR4bEdIcDMwX0dtR1dqMl81akw4eXRyeVlSNzQ3NE5RaENpcmpCOU9uUWZkMU5TaXJTTU9zYnNsQlktcDZHWWpNYkxYR25DcHdUdkNIVE5Jc3lwNHhiWU00aUJielNodG9Ed3VwcURhZEFGNFpmbnY3QnZ3M2lsdWFNcVRiLUUzWThnSzZIUlhvOS1zdjdkZUpGWmJoYlhudU43aE0?oc=5\" target=\"_blank\" rel=\"nofollow noopener\">Cesari sul rigore negato all&#8217;Inter: &#8220;\u00c8 sudditanza psicologica del Var&#8221;<\/a>&nbsp;&nbsp;Il Fatto Quotidiano<\/li>\n<li><a href=\"https:\/\/news.google.com\/rss\/articles\/CBMizAFBVV95cUxQdU9oNHNwa0tlRzFpT1ZneXQtYVVwaVg0emJNVFNoS0FPYzM1X0luS2Jsc3hpbFlFZlFHbGJiMHBUWjlESU5CZWVYcnEweHNWRHVteEE3ZE9SYXlyMzZ1RXU2UUlVMjhPSzNfaDlKbXNmblBZTW0yVllaVXozUEJRQU16SjVWU2tpVl9HRXNBUzFlYTFRMWduMDRwbDkyZmh5M0thSWY4OGlCb0d4a2k2NGdZUGVRclFkT0xLRHdqdW9PMl9tLUtMVFZBcWjSAdIBQVVfeXFMUEpUTnVyRzJnenNlVFBaQXJUVHNGX012ZVVWam1CbzhqbU54b2dyLTJsbW1Xelp5bEtKcDRrMEphUDRUNDd6MzN5amFHbE5tT1g3ajJpN2FsUVhFSEc2WVlOWm8yUjdCOWx3NlFxWkM5bDJnVTR1MEh1NTVaSnZkUXNqVFQ1dURxakJFU0dwN3Etdjk1NVJsWTNiakxLODVDZ09aQl90ZVBUZVhleWRQVzFuc1NUVUdHVko3V2NhZzYwc3N2MHRxTVQteW4xNkViVW9n?oc=5\" target=\"_blank\" rel=\"nofollow noopener\">Braccio di Ricci in Milan-Inter, per i vertici arbitrali giusto non dare rigore ai nerazzurri<\/a>&nbsp;&nbsp;Corriere della Sera<\/li>\n<li><a href=\"https:\/\/news.google.com\/rss\/articles\/CBMiigFBVV95cUxNdUY0MjQ2NllvSEd3UDVhbjdHYy1tY0lCVnRHalIwUzBhMXE0MUt6QXdrOFQwMmRVNVh1QzE2NnpvWXZlNnJLZ1dSZUViRm9VNEVRR3lmeE1waEFaTjM5UzE3T19sOG03RUkxc1B6anNPRi11dWoxMVNkeEJKUTZscllGVU8xRGtfdlE?oc=5\" target=\"_blank\" rel=\"nofollow noopener\">\u00abRigore negato all&#8217;Inter\u00bb. Il tocco di mano di Ricci non segnalato dal Var nel derby: cosa \u00e8 successo<\/a>&nbsp;&nbsp;Il Mattino<\/li>\n<\/ol>\n","protected":false},"excerpt":{"rendered":"Milan, Allegri formidabile ma che peccato per lo Scudetto! Perch\u00e9 quello di Ricci non \u00e8 rigore e quello&hellip;\n","protected":false},"author":3,"featured_media":387921,"comment_status":"","ping_status":"","sticky":false,"template":"","format":"standard","meta":{"footnotes":"","_share_on_mastodon":"0"},"categories":[1452],"tags":[1744,721,10908,1740,1537,90,89,24297,553,92845,92846,10907,50630,20610,94083,251,1739,245,244],"class_list":["post-387920","post","type-post","status-publish","format-standard","has-post-thumbnail","category-calcio","tag-ac-milan","tag-calcio","tag-features","tag-football","tag-it","tag-italia","tag-italy","tag-m-allegri","tag-milan","tag-milan-hello","tag-milanmania","tag-opinion","tag-p-estupinan","tag-r-leao","tag-s-ricci","tag-serie-a","tag-soccer","tag-sport","tag-sports"],"share_on_mastodon":{"url":"https:\/\/pubeurope.com\/@it\/116199547676578060","error":""},"_links":{"self":[{"href":"https:\/\/www.europesays.com\/it\/wp-json\/wp\/v2\/posts\/387920","targetHints":{"allow":["GET"]}}],"collection":[{"href":"https:\/\/www.europesays.com\/it\/wp-json\/wp\/v2\/posts"}],"about":[{"href":"https:\/\/www.europesays.com\/it\/wp-json\/wp\/v2\/types\/post"}],"author":[{"embeddable":true,"href":"https:\/\/www.europesays.com\/it\/wp-json\/wp\/v2\/users\/3"}],"replies":[{"embeddable":true,"href":"https:\/\/www.europesays.com\/it\/wp-json\/wp\/v2\/comments?post=387920"}],"version-history":[{"count":0,"href":"https:\/\/www.europesays.com\/it\/wp-json\/wp\/v2\/posts\/387920\/revisions"}],"wp:featuredmedia":[{"embeddable":true,"href":"https:\/\/www.europesays.com\/it\/wp-json\/wp\/v2\/media\/387921"}],"wp:attachment":[{"href":"https:\/\/www.europesays.com\/it\/wp-json\/wp\/v2\/media?parent=387920"}],"wp:term":[{"taxonomy":"category","embeddable":true,"href":"https:\/\/www.europesays.com\/it\/wp-json\/wp\/v2\/categories?post=387920"},{"taxonomy":"post_tag","embeddable":true,"href":"https:\/\/www.europesays.com\/it\/wp-json\/wp\/v2\/tags?post=387920"}],"curies":[{"name":"wp","href":"https:\/\/api.w.org\/{rel}","templated":true}]}}