{"id":387968,"date":"2026-03-09T14:39:15","date_gmt":"2026-03-09T14:39:15","guid":{"rendered":"https:\/\/www.europesays.com\/it\/387968\/"},"modified":"2026-03-09T14:39:15","modified_gmt":"2026-03-09T14:39:15","slug":"macerata-il-maxi-polo-logistico-di-rematarlazzi-liter-al-rush-finale","status":"publish","type":"post","link":"https:\/\/www.europesays.com\/it\/387968\/","title":{"rendered":"Macerata, il maxi polo logistico di RemaTarlazzi: l\u2019iter al rush finale"},"content":{"rendered":"<p>MACERATA Un nuovo polo industriale al confine tra Macerata e Corridonia. Il maxi progetto, a distanza di 17 anni dalla partenza del tortuoso iter per la realizzazione della lottizzazione Eureka, sta finalmente per vedere la luce. A spiccare \u00e8 soprattutto l\u2019investimento di RemaTarlazzi, con sede a Sforzacosta, prima azienda della provincia per vendite e fatturato, come certificato dal rapporto annuale della Fondazione Merloni.<\/p>\n<p><p>APPROFONDIMENTI<\/p>\n<p>       <a href=\"https:\/\/www.corriereadriatico.it\/macerata\/macerata_paghi_chiamo_amici_camorristi_vengono_cercare_ti_fanno_male_last_news-9398385.html\" title=\"Arrestato per estorsione e usura, ecco le frasi con cui il 54enne di Porto Sant\u2019Elpidio ha minacciato l\u2019imprenditore di Tolentino\" rel=\"nofollow noopener\" target=\"_blank\"><img loading=\"lazy\" decoding=\"async\" src=\"https:\/\/www.europesays.com\/it\/wp-content\/uploads\/2026\/03\/9398385_05210415_809_05032026_210356.jpg\" title=\"Arrestato per estorsione e usura, ecco le frasi con cui il 54enne di Porto Sant\u2019Elpidio ha minacciato l\u2019imprenditore di Tolentino\" width=\"264\" height=\"144\"\/><\/a>          <\/p>\n<p>Si tratta di una realt\u00e0 di riferimento nel panorama italiano della distribuzione di materiale elettrico, tecnologie per l\u2019impiantistica e soluzioni integrate per l\u2019efficienza energetica, l\u2019automazione e la digitalizzazione degli edifici. \u00c8nata nel 2007 dalla fusione di due aziende storiche del settore: Rema Spa di Pesaro (fondata nel 1974) e Tarlazzi Spa di Macerata (fondata nel 1925).  <\/p>\n<p>\u00a0\u00a0 <\/p>\n<p>La situazione   <\/p>\n<p>L\u2019azienda, che fa parte del gruppo Comet, realizzer\u00e0 un nuovo maxi centro logistico di distribuzione, riferimento per tutto il centro Italia, nel territorio della zona industriale di Corridonia, vicino al fiume Chienti. I tecnici stanno affinando il progetto esecutivo, complesso anche dal punto di vista tecnologico.<\/p>\n<p>Al Suap del Comune dovr\u00e0 essere chiesto il permesso per la partenza delle opere, ma sullo sfondo c\u2019\u00e8 anche l\u2019opportunit\u00e0 della Zes, che garantirebbe una velocizzazione delle procedure. Franco Cossiri, presidente di RemaTarlazzi, fissa gli obiettivi: \u00abCantierizzazione entro quest\u2019anno, inizio dei lavori nel 2027 e nel 2028 l\u2019operativit\u00e0 della struttura. Sono fiducioso, ma bisogna comunque restare con i piedi per terra e attendere lo sviluppo dell\u2019iter. Devo dire che in tutti questi anni ho sempre riscontrato la massima collaborazione da parte di tutti i presidenti di Provincia e i sindaci che si sono succeduti\u00bb. Il nuovo centro logistico previsto a Corridonia si estender\u00e0 per 20mila metri quadrati. A tal proposito Cossiri evidenzia un aspetto: \u00ab\u00c8 un investimento strategico per l\u2019azienda, che intende rafforzare il proprio modello di distribuzione just-in-time, migliorare ulteriormente la copertura territoriale e offrire tempi di consegna pi\u00f9 rapidi in tutto il centro Italia. L\u2019intervento si inserisce in una visione industriale di lungo periodo, che prevede il potenziamento dell\u2019intera filiera logistica e commerciale\u00bb.<\/p>\n<p>Dal punto di vista territoriale questo investimento potr\u00e0 generare benefici concreti. E il presidente di RemaTarlazzi li evidenzia con orgoglio: \u00abSviluppo occupazionale diretto e indotto legato all\u2019attivit\u00e0 logistica, tecnica, amministrativa e di supporto; valorizzazione dell\u2019area produttiva del comune di Corridonia, attraverso l\u2019insediamento di un operatore industriale stabile e consolidato. E infine effetti positivi sull\u2019indotto locale (trasporti, manutenzioni, servizi, utenze) e sull\u2019immagine del territorio come polo attrattivo per investimenti industriali moderni e sostenibili\u00bb.<\/p>\n<p>Un edificio green: sul tetto verr\u00e0 installato un impianto fotovoltaico da due megawatt per garantire sostenibilit\u00e0 e risparmio energetico. Ma quello di Corridonia sar\u00e0 anche un polo hi-tech. \u00c8previsto infatti l\u2019utilizzo dell\u2019AutoStore, un sistema di stoccaggio e prelievo automatizzato basato su tecnologia cubica: una delle soluzioni pi\u00f9 efficienti al mondo per l\u2019automazione del magazzino. Ma al centro del progetto ci sono le persone.<\/p>\n<p>\u00abIn termini occupazionali &#8211; sottolinea Cossiri &#8211; potrebbero essere inseriti nei prossimi tre anni circa 18 nuovi collaboratori tra logistici, commerciali e tecnici in conseguenza dell\u2019apertura del polo di Corridonia. Allo stesso tempo, con il trasferimento nella nuova struttura, garantiremo condizioni di lavoro pi\u00f9 confortevoli anche per i 75 collaboratori impegnati nell\u2019attuale polo di Sforzacosta\u00bb. <\/p>\n","protected":false},"excerpt":{"rendered":"MACERATA Un nuovo polo industriale al confine tra Macerata e Corridonia. Il maxi progetto, a distanza di 17&hellip;\n","protected":false},"author":3,"featured_media":387969,"comment_status":"","ping_status":"","sticky":false,"template":"","format":"standard","meta":{"footnotes":"","_share_on_mastodon":"0"},"categories":[1458],"tags":[1537,90,89,2635,11804,222635,1840,245,244],"class_list":["post-387968","post","type-post","status-publish","format-standard","has-post-thumbnail","category-rugby","tag-it","tag-italia","tag-italy","tag-iter","tag-macerata","tag-rema-tarlazzi","tag-rugby","tag-sport","tag-sports"],"share_on_mastodon":{"url":"https:\/\/pubeurope.com\/@it\/116199736309458527","error":""},"_links":{"self":[{"href":"https:\/\/www.europesays.com\/it\/wp-json\/wp\/v2\/posts\/387968","targetHints":{"allow":["GET"]}}],"collection":[{"href":"https:\/\/www.europesays.com\/it\/wp-json\/wp\/v2\/posts"}],"about":[{"href":"https:\/\/www.europesays.com\/it\/wp-json\/wp\/v2\/types\/post"}],"author":[{"embeddable":true,"href":"https:\/\/www.europesays.com\/it\/wp-json\/wp\/v2\/users\/3"}],"replies":[{"embeddable":true,"href":"https:\/\/www.europesays.com\/it\/wp-json\/wp\/v2\/comments?post=387968"}],"version-history":[{"count":0,"href":"https:\/\/www.europesays.com\/it\/wp-json\/wp\/v2\/posts\/387968\/revisions"}],"wp:featuredmedia":[{"embeddable":true,"href":"https:\/\/www.europesays.com\/it\/wp-json\/wp\/v2\/media\/387969"}],"wp:attachment":[{"href":"https:\/\/www.europesays.com\/it\/wp-json\/wp\/v2\/media?parent=387968"}],"wp:term":[{"taxonomy":"category","embeddable":true,"href":"https:\/\/www.europesays.com\/it\/wp-json\/wp\/v2\/categories?post=387968"},{"taxonomy":"post_tag","embeddable":true,"href":"https:\/\/www.europesays.com\/it\/wp-json\/wp\/v2\/tags?post=387968"}],"curies":[{"name":"wp","href":"https:\/\/api.w.org\/{rel}","templated":true}]}}