{"id":388516,"date":"2026-03-09T23:07:11","date_gmt":"2026-03-09T23:07:11","guid":{"rendered":"https:\/\/www.europesays.com\/it\/388516\/"},"modified":"2026-03-09T23:07:11","modified_gmt":"2026-03-09T23:07:11","slug":"urbanistica-a-milano-il-tribunale-risequestra-il-cantiere-di-viale-papiniano-bocciata-la-buona-fede-del-costruttore","status":"publish","type":"post","link":"https:\/\/www.europesays.com\/it\/388516\/","title":{"rendered":"Urbanistica a Milano, il tribunale risequestra il cantiere di viale Papiniano: bocciata la \u00abbuona fede\u00bb del costruttore"},"content":{"rendered":"<p>    di<br \/>\n    Luigi Ferrarella<\/p>\n<p class=\"summary-art is-line-h-12\">La torre di otto piani, pi\u00f9 due interrati, sta sorgendo sopra un ex laboratorio commerciale. Per le pm il cantiere andava sequestrato in quanto lottizzazione abusiva, ma il gip aveva rigettato l&#8217;istanza. Ora il Riesame ha accolto l&#8217;appello della Procura<\/p>\n<p class=\"chapter-paragraph\">Prima no, poi s\u00ec, adesso di nuovo no: stavolta<b> a escludere che il privato costruttore possa invocare l\u2019argomento della \u00abbuona fede\u00bb<\/b> <a href=\"https:\/\/milano.corriere.it\/notizie\/cronaca\/25_dicembre_14\/milano-il-paradosso-della-torre-di-via-anfiteatro-legale-per-i-tribunali-amministrativi-ora-e-sotto-sequestro-ec2a36ca-fe57-499d-8f6e-3995f9abaxlk.shtml\" title=\"Milano, il paradosso della torre di via Anfiteatro: legale per i tribunali amministrativi, ora \u00e8 sotto sequestro\" rel=\"nofollow noopener\" target=\"_blank\">nei rapporti con il Comune<\/a>, rispetto alla complicazione di parametri urbanistici contestati negli ultimi mesi dalla Procura, \u00e8<b> il Tribunale del Riesame <\/b>di Milano, che accoglie l\u2019appello con il quale le pm Luisa Baima Bollone e Giovanna Cavalleri chiedevano di riformare il provvedimento con il quale la <b>giudice delle indagini preliminari Sonia Mancini aveva respinto la loro richiesta di sequestrare per lottizzazione abusiva <\/b>(semplice autorizzazione Scia anzich\u00e9 piano attuativo) <a href=\"https:\/\/milano.corriere.it\/notizie\/cronaca\/26_gennaio_25\/milano-dissequestrato-il-cantiere-di-torre-unico-brera-le-famiglie-sospese-ora-soluzioni-chiare-07aecd76-f968-49fb-9b0a-ef3a27ae1xlk.shtml\" title=\"Milano, dissequestrato il cantiere di Torre Unico-Brera, le famiglie sospese: \u00abOra soluzioni chiare\u00bb\" rel=\"nofollow noopener\" target=\"_blank\">il cantiere di viale Papiniano 48<\/a><b>, otto piani <\/b>residenziali pi\u00f9 due sottoterra che<b> stanno<\/b><a href=\"https:\/\/milano.corriere.it\/notizie\/cronaca\/25_novembre_13\/urbanistica-milano-sequestrato-palazzo-di-8-piani-in-costruzione-in-viale-papiniano-risultava-come-ristrutturazione-di-un-bb5b9cfe-a898-4ff8-8d09-30b12326bxlk.shtml\" rel=\"nofollow noopener\" target=\"_blank\"> sorgendo sopra un demolito laboratorio commerciale di due piani pi\u00f9 uno sottoterra.<\/a> <b>Indagati <\/b>per gli ipotizzati reati urbanistici dal 2024 a oggi sono<b> il direttore dei lavori Mauro Colombo<\/b> e il legale rappresentante e amministratore unico della <b>Papiniano 48 srl<\/b> e della<b> Mur\u00e8 Costruzioni srl,<\/b> <b>Salvatore Mur\u00e8.<\/b><\/p>\n<p>    Il discrimine della delibera 2024<\/p>\n<p class=\"chapter-paragraph\">La relatrice Teresa Guadagnino con la presidente Carla Galli e il collega Alberto Nosenzo rimarcano infatti che con la delibera del 2024 il Comune, viste le prime indagini e pur prevedendo ancora delle eccezioni alla necessit\u00e0 di ottenere un piano attuativo nonostante l&#8217;intervento edilizio superi i 25 metri di altezza e\/o tre metri cubi per metro quadrato, aveva escluso da tali eccezioni le ipotesi, come il caso di viale  Papiniano, in cui fossero ravvisabili \u00abelementi di scostamento rispetto alle norme morfologiche previste dal piano generale del territorio\u00bb. La difesa, con l\u2019avvocato Alberto Sirani, aveva opposto il fatto che per\u00f2 questo contrordine del Comune fosse arrivata quando erano gi\u00e0 scaduti i termini per l\u2019autotutela dell\u2019amministrazione: tuttavia il Tribunale del Riesame valuta questo come solo \u00abun vizio di natura amministrativa dell&#8217;atto, mentre \u00e8 chiaro che la societ\u00e0 Papiniano 48 srl, sin dal febbraio 2024 e sicuramente sin dal 30 maggio 2024, ha appreso che l&#8217;intervento, a<b>vendo a oggetto un edificio di altezza superiore a 25 metri e un volume superiore a 3 metri cubi per metro quadrato <\/b>ed essendo caratterizzato da elementi di scostamento rispetto alle norme morfologiche previste dal Pgt, ne<b>cessitava di un piano attuativo<\/b>. Da questo momento la societ\u00e0 &#8211; per i giudici &#8211;  non poteva che avere pi\u00f9 di qualche dubbio in ordine alla legittimit\u00e0 del titolo in base al quale stava operando, anche perch\u00e8 l&#8217;intervento rientrava proprio tra quelli considerati dalla richiamata delibera di Giunta n. 199 del 23.2.2024 e tutti gli operatori del settore, se non anche i comuni cittadini, erano ormai a conoscenza del fatto che la Procura  di Milano stesse ipotizzando il reato di lottizzazione abusiva in tutti i casi di costruzione di edifici effettuata mediante Scia rilasciata dal Comune per lavori di ristrutturazione\u00bb.    &#13;<br \/>\n&#13;<br \/>\n&#13;<br \/>\n&#13;<br \/>\n&#13;<br \/>\n&#13;<br \/>\n&#13;<br \/>\n&#13;<br \/>\n&#13;<br \/>\n&#13;<br \/>\n&#13;<br \/>\n&#13;<br \/>\n&#13;<br \/>\n&#13;<br \/>\n&#13;<br \/>\n&#13;<br \/>\n&#13;<br \/>\n&#13;<br \/>\n&#13;<br \/>\n&#13;<br \/>\n&#13;<br \/>\n&#13;<br \/>\n&#13;<br \/>\n&#13;<br \/>\n&#13;<br \/>\n&#13;<br \/>\n&#13;<br \/>\n&#13;<br \/>\n&#13;<br \/>\n&#13;<br \/>\n&#13;<br \/>\n&#13;<br \/>\n&#13;<br \/>\n&#13;<br \/>\n&#13;<br \/>\n&#13;<br \/>\n&#13;<br \/>\n&#13;<br \/>\n&#13;<br \/>\n&#13;<br \/>\n&#13;<br \/>\n&#13;<br \/>\n&#13;<br \/>\n&#13;<br \/>\n&#13;<br \/>\n&#13;<br \/>\n&#13;<br \/>\n&#13;<br \/>\n&#13;<br \/>\n&#13;<br \/>\n&#13;<br \/>\n&#13;<br \/>\n&#13;\n<\/p>\n<p>    L\u2019opinione del privato non basta<\/p>\n<p class=\"chapter-paragraph\">Perci\u00f2 il Riesame<b> ravvisa qui <\/b>(a livello quantomeno  di fumus  cautelare, poi da approfondire nel giudizio) <b>comunque una colpa del costruttore<\/b>,  che \u00abnon pu\u00f2 essere esclusa per il solo fatto che il privato abbia operato interfacciandosi costantemente con la Pubblica amministrazione. Nel caso di specie,<b> la ritenuta illegittimit\u00e0 del titolo edilizio rilasciato nel 2023<\/b> \u00e8 stata addirittura comunicata all&#8217;indagato dallo stesso Comune e, come rileva il pm, non \u00e8 ammissibile valorizzare, ai fini del riconoscimento della buona fede, una differente interpretazione o opinione da parte del privato rispetto a chiare e ribadite indicazioni difformi provenienti dall&#8217;Amministrazione. N\u00e8 appare ammissibile rimettere alla valutazione del privato la sussistenza o meno di parametri che possono far ritenere superflue (o addirittura non attuabili) ulteriori opere di urbanizzazione connesse ad un edificio di nuova costruzione\u00bb,  riferimento alla categoria del lotto intercluso.<\/p>\n<p class=\"is-mr-t-20 is-mr-b-20\"><b><br \/>\n                    <a href=\"https:\/\/milano.corriere.it\/?intcmp=Notizielocali_nd_010623_corriere_ss_milano\" target=\"_blank\" rel=\"nofollow noopener\">Vai a tutte le notizie di Milano<\/a><br \/>\n            <\/b><\/p>\n<p class=\"chapter-paragraph\"><b><a href=\"https:\/\/www.corriere.it\/newsletter\/?theme=41&amp;intcmp=IIIcolonna_NL_CorMilano\" target=\"_blank\" rel=\"nofollow noopener\">Iscriviti alla newsletter di Corriere Milano<\/a><\/b><\/p>\n<p class=\"is-last-update\" datetime=\"2026-03-09T23:56:04+01:00\">9 marzo 2026 ( modifica il 9 marzo 2026 | 23:56)<\/p>\n<p class=\"is-copyright\">\n            \u00a9 RIPRODUZIONE RISERVATA\n        <\/p>\n","protected":false},"excerpt":{"rendered":"di Luigi Ferrarella La torre di otto piani, pi\u00f9 due interrati, sta sorgendo sopra un ex laboratorio commerciale.&hellip;\n","protected":false},"author":3,"featured_media":388517,"comment_status":"","ping_status":"","sticky":false,"template":"","format":"standard","meta":{"footnotes":"","_share_on_mastodon":"0"},"categories":[79],"tags":[107270,3811,1493,6902,31,222838,840,6876,6090,6908,9000,222839,222840,3715,393,6887,6919,14,93,94,61493,222841,222842,2696,6934,327,1537,90,89,150753,222837,3203,28,7,15,152701,5534,975,6877,2439,6894,282,22255,1270,3892,11,84,91,12,85,92,9776,152706],"class_list":["post-388516","post","type-post","status-publish","format-standard","has-post-thumbnail","category-italia","tag-abusiva","tag-addirittura","tag-alberto","tag-altezza","tag-amministrazione","tag-ammissibile","tag-appello","tag-attuativo","tag-buona","tag-buona-fede","tag-cantiere","tag-cantiere-viale","tag-cantiere-viale-papiniano","tag-commerciale","tag-comune","tag-costruttore","tag-costruzione","tag-cronaca","tag-cronaca-italiana","tag-cronacaitaliana","tag-cubi","tag-cubi-metro","tag-cubi-metro-quadrato","tag-delibera","tag-fede","tag-intervento","tag-it","tag-italia","tag-italy","tag-lottizzazione","tag-lottizzazione-abusiva","tag-metri","tag-milano","tag-news","tag-notizie","tag-papiniano","tag-piani","tag-piano","tag-piano-attuativo","tag-pm","tag-privato","tag-procura","tag-riesame","tag-rispetto","tag-tribunale","tag-ultime-notizie","tag-ultime-notizie-e-news-di-oggi","tag-ultime-notizie-italia","tag-ultimenotizie","tag-ultimenotizieenewsdioggi","tag-ultimenotizieitalia","tag-viale","tag-viale-papiniano"],"share_on_mastodon":{"url":"","error":"Validation failed: Text character limit of 500 exceeded"},"_links":{"self":[{"href":"https:\/\/www.europesays.com\/it\/wp-json\/wp\/v2\/posts\/388516","targetHints":{"allow":["GET"]}}],"collection":[{"href":"https:\/\/www.europesays.com\/it\/wp-json\/wp\/v2\/posts"}],"about":[{"href":"https:\/\/www.europesays.com\/it\/wp-json\/wp\/v2\/types\/post"}],"author":[{"embeddable":true,"href":"https:\/\/www.europesays.com\/it\/wp-json\/wp\/v2\/users\/3"}],"replies":[{"embeddable":true,"href":"https:\/\/www.europesays.com\/it\/wp-json\/wp\/v2\/comments?post=388516"}],"version-history":[{"count":0,"href":"https:\/\/www.europesays.com\/it\/wp-json\/wp\/v2\/posts\/388516\/revisions"}],"wp:featuredmedia":[{"embeddable":true,"href":"https:\/\/www.europesays.com\/it\/wp-json\/wp\/v2\/media\/388517"}],"wp:attachment":[{"href":"https:\/\/www.europesays.com\/it\/wp-json\/wp\/v2\/media?parent=388516"}],"wp:term":[{"taxonomy":"category","embeddable":true,"href":"https:\/\/www.europesays.com\/it\/wp-json\/wp\/v2\/categories?post=388516"},{"taxonomy":"post_tag","embeddable":true,"href":"https:\/\/www.europesays.com\/it\/wp-json\/wp\/v2\/tags?post=388516"}],"curies":[{"name":"wp","href":"https:\/\/api.w.org\/{rel}","templated":true}]}}