{"id":388658,"date":"2026-03-10T01:16:16","date_gmt":"2026-03-10T01:16:16","guid":{"rendered":"https:\/\/www.europesays.com\/it\/388658\/"},"modified":"2026-03-10T01:16:16","modified_gmt":"2026-03-10T01:16:16","slug":"juventus-chi-lascia-fra-david-e-openda-idee-chiare-lo-scenario-per-lestate","status":"publish","type":"post","link":"https:\/\/www.europesays.com\/it\/388658\/","title":{"rendered":"Juventus, chi lascia fra David e Openda? Idee chiare, lo scenario per l&#8217;estate"},"content":{"rendered":"<p>C&#8217;\u00e8 uno scenario preciso pensato dalla dirigenza bianconera in vista dell&#8217;estate.<\/p>\n<p>Una vittoria convincente per la <strong>Juventus <\/strong>di Luciano <strong>Spalletti<\/strong> che esce da un tunnel buio che la vedeva senza successi dal 4-1 del 1\u00b0 febbraio contro il Parma &#8211; almeno in campionato &#8211; e torna a prendersi il bottino pieno con i tre punti conquistati in casa allo Stadium con il Pisa.<\/p>\n<p>Un successo, per\u00f2, che non ha visto protagonisti gli uomini che attualmente &#8211; in attesa del ritorno in campo di Dusan <strong>Vlahovic<\/strong> &#8211; compongono il reparto offensivo in posizione centrale: Jonathan <strong>David<\/strong> e Lois <strong>Openda<\/strong>.<\/p>\n<p>L&#8217;attaccante canadese ha deluso le aspettative e ha continuato il suo digiuno che dura ormai da pi\u00f9 di un mese (proprio dalla gara col Parma): ha s\u00ec lavorato molto per la squadra, ma \u00e8 stato quasi sempre annullato dalla difesa dei toscani nei pochi tentativi sotto porta.<\/p>\n<p>Il belga, invece, ha vissuto la gara dalla panchina per tutti i 90 minuti e &#8211; tolto il match con il Como &#8211; ha messo insieme 100 minuti complessivi nelle ultime undici gare. Dunque, il quesito diventa evidente: a chi rinuncer\u00e0 la Vecchia Signora in estate?<\/p>\n","protected":false},"excerpt":{"rendered":"C&#8217;\u00e8 uno scenario preciso pensato dalla dirigenza bianconera in vista dell&#8217;estate. Una vittoria convincente per la Juventus di&hellip;\n","protected":false},"author":3,"featured_media":388659,"comment_status":"","ping_status":"","sticky":false,"template":"","format":"standard","meta":{"footnotes":"","_share_on_mastodon":"0"},"categories":[176],"tags":[353,50608,1537,90,89,102158,558,245,244,355],"class_list":["post-388658","post","type-post","status-publish","format-standard","has-post-thumbnail","category-sport","tag-calciomercato","tag-i-openda","tag-it","tag-italia","tag-italy","tag-j-david","tag-juventus","tag-sport","tag-sports","tag-transfers"],"share_on_mastodon":{"url":"https:\/\/pubeurope.com\/@it\/116202241109391331","error":""},"_links":{"self":[{"href":"https:\/\/www.europesays.com\/it\/wp-json\/wp\/v2\/posts\/388658","targetHints":{"allow":["GET"]}}],"collection":[{"href":"https:\/\/www.europesays.com\/it\/wp-json\/wp\/v2\/posts"}],"about":[{"href":"https:\/\/www.europesays.com\/it\/wp-json\/wp\/v2\/types\/post"}],"author":[{"embeddable":true,"href":"https:\/\/www.europesays.com\/it\/wp-json\/wp\/v2\/users\/3"}],"replies":[{"embeddable":true,"href":"https:\/\/www.europesays.com\/it\/wp-json\/wp\/v2\/comments?post=388658"}],"version-history":[{"count":0,"href":"https:\/\/www.europesays.com\/it\/wp-json\/wp\/v2\/posts\/388658\/revisions"}],"wp:featuredmedia":[{"embeddable":true,"href":"https:\/\/www.europesays.com\/it\/wp-json\/wp\/v2\/media\/388659"}],"wp:attachment":[{"href":"https:\/\/www.europesays.com\/it\/wp-json\/wp\/v2\/media?parent=388658"}],"wp:term":[{"taxonomy":"category","embeddable":true,"href":"https:\/\/www.europesays.com\/it\/wp-json\/wp\/v2\/categories?post=388658"},{"taxonomy":"post_tag","embeddable":true,"href":"https:\/\/www.europesays.com\/it\/wp-json\/wp\/v2\/tags?post=388658"}],"curies":[{"name":"wp","href":"https:\/\/api.w.org\/{rel}","templated":true}]}}