{"id":388762,"date":"2026-03-10T02:58:12","date_gmt":"2026-03-10T02:58:12","guid":{"rendered":"https:\/\/www.europesays.com\/it\/388762\/"},"modified":"2026-03-10T02:58:12","modified_gmt":"2026-03-10T02:58:12","slug":"timothee-chalamet-contro-balletto-e-opera-addio-oscar-2026","status":"publish","type":"post","link":"https:\/\/www.europesays.com\/it\/388762\/","title":{"rendered":"Timoth\u00e9e Chalamet contro balletto e opera: addio Oscar 2026?"},"content":{"rendered":"<p data-journey-content=\"true\" data-node-id=\"3\" class=\"css-6wxqfj emevuu60\">L&#8217;incubo di ogni manager e publicist e responsabile delle PR e casa cinematografica si \u00e8 materializzato a una settimana dagli <strong data-node-id=\"3.1\"><a href=\"https:\/\/www.elle.com\/it\/showbiz\/cinema\/a70089813\/oscar-2026-nomination\/\" target=\"_blank\" data-vars-ga-outbound-link=\"https:\/\/www.elle.com\/it\/showbiz\/cinema\/a70089813\/oscar-2026-nomination\/\" data-vars-ga-ux-element=\"Hyperlink\" data-vars-ga-call-to-action=\"Oscar 2026\" data-node-id=\"3.1.0\" class=\"body-link css-ohbdae emevuu60\" rel=\"nofollow noopener\">Oscar 2026<\/a><\/strong>, trasfigurando &#8211; non si sa ancora se con conseguenze importanti sulla sua carriera &#8211; l&#8217;immagine di uno degli attori pi\u00f9 amati, promettenti e capaci della sua generazione, ovvero <strong data-node-id=\"3.5\"><a href=\"https:\/\/www.elle.com\/it\/showbiz\/celebrities\/a69878208\/timothee-chalamet-marty-supreme-trasformazione\/\" target=\"_blank\" data-vars-ga-outbound-link=\"https:\/\/www.elle.com\/it\/showbiz\/celebrities\/a69878208\/timothee-chalamet-marty-supreme-trasformazione\/\" data-vars-ga-ux-element=\"Hyperlink\" data-vars-ga-call-to-action=\"Timoth\u00e9e Chalamet\" data-node-id=\"3.5.0\" class=\"body-link css-ohbdae emevuu60\" rel=\"nofollow noopener\">Timoth\u00e9e Chalamet<\/a><\/strong>. <\/p>\n<p data-journey-content=\"true\" data-node-id=\"8\" class=\"css-6wxqfj emevuu60\">Chalamet che, come ormai tutti sanno, \u00e8 in corsa proprio per la statuetta pi\u00f9 prestigiosa di tutti, l&#8217;Oscar come Miglior Attore Protagonista per la sua interpretazione nel film di Josh Safdie <strong data-node-id=\"8.1\"><a href=\"https:\/\/www.elle.com\/it\/showbiz\/cinema\/a69470383\/marty-supreme-date-cast-rumors-news-film-timothee-chalamet\/\" target=\"_blank\" data-vars-ga-outbound-link=\"https:\/\/www.elle.com\/it\/showbiz\/cinema\/a69470383\/marty-supreme-date-cast-rumors-news-film-timothee-chalamet\/\" data-vars-ga-ux-element=\"Hyperlink\" data-vars-ga-call-to-action=\"Marty Supreme\" data-node-id=\"8.1.0.0\" class=\"body-link css-ohbdae emevuu60\" rel=\"nofollow noopener\">Marty Supreme<\/a>. <\/strong>Osannato dalla critica e dal pubblico, l&#8217;attore newyorkese sembrava avere in tasca la vittoria, anche a costo di rubarla a colossi come <a href=\"https:\/\/www.elle.com\/it\/showbiz\/celebrities\/a70379889\/leonardo-dicaprio-titanic-fama-successo-ragazze-oggettivazione-carriera-attore\/\" target=\"_blank\" data-vars-ga-outbound-link=\"https:\/\/www.elle.com\/it\/showbiz\/celebrities\/a70379889\/leonardo-dicaprio-titanic-fama-successo-ragazze-oggettivazione-carriera-attore\/\" data-vars-ga-ux-element=\"Hyperlink\" data-vars-ga-call-to-action=\"Leonardo DiCaprio\" data-node-id=\"8.3\" class=\"body-link css-ohbdae emevuu60\" rel=\"nofollow noopener\">Leonardo DiCaprio<\/a> e Ethan Hawke. Invece una <strong data-node-id=\"8.7\">battuta infelice sul balletto e sull&#8217;opera<\/strong>, che secondo lui &#8220;non interessano pi\u00f9 a nessuno&#8221;, ha mandato in tilt le quotazioni, scatenato le reazioni dei teatri e degli \u00e9toiles di mezzo mondo.<\/p>\n<p>Timoth\u00e9e Chalamet e quell&#8217;infelice battuta sul balletto<\/p>\n<p data-journey-content=\"true\" data-node-id=\"18\" class=\"css-6wxqfj emevuu60\">\u00c8 andata cos\u00ec: in un&#8217;intervista per Variety e CNN con il collega <strong data-node-id=\"18.5\">Matthew McConaughey<\/strong>, commentando la soglia dell&#8217;attenzione ormai bassissima degli spettatori causa scrolling social e il suo impegno da artista a non far morire il cinema e la sua arte, a Chalamet \u00e8 scappato in modo un po&#8217; troppo incurante (soprattutto per un attore media-trained, dunque ben istruito a stare e parlare con la stampa com&#8217;\u00e8 lui) un commento sul balletto e nel mondo dell&#8217;opera. &#8220;<strong data-node-id=\"18.8\">Non voglio che il cinema diventi come l&#8217;opera e il balletto, un settore dove la gente si impegna a mantenere viva un&#8217;arte di cui non importa pi\u00f9 a nessuno<\/strong>&#8221; \u00e8 la frase incriminata, mal strutturata e dunque diventata virale.<strong data-node-id=\"18.12\"\/> L&#8217;impatto nefasto della battuta, essendo appunto Chalamet un attore giovane ma comunque molto navigato, si \u00e8 abbattuto subito sulla conversazione, e anche se l&#8217;artista ha provato a metterci una pezza  (&#8220;Ho un grande rispetto per chi lavora nel settore&#8221;, ha aggiunto alla fine e poi ridendo: &#8220;Con questa frase ho perso il 14% delle visualizzazioni. L&#8217;ho detto senza motivo&#8221;) le reazioni dei diretti interessati non hanno tardato ad arrivare.<\/p>\n<p>La reazione del mondo della danza alla battuta di Timoth\u00e9e Chalamet<\/p>\n<p data-journey-content=\"true\" data-node-id=\"25\" class=\"css-6wxqfj emevuu60\">Dal profilo Instagram del <strong data-node-id=\"25.1\">Teatro alla Scala di Milano<\/strong> hanno fatto sapere che no, non \u00e8 vero che a nessuno importa pi\u00f9 del balletto e dell&#8217;opera, includendo nei frame il pubblico di appassionati che applaude i ballerini sul palco. E lo stesso hanno fatto The<strong data-node-id=\"25.3\"> English National Ballet<\/strong> e la mezzosoprano americana Isabel Leonard, che su Instagram ha scritto: &#8220;Onestamente sono scioccata che qualcuno cos\u00ec di successo possa sembrare cos\u00ec poco eloquente e con la mentalit\u00e0 ristretta circa il mondo dell&#8217;arte, soprattutto considerando se stesso come un artista&#8221;. <\/p>\n<p data-journey-content=\"true\" data-node-id=\"29\" class=\"css-6wxqfj emevuu60\">Anche diverse star, da <strong data-node-id=\"29.1\">Jamie Lee Curtis ad Ashley Graham<\/strong>, hanno ricondiviso post a supporto di questa visione. Il problema della battuta di Chalamet non \u00e8 solo il tono incurante con la quale l&#8217;ha pronunciata, ma soprattutto il fatto che l&#8217;attore di Marty Supreme pare aver rinnegato una delle tante pieghe dell&#8217;arte che lui stesso celebra sul set nei panni dell&#8217;attore, come se esistesse una gerarchia in cui il balletto e l&#8217;opera sono stati tristemente derubricati a spettacoli non necessari.<\/p>\n<p>Timoth\u00e9e Chalamet ha davvero perso il suo Oscar?<\/p>\n<p data-journey-content=\"true\" data-node-id=\"35\" class=\"css-6wxqfj emevuu60\">Dopo il <strong data-node-id=\"35.1\">ballet-gate<\/strong>, come gi\u00e0 lo chiamano i media americani, Chalamet ha deciso di andare in silenzio stampa (in questo momento si trova in Giappone, come sta raccontando sui suoi profili social). Ma gli analisti stanno soppesando le reazioni e<strong data-node-id=\"35.3\"> l&#8217;impatto della sua infelice uscita sui prossimi Oscar <\/strong>per cercare di capire quanto potrebbe pesare sugli esiti finali della competizione degli Academy Awards. <\/p>\n<p data-journey-content=\"true\" data-node-id=\"40\" class=\"css-6wxqfj emevuu60\">L&#8217;anno scorso, per motivi molto gravi &#8211; tweet razzisti resuscitati dal passato sempre alla vigilia dell&#8217;evento &#8211; era toccato a <a href=\"https:\/\/www.elle.com\/it\/showbiz\/cinema\/a63699816\/karla-sofia-gascon-tweet-razzisti-emilia-perez-ultime-news\/\" target=\"_blank\" data-vars-ga-outbound-link=\"https:\/\/www.elle.com\/it\/showbiz\/cinema\/a63699816\/karla-sofia-gascon-tweet-razzisti-emilia-perez-ultime-news\/\" data-vars-ga-ux-element=\"Hyperlink\" data-vars-ga-call-to-action=\"Karla Sof\u00eca Gasc\u00f3n\" data-node-id=\"40.1\" class=\"body-link css-ohbdae emevuu60\" rel=\"nofollow noopener\">Karla Sof\u00eca Gasc\u00f3n<\/a>, attrice del pluripremiato film <strong data-node-id=\"40.3\">Emilia P\u00e9rez<\/strong>, che aveva dovuto fare un passo indietro sulla sua nomination incalzata dai colleghi, dagli addetti ai lavori e dal pubblico, per via delle sue uscite infelici. L&#8217;Academy, insomma, non perdona gli errori di nessun genere e grado e per questo la battuta di Chalamet \u00e8 stata ritenuta molto grave, soprattutto considerate le reazioni del mondo del balletto. <strong data-node-id=\"40.5\">Il 15 marzo, nella fatidica notte degli Oscar<\/strong>, scopriremo se l&#8217;attore riuscir\u00e0 a portarsi a casa la statuetta che in tanti, ormai da mesi, considerano gi\u00e0 sua. <\/p>\n<p>Related Stories<\/p>\n","protected":false},"excerpt":{"rendered":"L&#8217;incubo di ogni manager e publicist e responsabile delle PR e casa cinematografica si \u00e8 materializzato a una&hellip;\n","protected":false},"author":3,"featured_media":388763,"comment_status":"","ping_status":"","sticky":false,"template":"","format":"standard","meta":{"footnotes":"","_share_on_mastodon":"0"},"categories":[1451],"tags":[1621,1620,203,204,1537,90,89,31375],"class_list":["post-388762","post","type-post","status-publish","format-standard","has-post-thumbnail","category-celebrita","tag-celebrita","tag-celebrities","tag-entertainment","tag-intrattenimento","tag-it","tag-italia","tag-italy","tag-timothee-chalamet"],"share_on_mastodon":{"url":"https:\/\/pubeurope.com\/@it\/116202642084267865","error":""},"_links":{"self":[{"href":"https:\/\/www.europesays.com\/it\/wp-json\/wp\/v2\/posts\/388762","targetHints":{"allow":["GET"]}}],"collection":[{"href":"https:\/\/www.europesays.com\/it\/wp-json\/wp\/v2\/posts"}],"about":[{"href":"https:\/\/www.europesays.com\/it\/wp-json\/wp\/v2\/types\/post"}],"author":[{"embeddable":true,"href":"https:\/\/www.europesays.com\/it\/wp-json\/wp\/v2\/users\/3"}],"replies":[{"embeddable":true,"href":"https:\/\/www.europesays.com\/it\/wp-json\/wp\/v2\/comments?post=388762"}],"version-history":[{"count":0,"href":"https:\/\/www.europesays.com\/it\/wp-json\/wp\/v2\/posts\/388762\/revisions"}],"wp:featuredmedia":[{"embeddable":true,"href":"https:\/\/www.europesays.com\/it\/wp-json\/wp\/v2\/media\/388763"}],"wp:attachment":[{"href":"https:\/\/www.europesays.com\/it\/wp-json\/wp\/v2\/media?parent=388762"}],"wp:term":[{"taxonomy":"category","embeddable":true,"href":"https:\/\/www.europesays.com\/it\/wp-json\/wp\/v2\/categories?post=388762"},{"taxonomy":"post_tag","embeddable":true,"href":"https:\/\/www.europesays.com\/it\/wp-json\/wp\/v2\/tags?post=388762"}],"curies":[{"name":"wp","href":"https:\/\/api.w.org\/{rel}","templated":true}]}}