{"id":389304,"date":"2026-03-10T12:04:14","date_gmt":"2026-03-10T12:04:14","guid":{"rendered":"https:\/\/www.europesays.com\/it\/389304\/"},"modified":"2026-03-10T12:04:14","modified_gmt":"2026-03-10T12:04:14","slug":"bierhoff-intervista-milan-puoi-rimontare-linter-nel-99-recuperammo-la-lazio","status":"publish","type":"post","link":"https:\/\/www.europesays.com\/it\/389304\/","title":{"rendered":"Bierhoff Intervista: &#8220;Milan, puoi rimontare l&#8217;Inter: nel &#8217;99 recuperammo la Lazio&#8221;"},"content":{"rendered":"<p>                                L&#8217;ex attaccante rossonero, protagonista della remuntada-scudetto del 1998-99, crede anche nel Diavolo di oggi: &#8220;Quando sei dietro per\u00f2 non serve fare calcoli: prima di tutto bisogna vincere il pi\u00f9 possibile, senza sprecare energie nervose&#8221;<\/p>\n<p>            <a class=\"image is-50x50\" href=\"https:\/\/www.gazzetta.it\/redazione\/andrea-ramazzotti\/\" rel=\"nofollow noopener\" target=\"_blank\"><br \/>\n                <img decoding=\"async\" class=\"is-rounded\" src=\"https:\/\/www.europesays.com\/it\/wp-content\/uploads\/2025\/11\/andrea_ramazzotti_avatar.png\" alt=\"Andrea Ramazzotti\"\/><br \/>\n            <\/a><\/p>\n<p>Giornalista<\/p>\n<p>                    10 marzo &#8211; 11:06  &#8211; MILANO<\/p>\n<p class=\"paragraph\" spellcheck=\"true\">Oliver Bierhoff di rimonte se ne intende. C\u2019era lui in attacco nel Milan che nel 1998-99 ha rimontato sette punti nelle ultime sette giornate alla Lazio. La formazione di Zaccheroni conquist\u00f2 lo scudetto in volata, superando i biancocelesti alla penultima giornata e conquistando i tre punti nell\u2019ultimo turno, a Perugia, il 23 maggio 1999. Da allora sono passati quasi 27 anni, ma il bomber tedesco ricorda molti dettagli di quella stagione e, da attento osservatore della Serie A (nonch\u00e9  tifoso delle sue ex formazioni, su tutte il Milan e l\u2019Udinese), vede analogie con il Diavolo di Allegri che \u00e8 tornato in corsa per il tricolore grazie all\u2019affermazione di domenica nel derby.\u00a0<\/p>\n<p class=\"paragraph\" spellcheck=\"true\"><b>Bierhoff, qual \u00e8 stata la chiave per la vostra storica rimonta scudetto?\u00a0<\/b><\/p>\n<p class=\"paragraph\" spellcheck=\"true\">&#8220;Semplice: ci abbiamo creduto e abbiamo messo insieme un filotto clamoroso di vittorie&#8221;.\u00a0<\/p>\n<p class=\"paragraph\" spellcheck=\"true\"><b>Detta cos\u00ec sembra semplice&#8230;\u00a0<\/b><\/p>\n<p class=\"paragraph\" spellcheck=\"true\">&#8220;\u00c8 la realt\u00e0.  Nessuno faceva calcoli, ma  eravamo concentrati solo su noi stessi, sul conquistare pi\u00f9 punti possibili, sull\u2019aiutare i compagni. Eravamo convinti che, facendo il massimo, la Lazio avrebbe commesso qualche passo falso&#8221;.\u00a0<\/p>\n<p class=\"paragraph\" spellcheck=\"true\"><b>In effetti nelle ultime sette partite, il Milan conquist\u00f2 21 punti, mentre i biancocelesti persero due incontri di fila contro la Roma e la Juventus e pareggiarono a Firenze alla penultima.\u00a0<\/b><\/p>\n<p class=\"paragraph\" spellcheck=\"true\">&#8220;Noi invece alla penultima giocammo con l\u2019Empoli e, quando arriv\u00f2 la notizia che i viola erano passati in vantaggio con una rete di Batistuta, il boato di San Siro ci fece scatenare: io segnai tre reti in mezz\u2019ora, a cavallo tra primo e secondo tempo, e vincemmo 4-0. A fine gara eravamo primi in classifica&#8221;.\u00a0<\/p>\n<p class=\"paragraph\" spellcheck=\"true\"><b>E lo scudetto divenne realt\u00e0 una settimana dopo al Curi di Perugia.<\/b><\/p>\n<p class=\"paragraph\" spellcheck=\"true\">&#8220;Esatto. Quando sei dietro per\u00f2 non serve fare calcoli: prima di tutto bisogna  vincere il pi\u00f9 possibile, senza sprecare energie nervose, pensando a dove i diretti concorrenti possono inciampare&#8221;.\u00a0<\/p>\n<p class=\"text\">Ha ragione Allegri: meglio parlare di Champions, cos\u00ec si resta concentrati<\/p>\n<p>Oliver Bierhoff<\/p>\n<p class=\"paragraph\" spellcheck=\"true\"><b>Suona come un consiglio per il Milan di Allegri che dopo il derby si \u00e8 messo alla caccia dell\u2019Inter.\u00a0<\/b><\/p>\n<p class=\"paragraph\" spellcheck=\"true\">&#8220;Secondo me non serve fare tabelle e ha ragione Allegri che continua a parlare di obiettivo Champions da raggiungere. Prima il Milan deve tornare nell\u2019Europa che conta, poi pensare al resto.\u00a0\u00c8 un modo giusto per tenere la squadra concentrata su un traguardo a breve termine&#8221;.\u00a0<\/p>\n<p class=\"paragraph\" spellcheck=\"true\"><b>Qual \u00e8 stata la mossa chiave di Zaccheroni nel 1998-99?\u00a0<\/b><\/p>\n<p class=\"paragraph\" spellcheck=\"true\">&#8220;Il passaggio dal tridente al trequartista dietro le due punte. Zac dimostr\u00f2 grande intelligenza e abbandon\u00f2 il suo 3-4-3 per un modulo che si adattava di pi\u00f9 alle caratteristiche della rosa. Boban alle spalle mie e di Weah fu fondamentale per il cambio di marcia&#8221;.\u00a0<\/p>\n<p class=\"paragraph\" spellcheck=\"true\"><b>Chi \u00e8 il Boban del Milan attuale?\u00a0<\/b><\/p>\n<p class=\"paragraph\" spellcheck=\"true\">&#8220;Impossibile fare paragoni perch\u00e9 ci sono ruoli e caratteristiche diverse, ma, per l\u2019importanza che aveva Zvone in campo e nel gruppo, dico il suo connazionale Modric. Si tratta di due fuoriclasse e due amici. Nessuno dei due si offender\u00e0 (ride, ndr)&#8221;.\u00a0<\/p>\n<p class=\"text\">Modric? I campioni restano tali a tutte le et\u00e0, non si tira indietro<\/p>\n<p>Oliver Bierhoff<\/p>\n<p class=\"paragraph\" spellcheck=\"true\"><b>Modric a quarant\u2019anni fa ancora la differenza. Se lo aspettava?\u00a0<\/b><\/p>\n<p class=\"paragraph\" spellcheck=\"true\">&#8220;I campioni restano tali a tutte le et\u00e0 ed ero convinto che lo avrebbe dimostrato  quando ha firmato per il Milan. Di lui non mi stupiscono le geometrie o la sicurezza che ha in campo, ma quanto corre&#8230; Domenica nel finale ha preso un\u2019ammonizione per proteste dopo aver cercato di recuperare palla vicino all\u2019area avversaria: forse sapeva che bisognava spezzettare il ritmo del match per difendere il risultato e non si \u00e8 tirato indietro. D\u00e0 una mano in entrambe le fasi e si \u00e8 rivelato un grande colpo&#8221;.\u00a0<\/p>\n<p class=\"paragraph\" spellcheck=\"true\"><b>Giusto che rimanga a Milano, dunque&#8230;\u00a0<\/b><\/p>\n<p class=\"paragraph\" spellcheck=\"true\">&#8220;Per il bene del Milan e del calcio italiano dico di s\u00ec. Un altro Modric in giro non c\u2019\u00e8\u00bb.\u00a0<\/p>\n<p class=\"paragraph\" spellcheck=\"true\"><b>Voi in mezzo  avevate Albertini, altro leader vero. Nel Milan attuale un ruolo chiave lo ha Rabiot, il francese che guida e trascina.\u00a0<\/b><\/p>\n<p class=\"paragraph\" spellcheck=\"true\">&#8220;Con Albertini a centrocampo potevi stare  tranquillo perch\u00e9 leggeva le partite come pochi: controllava il ritmo da regista, ma quando c\u2019era da recuperare il pallone, non si tirava  indietro. Rabiot \u00e8 impressionante: \u00e8 una mezzala che ha tecnica e fisico, senso del gol e capacit\u00e0 di sacrificarsi. Nel derby ha preso delle belle botte senza mai tirarsi indietro o fermarsi neppure nel recupero&#8221;.\u00a0<\/p>\n<p class=\"paragraph\" spellcheck=\"true\"><b>Peccato che questo Milan non abbia i gol che garantivate lei e Weah a Zaccheroni.\u00a0<\/b><\/p>\n<p class=\"paragraph\" spellcheck=\"true\">&#8220;George e io ci trovavamo bene, ma il merito era anche del mister e dei suoi schemi. Lui di attaccanti ne ha valorizzati tanti anche a Udine, da Poggi ad Amoroso. Pensate sia un caso?&#8221;.\u00a0<\/p>\n<p class=\"paragraph\" spellcheck=\"true\"><b>Leao e Pulisic invece nel 2026 stanno faticando.\u00a0<\/b><\/p>\n<p class=\"paragraph\" spellcheck=\"true\">&#8220;I loro gol vedrete che arriveranno, ma sono convinto che segner\u00e0 anche il mio connazionale  F\u00fcllkrug che \u00e8 un bravo ragazzo e che pu\u00f2 far comodo con le sue caratteristiche&#8221;.<\/p>\n<p class=\"text\">Milan, io ci credo. Ma non devi avere l&#8217;ansia di recuperare l&#8217;Inter<\/p>\n<p>Oliver Bierhoff<\/p>\n<p class=\"paragraph\" spellcheck=\"true\"><b>Lei quindi crede alla rimonta bis del Milan?\u00a0<\/b><\/p>\n<p class=\"paragraph\" spellcheck=\"true\">&#8220;S\u00ec. Nel derby ho visto una squadra motivata, che ha fiducia e ha disputato un ottimo primo tempo. Forse nella ripresa si \u00e8 abbassata un po\u2019 troppo, ma ha resistito.\u00a0\u00c8 un segnale chiaro che, nonostante di fronte ci fosse l\u2019Inter, l\u00e0 dietro c\u2019\u00e8 organizzazione e voglia di soffrire&#8221;.\u00a0<\/p>\n<p class=\"paragraph\" spellcheck=\"true\"><b>Qual \u00e8 il pericolo maggiore per il Diavolo?\u00a0<\/b><\/p>\n<p><a class=\"is-partner-link\" href=\"https:\/\/abbonamenti.gazzetta.it\/calciatori-panini-2025\/?pwcmp_promo_panini_cta&amp;forceBrowser=true\" rel=\"nofollow noopener\" target=\"_blank\">Gazzetta digital + Box Panini + Album a soli 80\u20ac, il modo pi\u00f9 veloce e conveniente per completare la collezione!<\/a><\/p>\n<p class=\"paragraph\" spellcheck=\"true\">&#8220;L\u2019ansia di dover recuperare. Quando sei dietro e  non puoi fallire, pu\u00f2 capire di aver un pizzico di tensione in pi\u00f9. Mi sembra per\u00f2 che l\u2019esperienza non manchi n\u00e9 ad Allegri n\u00e9 al gruppo&#8221;.<\/p>\n<p class=\"is-copyright\">\u00a9 RIPRODUZIONE RISERVATA<\/p>\n","protected":false},"excerpt":{"rendered":"L&#8217;ex attaccante rossonero, protagonista della remuntada-scudetto del 1998-99, crede anche nel Diavolo di oggi: &#8220;Quando sei dietro per\u00f2&hellip;\n","protected":false},"author":3,"featured_media":389305,"comment_status":"","ping_status":"","sticky":false,"template":"","format":"standard","meta":{"footnotes":"","_share_on_mastodon":"0"},"categories":[176],"tags":[57469,3076,1963,13785,160984,3439,223337,223338,14802,20549,223339,223340,921,23885,3845,14377,99622,26944,37037,5187,8001,3876,1112,2118,141571,1975,1976,52,350,1537,90,89,5188,9476,553,223341,5904,1354,126894,4283,21904,21487,4056,4565,223342,223343,8559,1292,12620,15348,46511,3969,2174,16310,24595,6072,14493,2181,223344,245,244,223336],"class_list":["post-389304","post","type-post","status-publish","format-standard","has-post-thumbnail","category-sport","tag-albertini","tag-allegri","tag-attuale","tag-biancocelesti","tag-bierhoff","tag-bisogna","tag-bisogna-vincere","tag-bisogna-vincere-possibile","tag-boban","tag-calcoli","tag-calcoli-bisogna","tag-calcoli-bisogna-vincere","tag-campo","tag-caratteristiche","tag-chiave","tag-connazionale","tag-conquisto","tag-convinto","tag-crede","tag-derby","tag-diavolo","tag-dico","tag-domenica","tag-energie","tag-energie-nervose","tag-giusto","tag-gol","tag-indietro","tag-inter","tag-it","tag-italia","tag-italy","tag-lazio","tag-messo","tag-milan","tag-milan-attuale","tag-modric","tag-ne","tag-nervose","tag-partite","tag-passati","tag-penultima","tag-perugia","tag-possibile","tag-possibile-sprecare","tag-possibile-sprecare-energie","tag-preso","tag-punti","tag-puoi","tag-qual","tag-rabiot","tag-realta","tag-recuperare","tag-rimonta","tag-ritmo","tag-scudetto","tag-semplice","tag-serve","tag-serve-calcoli","tag-sport","tag-sports","tag-zaccheroni"],"share_on_mastodon":{"url":"","error":"Validation failed: Text character limit of 500 exceeded"},"_links":{"self":[{"href":"https:\/\/www.europesays.com\/it\/wp-json\/wp\/v2\/posts\/389304","targetHints":{"allow":["GET"]}}],"collection":[{"href":"https:\/\/www.europesays.com\/it\/wp-json\/wp\/v2\/posts"}],"about":[{"href":"https:\/\/www.europesays.com\/it\/wp-json\/wp\/v2\/types\/post"}],"author":[{"embeddable":true,"href":"https:\/\/www.europesays.com\/it\/wp-json\/wp\/v2\/users\/3"}],"replies":[{"embeddable":true,"href":"https:\/\/www.europesays.com\/it\/wp-json\/wp\/v2\/comments?post=389304"}],"version-history":[{"count":0,"href":"https:\/\/www.europesays.com\/it\/wp-json\/wp\/v2\/posts\/389304\/revisions"}],"wp:featuredmedia":[{"embeddable":true,"href":"https:\/\/www.europesays.com\/it\/wp-json\/wp\/v2\/media\/389305"}],"wp:attachment":[{"href":"https:\/\/www.europesays.com\/it\/wp-json\/wp\/v2\/media?parent=389304"}],"wp:term":[{"taxonomy":"category","embeddable":true,"href":"https:\/\/www.europesays.com\/it\/wp-json\/wp\/v2\/categories?post=389304"},{"taxonomy":"post_tag","embeddable":true,"href":"https:\/\/www.europesays.com\/it\/wp-json\/wp\/v2\/tags?post=389304"}],"curies":[{"name":"wp","href":"https:\/\/api.w.org\/{rel}","templated":true}]}}