{"id":389761,"date":"2026-03-10T18:37:12","date_gmt":"2026-03-10T18:37:12","guid":{"rendered":"https:\/\/www.europesays.com\/it\/389761\/"},"modified":"2026-03-10T18:37:12","modified_gmt":"2026-03-10T18:37:12","slug":"sabalenka-a-indian-wells-con-lanello-da-un-milione-anche-in-campo-spero-che-il-diamante-distragga-le-mie-avversarie","status":"publish","type":"post","link":"https:\/\/www.europesays.com\/it\/389761\/","title":{"rendered":"Sabalenka a Indian Wells con l&#8217;anello da un milione anche in campo: \u00abSpero che il diamante distragga le mie avversarie\u00bb"},"content":{"rendered":"<p>    di<br \/>\n    Maria Strada<\/p>\n<p class=\"summary-art is-line-h-12\">Dopo il fidanzamento e il romantico video della scorsa settimana, la n. 1 del mondo sfoggia il suo anello da un milione di dollari non solo in conferenza stampa o alle premiazioni, ma anche in campo<\/p>\n<p class=\"chapter-paragraph\">\u00c8 passata solo una settimana dalla <a href=\"https:\/\/www.corriere.it\/sport\/tennis\/26_marzo_04\/aryna-sabalenka-proposta-matrimonio-georgios-frangulis-anello-b088f4db-8b19-4c4e-b1cd-4cb26165exlk.shtml\" title=\"Aryna Sabalenka si sposa: la dolce proposta di matrimonio di Georgios Frangulis e l&#039;anello\" target=\"_blank\" rel=\"nofollow noopener\">proposta di matrimonio<\/a> ricevuta dal suo\u00a0<b><a href=\"https:\/\/www.corriere.it\/sport\/tennis\/24_maggio_22\/sabalenka-fidanzato-georgios-frangulis-chi-e-e963ea6a-2de6-49a0-a119-9b864042cxlk.shtml\" title=\"Sabalenka, il nuovo fidanzato dopo il suicidio dell&#039;ex: Georgios Frangulis, chi \u00e8\" target=\"_blank\" rel=\"nofollow noopener\">Georgios Frangulis<\/a><\/b>, ed <b>Aryna Sabalenka \u00e8 ancora in preda all&#8217;emozione.<\/b> Non che la cosa le abbia impedito, venerd\u00ec e domenica, di piegare in set netti la giapponese Sakatsume e la belga Cristian nei primi due turni di Indian Wells \u2014 e stasera affronta Naomi Osaka \u2014, ma di certo il sorriso che la bielorussa n. 1 del mondo ha a che vedere pi\u00f9 con la sua relazione che con i risultati sportivi.\u00a0<\/p>\n<p class=\"chapter-paragraph\">Sabalenka, 27 anni, continua infatti a sfoggiare l&#8217;anello ricevuto sia alle premiazioni\u00a0\u2014 domenica ha ricevuto il premio come giocatrice Wta dell&#8217;anno 2025\u00a0\u2014 sia in campo. E non \u00e8 un anello qualsiasi: \u00e8 un vistoso ovale con un diamante da 12 carati contornato da una fascia di smeraldi e diamanti incastonati fitti, dal valore di circa un milione di dollari.\u00a0    &#13;<br \/>\n&#13;<br \/>\n&#13;<br \/>\n&#13;<br \/>\n&#13;<br \/>\n&#13;<br \/>\n&#13;<br \/>\n&#13;<br \/>\n&#13;<br \/>\n&#13;<br \/>\n&#13;<br \/>\n&#13;<br \/>\n&#13;<br \/>\n&#13;<br \/>\n&#13;<br \/>\n&#13;<br \/>\n&#13;<br \/>\n&#13;<br \/>\n&#13;<br \/>\n&#13;<br \/>\n&#13;<br \/>\n&#13;<br \/>\n&#13;<br \/>\n&#13;<br \/>\n&#13;<br \/>\n&#13;<br \/>\n&#13;<br \/>\n&#13;<br \/>\n&#13;<br \/>\n&#13;<br \/>\n&#13;<br \/>\n&#13;<br \/>\n&#13;<br \/>\n&#13;<br \/>\n&#13;<br \/>\n&#13;<br \/>\n&#13;<br \/>\n&#13;<br \/>\n&#13;<br \/>\n&#13;<br \/>\n&#13;<br \/>\n&#13;<br \/>\n&#13;<br \/>\n&#13;<br \/>\n&#13;<br \/>\n&#13;<br \/>\n&#13;<br \/>\n&#13;<br \/>\n&#13;<br \/>\n&#13;<br \/>\n&#13;<br \/>\n&#13;<br \/>\n&#13;\n<\/p>\n<p>        <img decoding=\"async\" loading=\"lazy\" alt=\"INDIAN WELLS, CALIFORNIA - MARCH 08: Aryna Sabalenka receives her 2025 WTA Player of the Year Award at the BNP Paribas Open at Indian Wells Tennis Garden on March 08, 2026 in Indian Wells, California.   Clive Brunskill\/Getty Images\/AFP (Photo by C...\" src=\"https:\/\/dimages2.corriereobjects.it\/files\/image_572_856_h\/uploads\/2026\/03\/10\/69b03240c54b4.jpeg\" data-full-src=\"https:\/\/www.europesays.com\/it\/wp-content\/uploads\/2026\/03\/69b03240c54b4.jpeg\"\/><\/p>\n<p class=\"chapter-paragraph\"><b>Nella conferenza stampa dopo la partita con Sakatsume, la stessa tennista ha voluto spiegare<\/b> che giocare con quel prezioso talismano non \u00e8 pericoloso e anzi, che pu\u00f2 essere un&#8217;arma in pi\u00f9:\u00a0\u00abAbbiamo verificato pi\u00f9 volte che non c&#8217;\u00e8 la possibilit\u00e0 che il diamante cada, quindi mi sento piuttosto sicura nell&#8217;indossarlo. <b>\u00c8 comodo, \u00e8 luminoso. E \u2014 ha aggiunto sorridendo \u2014 spero che le mie avversarie vengano distratte<\/b> dal diamante, che mi avvantaggi un po&#8217;\u00bb.<\/p>\n<p class=\"chapter-paragraph\">Per poi <b>tornare sul romantico video che ha condiviso sul social<\/b>, con la caption \u00abIo e te per sempre, 3.3.26\u00bb:\u00a0\u00abProbabilmente avete visto tutti che non ero preparata, \u00e8 stata una sorpresa. Il mio manager mi ha chiamata per una riunione urgente, ero in jeans e nemmeno truccata. <b>Siamo\u00a0arrivati l\u00ec e ho visto Georgios e ho pianto per met\u00e0 del tempo, perch\u00e9 pensavo di essere brutta<\/b>, non preparata, e invece \u00e8 un momento cos\u00ec bello\u00bb.<\/p>\n<p class=\"is-last-update\" datetime=\"2026-03-10T16:28:24+01:00\">10 marzo 2026 ( modifica il 10 marzo 2026 | 16:28)<\/p>\n<p class=\"is-copyright\">\n            \u00a9 RIPRODUZIONE RISERVATA\n        <\/p>\n","protected":false},"excerpt":{"rendered":"di Maria Strada Dopo il fidanzamento e il romantico video della scorsa settimana, la n. 1 del mondo&hellip;\n","protected":false},"author":3,"featured_media":389762,"comment_status":"","ping_status":"","sticky":false,"template":"","format":"standard","meta":{"footnotes":"","_share_on_mastodon":"0"},"categories":[1457],"tags":[1403,223510,30930,921,877,932,32435,3761,223511,223512,1112,218646,33538,33539,1537,90,89,14850,26208,223513,92058,48563,245,244,1273],"class_list":["post-389761","post","type-post","status-publish","format-standard","has-post-thumbnail","category-tennis","tag-anello","tag-anello-milione","tag-avversarie","tag-campo","tag-conferenza","tag-conferenza-stampa","tag-diamante","tag-dollari","tag-dollari-conferenza","tag-dollari-conferenza-stampa","tag-domenica","tag-georgios","tag-indian","tag-indian-wells","tag-it","tag-italia","tag-italy","tag-milione","tag-milione-dollari","tag-milione-dollari-conferenza","tag-premiazioni","tag-sabalenka","tag-sport","tag-sports","tag-tennis"],"share_on_mastodon":{"url":"https:\/\/pubeurope.com\/@it\/116206334481482197","error":""},"_links":{"self":[{"href":"https:\/\/www.europesays.com\/it\/wp-json\/wp\/v2\/posts\/389761","targetHints":{"allow":["GET"]}}],"collection":[{"href":"https:\/\/www.europesays.com\/it\/wp-json\/wp\/v2\/posts"}],"about":[{"href":"https:\/\/www.europesays.com\/it\/wp-json\/wp\/v2\/types\/post"}],"author":[{"embeddable":true,"href":"https:\/\/www.europesays.com\/it\/wp-json\/wp\/v2\/users\/3"}],"replies":[{"embeddable":true,"href":"https:\/\/www.europesays.com\/it\/wp-json\/wp\/v2\/comments?post=389761"}],"version-history":[{"count":0,"href":"https:\/\/www.europesays.com\/it\/wp-json\/wp\/v2\/posts\/389761\/revisions"}],"wp:featuredmedia":[{"embeddable":true,"href":"https:\/\/www.europesays.com\/it\/wp-json\/wp\/v2\/media\/389762"}],"wp:attachment":[{"href":"https:\/\/www.europesays.com\/it\/wp-json\/wp\/v2\/media?parent=389761"}],"wp:term":[{"taxonomy":"category","embeddable":true,"href":"https:\/\/www.europesays.com\/it\/wp-json\/wp\/v2\/categories?post=389761"},{"taxonomy":"post_tag","embeddable":true,"href":"https:\/\/www.europesays.com\/it\/wp-json\/wp\/v2\/tags?post=389761"}],"curies":[{"name":"wp","href":"https:\/\/api.w.org\/{rel}","templated":true}]}}