{"id":389837,"date":"2026-03-10T19:43:17","date_gmt":"2026-03-10T19:43:17","guid":{"rendered":"https:\/\/www.europesays.com\/it\/389837\/"},"modified":"2026-03-10T19:43:17","modified_gmt":"2026-03-10T19:43:17","slug":"open-var-cera-rigore-per-la-roma-a-genova-ma-non-quello-di-ricci-nel-derby","status":"publish","type":"post","link":"https:\/\/www.europesays.com\/it\/389837\/","title":{"rendered":"Open Var: c&#8217;era rigore per la Roma a Genova, ma non quello di Ricci nel derby"},"content":{"rendered":"<p>                                Tonolini, portavoce arbitrale alla trasmissione Open Var su Dazn: &#8220;Ricci, braccio in sagoma e con movimento a togliere. A Marassi era da punire il mani di Malinovskyi sul tiro di Kon\u00e8 e sbaglia anche il Var Mazzoleni. Sozza, giornata poco felice&#8221;<\/p>\n<p>                    10 marzo &#8211; 17:41  &#8211; MILANO<\/p>\n<p class=\"paragraph\" spellcheck=\"true\">Mauro Tonolini componente della Can A e B, a Open Var torna sugli episodi pi\u00f9 discussi dell&#8217;ultimo turno di campionato. A partire dal rigore invocato dall&#8217;Inter nel recupero del derby: \u201cL\u2019episodio \u00e8 stato valutato correttamente in campo da Doveri. Il braccio di Ricci \u00e8 in sagoma, c\u2019\u00e8 addirittura un movimento a togliere. Peraltro il pallone, se non avesse battuto sul braccio, sarebbe finito sul petto del calciatore del Milan\u201d.\u00a0<\/p>\n<p><a class=\"is-partner-link\" href=\"https:\/\/abbonamenti.gazzetta.it\/calciatori-panini-2025\/?pwcmp_promo_panini_cta&amp;forceBrowser=true\" rel=\"nofollow noopener\" target=\"_blank\">Gazzetta digital + Box Panini + Album a soli 80\u20ac, il modo pi\u00f9 veloce e conveniente per completare la collezione!<\/a><\/p>\n<p>    genova e lecce\u2014 \u00a0<\/p>\n<p class=\"paragraph\" spellcheck=\"true\">In Genoa-Roma invece Gasperini aveva ragione a lamentarsi. L\u2019errore, da parte di arbitro e Var, c\u2019\u00e8 stato proprio a Marassi. Ai giallorossi manca il penalty non concesso per il tocco di braccio di Malinovskyi sul tiro di Kon\u00e9. Se l\u2019arbitro Colombo dice subito che il tocco \u00e8 troppo ravvicinato, dalla sala Var viene evidenziato che il pallone sbatte prima sul petto del calciatore del Genoa e poi sul braccio. \u201cColombo non riesce a recuperare una posizione centrale e valuta come non punibile il tocco \u2013 spiega Tonolini -. In realt\u00e0 il fatto che ci sia una deviazione rilevata da Mazzoleni in sala Var non \u00e8 un\u2019attenuante. Il braccio sinistro \u00e8 alto e platealmente punibile, ma lo \u00e8 anche il destro. Il tocco \u00e8 punibile\u201d. Errori anche in Lecce-Cremonese, con Sozza in giornata no. Non solo per il contatto in area tra Sanabria e Gaby Jean. Per Sozza non \u00e8 penalty, dalla sala Var confermano. Tonolini spiega: \u201cI contatti sono due. Quello col braccio non \u00e8 assolutamente falloso, quello basso pu\u00f2 essere maggiormente discutibile, ma resta un episodio da valutare in campo e non dalla sala Var. Inoltre la situazione nasce da una punizione fischiata ai danni di Cheddira non motivata da alcun fallo. Sozza non ha avuto una giornata particolarmente felice\u201d.<\/p>\n<p class=\"is-above-copyright is-mr-r-10\" spellcheck=\"true\">La Gazzetta dello Sport<\/p>\n<p class=\"is-copyright\">\u00a9 RIPRODUZIONE RISERVATA<\/p>\n","protected":false},"excerpt":{"rendered":"Tonolini, portavoce arbitrale alla trasmissione Open Var su Dazn: &#8220;Ricci, braccio in sagoma e con movimento a togliere.&hellip;\n","protected":false},"author":3,"featured_media":389838,"comment_status":"","ping_status":"","sticky":false,"template":"","format":"standard","meta":{"footnotes":"","_share_on_mastodon":"0"},"categories":[176],"tags":[13146,588,2281,921,594,9162,5362,223534,2245,6298,5183,350,1537,90,89,6296,57021,88602,18,202041,114974,223533,245,244,6144,223532,29373],"class_list":["post-389837","post","type-post","status-publish","format-standard","has-post-thumbnail","category-sport","tag-arbitro","tag-braccio","tag-calciatore","tag-campo","tag-colombo","tag-episodio","tag-errori","tag-errori-lecce","tag-felice","tag-genoa","tag-giornata","tag-inter","tag-it","tag-italia","tag-italy","tag-lecce","tag-malinovskyi","tag-punibile","tag-sala","tag-sala-var","tag-sozza","tag-sozza-giornata","tag-sport","tag-sports","tag-tocco","tag-tonolini","tag-var"],"share_on_mastodon":{"url":"https:\/\/pubeurope.com\/@it\/116206593988119186","error":""},"_links":{"self":[{"href":"https:\/\/www.europesays.com\/it\/wp-json\/wp\/v2\/posts\/389837","targetHints":{"allow":["GET"]}}],"collection":[{"href":"https:\/\/www.europesays.com\/it\/wp-json\/wp\/v2\/posts"}],"about":[{"href":"https:\/\/www.europesays.com\/it\/wp-json\/wp\/v2\/types\/post"}],"author":[{"embeddable":true,"href":"https:\/\/www.europesays.com\/it\/wp-json\/wp\/v2\/users\/3"}],"replies":[{"embeddable":true,"href":"https:\/\/www.europesays.com\/it\/wp-json\/wp\/v2\/comments?post=389837"}],"version-history":[{"count":0,"href":"https:\/\/www.europesays.com\/it\/wp-json\/wp\/v2\/posts\/389837\/revisions"}],"wp:featuredmedia":[{"embeddable":true,"href":"https:\/\/www.europesays.com\/it\/wp-json\/wp\/v2\/media\/389838"}],"wp:attachment":[{"href":"https:\/\/www.europesays.com\/it\/wp-json\/wp\/v2\/media?parent=389837"}],"wp:term":[{"taxonomy":"category","embeddable":true,"href":"https:\/\/www.europesays.com\/it\/wp-json\/wp\/v2\/categories?post=389837"},{"taxonomy":"post_tag","embeddable":true,"href":"https:\/\/www.europesays.com\/it\/wp-json\/wp\/v2\/tags?post=389837"}],"curies":[{"name":"wp","href":"https:\/\/api.w.org\/{rel}","templated":true}]}}