{"id":390195,"date":"2026-03-11T01:07:15","date_gmt":"2026-03-11T01:07:15","guid":{"rendered":"https:\/\/www.europesays.com\/it\/390195\/"},"modified":"2026-03-11T01:07:15","modified_gmt":"2026-03-11T01:07:15","slug":"milan-inter-open-var-le-clamorose-parole-sul-tocco-di-braccio-di-samuele-ricci","status":"publish","type":"post","link":"https:\/\/www.europesays.com\/it\/390195\/","title":{"rendered":"Milan-Inter, Open Var: le clamorose parole sul tocco di braccio di Samuele Ricci"},"content":{"rendered":"<p>&#8220;Il tocco di mano di Ricci nel derby \u00e8 <strong>valutato correttamente <\/strong>da Doveri&#8221; e &#8220;non c&#8217;era esigenza di on field review, perch\u00e9 la sala\u00a0Var\u00a0in linea con l&#8217;arbitro&#8221;, lo spiega <strong>Mauro Tonolini<\/strong>, componente della CAN A e B, durante\u00a0<strong>Open\u00a0Var<\/strong>, format di DAZN, FIGC, AIA con la collaborazione della Lega Serie A in esclusiva su DAZN ogni marted\u00ec pomeriggio.<\/p>\n<p>&#8220;Noi <strong>dubbi non ne abbiamo<\/strong>, \u00e8 un braccio che rimane in sagoma e si nota addirittura un<strong> movimento a togliere il braccio<\/strong> di Ricci &#8211; prosegue Tonolini confermando la scelta di non assegnare il calcio di rigore all&#8217;Inter -. \u00c8 una decisione in linea con il passato, pensiamo al caso dell&#8217;anno scorso in Napoli-Inter con il tocco di mano di Dumfries. Anche in quella situazione c&#8217;\u00e8 un tocco di mano, ma che non \u00e8 punibile perch\u00e9 il braccio<strong> rimane assolutamente in sagoma<\/strong>&#8220;.<\/p>\n<p><a href=\"https:\/\/www.liberoquotidiano.it\/news\/sport\/46728164\/milan-inter-ivan-zazzaroni-massimiliano-allegri-brasile\/\" rel=\"nofollow noopener\" target=\"_blank\">Milan-Inter, bomba di Zazzaroni: &#8220;Max Allegri? Cosa mi dicono dal Brasile&#8221;Il derby va al Milan: il gol di Pervis Estupinian stende l&#8217;Inter e riapre il campionato. O almeno non lo consegna pe&#8230;<\/a><\/p>\n<p>La giornata di Serie A \u00e8 poi passata in rassegna per un altro tocco di braccio, quello di Malinovskyi sul tiro di Kon\u00e9 in <strong>Genoa-Roma <\/strong>non sanzionato da Colombo e\u00a0Var. &#8220;Per noi questo \u00e8 un fallo di mano <strong>punibile assolutamente<\/strong>&#8220;, dice Tonolini. &#8220;\u00c8 vero che c&#8217;\u00e8 una doppia deviazione, ma non \u00e8 un&#8217;attenuante &#8211; conclude -. Abbiamo un braccio sinistro che \u00e8 platealmente punibile, quello alto, e in realt\u00e0 lo \u00e8 anche il destro. La deviazione non va a sanare la punibilit\u00e0 di questo intervento, Malinovskyi va in una posizione al tiro, di fatto anche il destro \u00e8 un braccio che<strong> rimane fuori sagoma<\/strong>&#8220;.<\/p>\n<p><a href=\"https:\/\/www.liberoquotidiano.it\/news\/sport\/46740305\/milan-inter-sospetto-massimo-mauro-perche-inventato-var\/\" rel=\"nofollow noopener\" target=\"_blank\">Milan-Inter, il sospetto di Massimo Mauro: &#8220;Perch\u00e9 hanno inventato il Var&#8221;La vittoria del Milan sull\u2019Inter nel derby di domenica scorsa continua a far discutere anche negli studi televisiv&#8230;<\/a><\/p>\n","protected":false},"excerpt":{"rendered":"&#8220;Il tocco di mano di Ricci nel derby \u00e8 valutato correttamente da Doveri&#8221; e &#8220;non c&#8217;era esigenza di&hellip;\n","protected":false},"author":3,"featured_media":390196,"comment_status":"","ping_status":"","sticky":false,"template":"","format":"standard","meta":{"footnotes":"","_share_on_mastodon":"0"},"categories":[176],"tags":[350,1537,90,89,553,125846,245,244],"class_list":["post-390195","post","type-post","status-publish","format-standard","has-post-thumbnail","category-sport","tag-inter","tag-it","tag-italia","tag-italy","tag-milan","tag-open-var","tag-sport","tag-sports"],"share_on_mastodon":{"url":"https:\/\/pubeurope.com\/@it\/116207867994882187","error":""},"_links":{"self":[{"href":"https:\/\/www.europesays.com\/it\/wp-json\/wp\/v2\/posts\/390195","targetHints":{"allow":["GET"]}}],"collection":[{"href":"https:\/\/www.europesays.com\/it\/wp-json\/wp\/v2\/posts"}],"about":[{"href":"https:\/\/www.europesays.com\/it\/wp-json\/wp\/v2\/types\/post"}],"author":[{"embeddable":true,"href":"https:\/\/www.europesays.com\/it\/wp-json\/wp\/v2\/users\/3"}],"replies":[{"embeddable":true,"href":"https:\/\/www.europesays.com\/it\/wp-json\/wp\/v2\/comments?post=390195"}],"version-history":[{"count":0,"href":"https:\/\/www.europesays.com\/it\/wp-json\/wp\/v2\/posts\/390195\/revisions"}],"wp:featuredmedia":[{"embeddable":true,"href":"https:\/\/www.europesays.com\/it\/wp-json\/wp\/v2\/media\/390196"}],"wp:attachment":[{"href":"https:\/\/www.europesays.com\/it\/wp-json\/wp\/v2\/media?parent=390195"}],"wp:term":[{"taxonomy":"category","embeddable":true,"href":"https:\/\/www.europesays.com\/it\/wp-json\/wp\/v2\/categories?post=390195"},{"taxonomy":"post_tag","embeddable":true,"href":"https:\/\/www.europesays.com\/it\/wp-json\/wp\/v2\/tags?post=390195"}],"curies":[{"name":"wp","href":"https:\/\/api.w.org\/{rel}","templated":true}]}}