{"id":391151,"date":"2026-03-11T16:03:16","date_gmt":"2026-03-11T16:03:16","guid":{"rendered":"https:\/\/www.europesays.com\/it\/391151\/"},"modified":"2026-03-11T16:03:16","modified_gmt":"2026-03-11T16:03:16","slug":"la-campagna-segreta-di-mosca-per-aiutare-orban-in-vista-del-voto","status":"publish","type":"post","link":"https:\/\/www.europesays.com\/it\/391151\/","title":{"rendered":"La campagna segreta di Mosca per aiutare Orb\u00e1n in vista del voto"},"content":{"rendered":"<p>    di<br \/>\n    Alessandra Muglia<\/p>\n<p class=\"summary-art is-line-h-12\">Il piano elaborato dalla societ\u00e0 di consulenza del Cremlino,  visionato dal Financial Times, prevede la diffusione online di contenuti ideati in Russia ma rilanciati da influencer ungheresi. Putin ha inviato una task force di spie a Budapest. Il leader dell&#8217;opposizione Magyar: \u00abRussi, tornate a casa\u00bb<\/p>\n<p class=\"chapter-paragraph\">A un mese dal voto in Ungheria, Budapest e dintorni sono invasi da messaggi diffamatori e deepfake che ritraggono il leader dell&#8217;opposzione P\u00e9ter Magyar, davanti a Orb\u00e1n nei sondaggi, come il \u00abburattino di Bruxelles\u00bb che vuole trascinare il Paese in guerra. Si tratta, rivela il Financial Times, di una campagna di disinformazione sostenuta sui social media d Mosca per favorire la rimonta e la rielezione del premier ungherese.\u00a0<\/p>\n<p class=\"chapter-paragraph\">La campagna sarebbe stata preparata dalla<b> Social Design Agency, la societ\u00e0 di consulenza mediatica legata al Cremlino dal 2024 e sottoposta a sanzioni occidentali<\/b> per l\u2019operazione Doppelg\u00e4nger, la divulgazione di fake news per alimentare il sentimento anti-ucraino dopo l\u2019invasione russa. A differenza di Doppelg\u00e4nger, l\u2019azione condotta ora in Ungheria \u00abpunta ad apparire locale\u00bb con <b>diffusione di contenuti progettati in Russia ma rilanciati da influencer ungheresi.<\/b> La Social Design Agency, il cui piano \u00e8 stato visionato dal quotidiano britannico, <b>ha individuato una cinquantina di personalit\u00e0 pro-Orb\u00e1n<\/b> e 30 esponenti dell\u2019opposizione per diffondere i suoi contenuti.\u00a0    &#13;<br \/>\n&#13;<br \/>\n&#13;<br \/>\n&#13;<br \/>\n&#13;<br \/>\n&#13;<br \/>\n&#13;<br \/>\n&#13;<br \/>\n&#13;<br \/>\n&#13;<br \/>\n&#13;<br \/>\n&#13;<br \/>\n&#13;<br \/>\n&#13;<br \/>\n&#13;<br \/>\n&#13;<br \/>\n&#13;<br \/>\n&#13;<br \/>\n&#13;<br \/>\n&#13;<br \/>\n&#13;<br \/>\n&#13;<br \/>\n&#13;<br \/>\n&#13;<br \/>\n&#13;<br \/>\n&#13;<br \/>\n&#13;<br \/>\n&#13;<br \/>\n&#13;<br \/>\n&#13;<br \/>\n&#13;<br \/>\n&#13;<br \/>\n&#13;<br \/>\n&#13;<br \/>\n&#13;<br \/>\n&#13;<br \/>\n&#13;<br \/>\n&#13;<br \/>\n&#13;<br \/>\n&#13;<br \/>\n&#13;<br \/>\n&#13;<br \/>\n&#13;<br \/>\n&#13;<br \/>\n&#13;<br \/>\n&#13;<br \/>\n&#13;<br \/>\n&#13;<br \/>\n&#13;<br \/>\n&#13;<br \/>\n&#13;<br \/>\n&#13;<br \/>\n&#13;\n<\/p>\n<p class=\"chapter-paragraph\">I messaggi veicolati da un lato presentano <b>Orb\u00e1n come un \u00ableader forte con amici globali\u00bb a iniziare da Trump,<\/b>\u00a0come<b>\u00a0<\/b>l\u2019unico candidato in grado di mantenere la sovranit\u00e0 del Paese e di trattare i leader mondiali da pari a pari; e dall\u2019altro screditano Magyar ritraendolo come leader di un\u2019opposizione divisa, incompetente e guidata da un&#8217;agenda nascosta.\u00a0<\/p>\n<p class=\"chapter-paragraph\">La campagna diffamatoria si estende ai leader ucraini e dell&#8217;Ue accusati di sprecare il denaro dei contribuenti (un cartellone pubblicitario li raffigura mentre gettano soldi in un water dorato) e anche le vite dei cittadini: in video generati dall&#8217;intelligenza artificiale si vedono soldati ungheresi morire sul fronte ucraino.\u00a0<\/p>\n<p class=\"chapter-paragraph\">Ma questo sarebbe soltanto un assaggio della<b> tempesta di disinformazione in arrivo a ridosso del voto. Ieri P\u00e9ter Magyar<\/b> ha accusato il partito al governo di voler lanciare nei prossimi giorni, con l\u2019aiuto dell\u2019intelligence russa, una campagna diffamatoria gi\u00e0 collaudata in Moldavia. \u00abL\u2019operazione verr\u00e0 avviata gioved\u00ec. Sono gi\u00e0 stati preparati 14 video diffamatori generati dall\u2019AI su un candidato al parlamento di Tisza e sui suoi familiari. I video saranno promossi tramite account falsi per decine di milioni di fiorini\u00bb, ha denunciato Magyar sui suoi canali social, invitando il primo ministro a \u00abporre immediatamente fine alla frode elettorale pianificata\u00bb e a \u00abordinare agli agenti russi di lasciare l&#8217;Ungheria\u00bb.\u00a0<\/p>\n<p class=\"chapter-paragraph\"><b>Il riferimento \u00e8 a quanto denunciato dal quotidiano indipendente VSquare<\/b> lo scorso fine settimana: <b>tre ufficiali dell\u2019agenzia di intelligence militare russa Gru sarebbero arrivati a Budapest,<\/b> assegnati all\u2019ambasciata russa. Magyar, che in precedenza aveva evitato di inimicarsi Mosca, ne ha chiesto la rimozione. <b>\u00abRussi, tornate a casa\u00bb<\/b>, ha detto riecheggiando la rivolta anti sovietica del 1956. Secondo le fonti, \u00e8 probabile che gli agenti lavorino per <b>Sergei Kirienko, il potente vice capo dello staff di Putin<\/b>, che in passato ha diretto campagne simili condotte dalla Social Design Agency in altri Paesi.<\/p>\n<p class=\"is-last-update\" datetime=\"2026-03-11T12:42:42+01:00\">11 marzo 2026<\/p>\n<p class=\"is-copyright\">\n            \u00a9 RIPRODUZIONE RISERVATA\n        <\/p>\n","protected":false},"excerpt":{"rendered":"di Alessandra Muglia Il piano elaborato dalla societ\u00e0 di consulenza del Cremlino, visionato dal Financial Times, prevede la&hellip;\n","protected":false},"author":3,"featured_media":391152,"comment_status":"","ping_status":"","sticky":false,"template":"","format":"standard","meta":{"footnotes":"","_share_on_mastodon":"0"},"categories":[160],"tags":[27667,3534,3290,12933,39,36447,2409,11074,13583,395,14,164,165,20301,1612,224260,202705,166111,17618,6388,224263,6499,6517,96228,2734,224264,381,202574,166,382,7,15,18155,3577,4152,4477,1686,224261,224262,11,167,12,168,86083,3578,2392,2424,161,162,163],"class_list":["post-391151","post","type-post","status-publish","format-standard","has-post-thumbnail","category-mondo","tag-agency","tag-agenti","tag-anti","tag-budapest","tag-campagna","tag-campagna-diffamatoria","tag-candidato","tag-consulenza","tag-contenuti","tag-cremlino","tag-cronaca","tag-dal-mondo","tag-dalmondo","tag-denunciato","tag-design","tag-design-agency","tag-diffamatori","tag-diffamatoria","tag-diffusione","tag-disinformazione","tag-doppelganger","tag-financial","tag-financial-times","tag-generati","tag-influencer","tag-influencer-ungheresi","tag-leader","tag-magyar","tag-mondo","tag-mosca","tag-news","tag-notizie","tag-opposizione","tag-orban","tag-russa","tag-russi","tag-social","tag-social-design","tag-social-design-agency","tag-ultime-notizie","tag-ultime-notizie-di-mondo","tag-ultimenotizie","tag-ultimenotiziedimondo","tag-ungheresi","tag-ungheria","tag-video","tag-voto","tag-world","tag-world-news","tag-worldnews"],"share_on_mastodon":{"url":"","error":"Validation failed: Text character limit of 500 exceeded"},"_links":{"self":[{"href":"https:\/\/www.europesays.com\/it\/wp-json\/wp\/v2\/posts\/391151","targetHints":{"allow":["GET"]}}],"collection":[{"href":"https:\/\/www.europesays.com\/it\/wp-json\/wp\/v2\/posts"}],"about":[{"href":"https:\/\/www.europesays.com\/it\/wp-json\/wp\/v2\/types\/post"}],"author":[{"embeddable":true,"href":"https:\/\/www.europesays.com\/it\/wp-json\/wp\/v2\/users\/3"}],"replies":[{"embeddable":true,"href":"https:\/\/www.europesays.com\/it\/wp-json\/wp\/v2\/comments?post=391151"}],"version-history":[{"count":0,"href":"https:\/\/www.europesays.com\/it\/wp-json\/wp\/v2\/posts\/391151\/revisions"}],"wp:featuredmedia":[{"embeddable":true,"href":"https:\/\/www.europesays.com\/it\/wp-json\/wp\/v2\/media\/391152"}],"wp:attachment":[{"href":"https:\/\/www.europesays.com\/it\/wp-json\/wp\/v2\/media?parent=391151"}],"wp:term":[{"taxonomy":"category","embeddable":true,"href":"https:\/\/www.europesays.com\/it\/wp-json\/wp\/v2\/categories?post=391151"},{"taxonomy":"post_tag","embeddable":true,"href":"https:\/\/www.europesays.com\/it\/wp-json\/wp\/v2\/tags?post=391151"}],"curies":[{"name":"wp","href":"https:\/\/api.w.org\/{rel}","templated":true}]}}