{"id":392155,"date":"2026-03-12T07:43:17","date_gmt":"2026-03-12T07:43:17","guid":{"rendered":"https:\/\/www.europesays.com\/it\/392155\/"},"modified":"2026-03-12T07:43:17","modified_gmt":"2026-03-12T07:43:17","slug":"il-calcio-italiano-e-in-bilico-la-lezione-del-passato-i-conflitti-problemi-e-soluzioni-ecco-chi-ci-puo-salvare","status":"publish","type":"post","link":"https:\/\/www.europesays.com\/it\/392155\/","title":{"rendered":"Il calcio italiano \u00e8 in bilico: la lezione del passato, i conflitti, problemi e soluzioni. Ecco chi ci pu\u00f2 salvare"},"content":{"rendered":"<p>    di<br \/>\n    Paolo Cond\u00f2<\/p>\n<p class=\"summary-art is-line-h-12\">Tutti fuori dalla Champions e Mondiale a rischio per la terza edizione di fila. Il calcio che avremo fra dieci anni si decide oggi, ed \u00e8 difficile essere ottimisti<\/p>\n<p class=\"chapter-paragraph\">Nel 1974 <b>l\u2019Italia <\/b>usc\u00ec male dai Mondiali, eliminata dalla <b>Polonia <\/b>di Deyna e Lato e costretta ad assistere da casa al fantastico torneo dell\u2019<b>Olanda <\/b>di <b>Cruijff<\/b>, battuta in finale dalla <b>Germania <\/b>ma protagonista di una rivoluzione culturale \u2014 il calcio totale \u2014  che nelle sue varie declinazioni \u00e8 arrivata fino a oggi. La Nazionale aveva gi\u00e0 fallito l\u2019approdo alla final four dell\u2019Europeo \u201872, sconfitta dal Belgio, e malgrado le coppe non andassero cos\u00ec male (due delle tre finaliste battute dall\u2019Ajax nelle coppe Campioni di quegli anni erano state Inter e Juve), la distanza manifesta da olandesi e affini, con focus speciale sull\u2019aspetto atletico, <b>convinse il presidente federale Artemio Franchi della necessit\u00e0 di rinnovare dalle fondamenta<\/b>.\u00a0<\/p>\n<p class=\"chapter-paragraph\">Affid\u00f2 cos\u00ec il settore tecnico a <b>Italo Allodi, <\/b>il pi\u00f9 aperto, scafato e anche discusso dei dirigenti italiani (aveva gi\u00e0 lavorato per l\u2019Inter di Angelo Moratti e la Juve di Gianni Agnelli), e nel 1976 la sua creatura, il Supercorso di Coverciano, vide la luce cambiando per sempre il nostro calcio. L\u2019insegnamento ai giovani tecnici pass\u00f2 da 140 a 900 ore, gli esami si moltiplicarono come i docenti di prestigio e gli ospiti internazionali invitati a portare le loro esperienze. Si spalancarono le finestre ed entr\u00f2 aria nuova. <b>Il Supercorso divenne la locomotiva dello sviluppo che avrebbe portato due titoli mondiali all\u2019interno dei 30 anni pi\u00f9 belli di sempre<\/b>.    &#13;<br \/>\n&#13;<br \/>\n&#13;<br \/>\n&#13;<br \/>\n&#13;<br \/>\n&#13;<br \/>\n&#13;<br \/>\n&#13;<br \/>\n&#13;<br \/>\n&#13;<br \/>\n&#13;<br \/>\n&#13;<br \/>\n&#13;<br \/>\n&#13;<br \/>\n&#13;<br \/>\n&#13;<br \/>\n&#13;<br \/>\n&#13;<br \/>\n&#13;<br \/>\n&#13;<br \/>\n&#13;<br \/>\n&#13;<br \/>\n&#13;<br \/>\n&#13;<br \/>\n&#13;<br \/>\n&#13;<br \/>\n&#13;<br \/>\n&#13;<br \/>\n&#13;<br \/>\n&#13;<br \/>\n&#13;<br \/>\n&#13;<br \/>\n&#13;<br \/>\n&#13;<br \/>\n&#13;<br \/>\n&#13;<br \/>\n&#13;<br \/>\n&#13;<br \/>\n&#13;<br \/>\n&#13;<br \/>\n&#13;<br \/>\n&#13;<br \/>\n&#13;<br \/>\n&#13;<br \/>\n&#13;<br \/>\n&#13;<br \/>\n&#13;<br \/>\n&#13;<br \/>\n&#13;<br \/>\n&#13;<br \/>\n&#13;<br \/>\n&#13;<br \/>\n&#13;\n<\/p>\n<p class=\"chapter-paragraph\">Se ricordiamo questa pagina di storia <a href=\"https:\/\/www.corriere.it\/sport\/calcio\/champions-league\/26_marzo_10\/atalanta-bayern-monaco-risultato-e9d18219-1578-4bb9-bdd3-5aea24e54xlk.shtml\" title=\"Atalanta-Bayern Monaco risultato 1-6: dai tedeschi lezione di calcio\" target=\"_blank\" rel=\"nofollow noopener\">all\u2019indomani del crac dell\u2019Atalanta col Bayern<\/a>, che segna di fatto la cancellazione dei club italiani dalla Champions a livello di ottavi di finale (e gi\u00e0 la qualificazione dei bergamaschi era stata un\u2019impresa), <b>\u00e8 perch\u00e9 la crisi ci sembra cos\u00ec complessiva e soffocante da necessitare un\u2019iniziativa forte come fu quella del 1976. <\/b>Non per proporre un altro Supercorso \u2014 ogni idea \u00e8 figlia del suo tempo, l\u2019intervento tecnico oggi andrebbe fatto molto pi\u00f9 a monte \u2014 ma per combattere questo gioco dei quattro cantoni in cui ciascuna componente si lecca le proprie ferite cercando di minimizzarle, senza accorgersi che \u00e8 la struttura intera a crollare. <b>Che ci si salva, o si cola a picco, tutti assieme.<\/b> Non c\u2019\u00e8 un problema solo \u2014 risolto quello, risolto tutto \u2014 ma un insieme di questioni talmente ribadite nel tempo (ma non affrontate) da costituire ormai un meme sui social.<\/p>\n<p class=\"chapter-paragraph\">Fra due settimane la <b>Nazionale <\/b>cercher\u00e0 di qualificarsi al Mondiale vincendo due gare di playoff. Sono partite per le quali \u00e8 giusto provare paura, specie l\u2019eventuale seconda in trasferta, perch\u00e9 <b>Irlanda del Nord<\/b> e <b>Galles <\/b>(la Bosnia sarebbe un po\u2019 meno grave) sono squadre che corrono, che hanno ritmo, che si spendono come se al 90\u2019 la loro vita finisse, e infatti al triplice fischio crollano al suolo esauste. I nostri non sono abituati a ragionare cos\u00ec,<b> ma a calcolare ogni energia per non sprecarne.<\/b> Non \u00e8 un caso se il tema delle troppe partite sia quasi un nostro monopolio culturale.<br \/>Speriamo tanto che <b>Gattuso <\/b>ce la faccia perch\u00e9 l\u2019appartenenza \u00e8 una pulsione che oltrepassa il raziocinio: siamo tifosi dell\u2019Italia.\u00a0<\/p>\n<p class=\"chapter-paragraph\">Siamo anche consapevoli, per\u00f2, che il ritorno al Mondiale permetterebbe di alzare il tappeto per nascondervi un altro po\u2019 di polvere, mentre l\u2019elenco delle riforme da fare \u00e8 lunghissimo. <a href=\"https:\/\/www.corriere.it\/sport\/calcio\/serie-a\/26_marzo_11\/arbitri-riforma-professionistica-tensione-62b14dfa-e598-46b6-b8ca-ca211edaaxlk.shtml\" title=\"Arbitri, riforma ad alta tensione: fischia la rivoluzione professionistica?\" target=\"_blank\" rel=\"nofollow noopener\">La discussione sul campionato \u00e8 incentrata sugli errori arbitrali,<\/a> in Champions facciamo pena ma a ogni eliminazione quasi si festeggia (\u00abe ora testa allo scudetto!\u00bb: colpa di noi media, anche), la Nazionale \u00e8 in bilico sul precipizio: le tre gambe su cui si regge il tavolo sono tutte traballanti, eppure la Lega non ha trovato due giorni per dare uno stage a Gattuso e Gravina non ha puntato i piedi, spiegando bene perch\u00e9 il 98 per cento col quale \u00e8 stato rieletto non \u00e8 un successo, ma una prigione.<\/p>\n<p class=\"chapter-paragraph\">Il calcio che abbiamo oggi \u00e8 quello che \u00e8 stato seminato dieci anni fa, quando la crisi era gi\u00e0 un\u2019evidenza. Quello che avremo fra dieci anni si decide oggi, ed \u00e8 difficile essere ottimisti. In politica sono gli statisti, merce rara, a preoccuparsi di ci\u00f2 che non vedranno. Nel calcio \u00e8 lo stesso.\u00a0<\/p>\n<p class=\"is-last-update\" datetime=\"2026-03-11T23:31:24+01:00\">12 marzo 2026<\/p>\n<p class=\"is-copyright\">\n            \u00a9 RIPRODUZIONE RISERVATA\n        <\/p>\n","protected":false},"excerpt":{"rendered":"di Paolo Cond\u00f2 Tutti fuori dalla Champions e Mondiale a rischio per la terza edizione di fila. Il&hellip;\n","protected":false},"author":3,"featured_media":392156,"comment_status":"","ping_status":"","sticky":false,"template":"","format":"standard","meta":{"footnotes":"","_share_on_mastodon":"0"},"categories":[176],"tags":[48121,224766,224767,5397,224768,224769,23210,224770,224771,31104,224772,224773,26594,224774,8493,721,1969,24939,7714,24276,6920,224761,224762,5316,224763,224764,6927,224765,1426,11332,350,1537,90,627,89,565,1353,4422,13117,4283,29059,245,244,224760,3375],"class_list":["post-392155","post","type-post","status-publish","format-standard","has-post-thumbnail","category-sport","tag-abituati","tag-abituati-ragionare","tag-abituati-ragionare-calcolare","tag-accorgersi","tag-accorgersi-struttura","tag-accorgersi-struttura-intera","tag-affido","tag-affido-settore","tag-affido-settore-tecnico","tag-affini","tag-affini-focus","tag-affini-focus-speciale","tag-affrontate","tag-affrontate-costituire","tag-bilico","tag-calcio","tag-champions","tag-coppe","tag-crisi","tag-culturale","tag-decide","tag-decide-difficile","tag-decide-difficile-ottimisti","tag-dieci","tag-dieci-decide","tag-dieci-decide-difficile","tag-difficile","tag-difficile-ottimisti","tag-finale","tag-gattuso","tag-inter","tag-it","tag-italia","tag-italiani","tag-italy","tag-juve","tag-mondiale","tag-mondiali","tag-ottimisti","tag-partite","tag-risolto","tag-sport","tag-sports","tag-supercorso","tag-tecnico"],"share_on_mastodon":{"url":"","error":"Validation failed: Text character limit of 500 exceeded"},"_links":{"self":[{"href":"https:\/\/www.europesays.com\/it\/wp-json\/wp\/v2\/posts\/392155","targetHints":{"allow":["GET"]}}],"collection":[{"href":"https:\/\/www.europesays.com\/it\/wp-json\/wp\/v2\/posts"}],"about":[{"href":"https:\/\/www.europesays.com\/it\/wp-json\/wp\/v2\/types\/post"}],"author":[{"embeddable":true,"href":"https:\/\/www.europesays.com\/it\/wp-json\/wp\/v2\/users\/3"}],"replies":[{"embeddable":true,"href":"https:\/\/www.europesays.com\/it\/wp-json\/wp\/v2\/comments?post=392155"}],"version-history":[{"count":0,"href":"https:\/\/www.europesays.com\/it\/wp-json\/wp\/v2\/posts\/392155\/revisions"}],"wp:featuredmedia":[{"embeddable":true,"href":"https:\/\/www.europesays.com\/it\/wp-json\/wp\/v2\/media\/392156"}],"wp:attachment":[{"href":"https:\/\/www.europesays.com\/it\/wp-json\/wp\/v2\/media?parent=392155"}],"wp:term":[{"taxonomy":"category","embeddable":true,"href":"https:\/\/www.europesays.com\/it\/wp-json\/wp\/v2\/categories?post=392155"},{"taxonomy":"post_tag","embeddable":true,"href":"https:\/\/www.europesays.com\/it\/wp-json\/wp\/v2\/tags?post=392155"}],"curies":[{"name":"wp","href":"https:\/\/api.w.org\/{rel}","templated":true}]}}