{"id":392174,"date":"2026-03-12T08:03:17","date_gmt":"2026-03-12T08:03:17","guid":{"rendered":"https:\/\/www.europesays.com\/it\/392174\/"},"modified":"2026-03-12T08:03:17","modified_gmt":"2026-03-12T08:03:17","slug":"milan-mercato-non-solo-kean-tutti-i-nomi-per-allegri","status":"publish","type":"post","link":"https:\/\/www.europesays.com\/it\/392174\/","title":{"rendered":"Milan, mercato: non solo Kean, tutti i nomi per Allegri"},"content":{"rendered":"<p>                                Max e l\u2019ad hanno pranzato insieme due giorni dopo  il derby.  La squadra verr\u00e0 rinforzata per competere in Europa: Moise per i gol  del futuro<\/p>\n<p>            <a class=\"image is-50x50\" href=\"https:\/\/www.gazzetta.it\/redazione\/alessandra-gozzini\/\" rel=\"nofollow noopener\" target=\"_blank\"><br \/>\n                <img decoding=\"async\" class=\"is-rounded\" src=\"https:\/\/www.europesays.com\/it\/wp-content\/uploads\/2025\/10\/1760166911_443_omino.png\" alt=\"Alessandra Gozzini\"\/><br \/>\n            <\/a><\/p>\n<p>Giornalista<\/p>\n<p>                    12 marzo &#8211; 08:13  &#8211; MILANO<\/p>\n<p class=\"paragraph\" spellcheck=\"true\">Il pi\u00f9 classico dei pranzi con men\u00f9 rossonero. Due commensali eccellenti, Max Allegri e l\u2019ad Furlani, e come portate i temi principali dell\u2019attualit\u00e0 e del futuro del club. Che ne sar\u00e0 del sempre pi\u00f9 probabile incasso Champions? Un anno fa il Milan rest\u00f2 forzatamente a digiuno dopo una stagione faticosa e l\u2019ottavo posto finale che lasci\u00f2 la squadra fuori dall\u2019Europa. E ancora: come reinvestire la cifra? E infine, come la quota da reinvestire potr\u00e0 farsi ancora pi\u00f9 pesante?\u00a0<\/p>\n<p>    Scelte condivise\u2014 \u00a0<\/p>\n<p class=\"paragraph\" spellcheck=\"true\">Il tavolo era stato riservato nella sala da pranzo di Milanello, due giorni dopo il derby vinto e cio\u00e8 alla ripresa della preparazione. Pancia gi\u00e0 piena dopo il successo sull\u2019Inter: dalla societ\u00e0, rappresentata dall\u2019ad, altri complimenti all\u2019allenatore e al gruppo. L\u2019antipasto era d\u2019obbligo dopo i tre punti che hanno permesso di riaprire il campionato. Poi i piatti principali che hanno a che vedere con le strategie per il futuro del progetto tecnico. Il fatto che siano stati ad e allenatore a parlarne \u00e8 significativo, sia per il clima di serenit\u00e0 che regnava a tavola sia per ribadire che le scelte saranno assolutamente comuni e condivise tra area sportiva e finanziaria.\u00a0<\/p>\n<p>    Un colpo per reparto\u2014 \u00a0<\/p>\n<p class=\"paragraph\" spellcheck=\"true\">Dalla sola qualificazione alla Champions League, il Milan punta a ricavare sessanta milioni. Un tema che lo stesso Max ha sempre sottolineato come determinante per le ambizioni tecniche cos\u00ec come per la sostenibilit\u00e0 economica del club. Soldi che il Milan americano reinvestir\u00e0 nella squadra, come da strategia aziendale: ci\u00f2 che entra in cassa grazie alla squadra viene impegnato nella squadra stressa. La cifra potr\u00e0 essere resa pi\u00f9 consistente dalla cessioni, oltre che dal tesoretto ricavato dai riscatti dei rossoneri in prestito. Cento milioni di affari sono la quota base, tenendo presenti solo l\u2019incasso Uefa e gli obblighi di riscatto. Come riutilizzare la somma ricavata? Un colpo per reparto, un giocatore che sia nel futuro del Milan un titolare di peso. Anche su questo Allegri ha avuto rassicurazioni.\u00a0<\/p>\n<p>    Kean pi\u00f9 di tutti\u2014 \u00a0<\/p>\n<p class=\"paragraph\" spellcheck=\"true\">\u00c8 in attacco che Max si aspetta i gol che rendano competitiva la squadra anche in Europa. Prima delle delusioni di questa stagione con la Fiorentina, Moise Kean aveva vissuto un campionato da bomber. Diciannove gol (otto quest\u2019anno) ne avevano fatto il vice cannoniere del torneo scorso. Ha anche altri tratti che combaciano con l\u2019identikit tracciato dall\u2019allenatore: fisicit\u00e0 per competere nei duelli e velocit\u00e0 per le ripartenze veloci che piacciono a Max. La clausola rescissoria da 62 milioni (attiva nelle prime due settimane di luglio) oggi non rispecchia il valore del giocatore: il Milan potr\u00e0 verificare le condizioni di mercato gi\u00e0 a all\u2019inizio dell\u2019estate, prima che Kean entri eventualmente a far parte del giro azzurro di Gattuso ai Mondiali.  Moise ritroverebbe Allegri, con cui ha lavorato per tre stagioni alla Juventus, e l\u2019amico Rafa Leao, altro attaccante con la passione del rap, con cui invece non ha mai fatto coppia sul campo.   L\u2019attacco sarebbe cos\u00ec ben assortito, con una prima punta di ruolo: Rafa e Pulisic, i migliori marcatori rossoneri della stagione, sono due attaccanti adattati. Le opzioni alternative sono decisamente \u201calternative\u201d: Guirassy del Dortmund e il solito Vlahovic se la trattativa con la Juve per il prolungamento non si concludesse con il lieto fine.\u00a0<\/p>\n<p>    Scelte per la difesa\u2014 \u00a0<\/p>\n<p class=\"paragraph\" spellcheck=\"true\">Da un\u2019area all\u2019altra: la difesa rossonera ha bisogno di un rinforzo nonostante i numeri della stagione la eleggano, al momento, migliore della A. Solo venti i gol subiti da Tomori, Gabbia, De Winter e Pavlovic, ex reparto fragilissimo diventato il pi\u00f9 solido del campionato sotto la cura Allegri. A Max sono graditi interpreti che gi\u00e0 conoscano il campionato e con una fisicit\u00e0 marcata: ecco perch\u00e9 l\u2019ex Napoli Kim, oggi al Bayern Monaco, \u00e8 tra i pi\u00f9 apprezzati. A ventinove anni, con un contratto in scadenza nel 2028, il prezzo del cartellino non supera i trenta milioni. Anche l\u2019esperienza tedesca di Kim \u00e8 stata pi\u00f9 faticosa di quanto immaginato: 105 presenze totali finora, in tre stagioni, con 5 gol segnati. In un solo anno a Napoli, Kim aveva totalizzato 45 partite e 2 reti. Il laziale Gila \u00e8 una valida pista alternativa.\u00a0<\/p>\n<p><a class=\"is-partner-link\" href=\"https:\/\/abbonamenti.gazzetta.it\/calciatori-panini-2025\/?pwcmp_promo_panini_cta&amp;forceBrowser=true\" rel=\"nofollow noopener\" target=\"_blank\">Gazzetta digital + Box Panini + Album a soli 80\u20ac, il modo pi\u00f9 veloce e conveniente per completare la collezione!<\/a><\/p>\n<p>    In mezzo, con Luka\u2014 \u00a0<\/p>\n<p class=\"paragraph\" spellcheck=\"true\">Occhi in Baviera anche per quando riguarda uno degli obiettivi di mercato della mediana. Leon Goretzka, 31 anni, \u00e8 a fine contratto e in estate si liberer\u00e0 dal Bayern a titolo gratuito: nella carriera a Monaco 298 partite e 45 gol firmati. Oltre ai grandi numeri per quanto riguarda la bacheca personale: 6 scudetti, 7 coppe nazionali, una Champions League, una Supercoppa Europea e una Coppa del mondo per club. Con le debite proporzioni, un affare in stile Modric. Luka, a proposito: il club aspetta fiducioso la conferma della volont\u00e0 di prolungare un altro anno l\u2019esperienza al Milan.<\/p>\n<p class=\"is-copyright\">\u00a9 RIPRODUZIONE RISERVATA<\/p>\n","protected":false},"excerpt":{"rendered":"Max e l\u2019ad hanno pranzato insieme due giorni dopo il derby. La squadra verr\u00e0 rinforzata per competere in&hellip;\n","protected":false},"author":3,"featured_media":392175,"comment_status":"","ping_status":"","sticky":false,"template":"","format":"standard","meta":{"footnotes":"","_share_on_mastodon":"0"},"categories":[1452],"tags":[3076,1960,2901,841,7196,765,8486,721,1856,1969,1970,5370,554,5371,224781,82379,27007,6693,5187,767,4876,1533,3085,224782,5015,1740,564,32856,1976,140627,757,1537,90,89,11505,10470,1980,18569,3444,85327,1412,553,100807,20782,248,224783,1294,4283,8014,6558,7634,9609,5528,50410,1739,245,244,1857,577],"class_list":["post-392174","post","type-post","status-publish","format-standard","has-post-thumbnail","category-calcio","tag-allegri","tag-allenatore","tag-alternative","tag-area","tag-aspetta","tag-attacco","tag-bayern","tag-calcio","tag-campionato","tag-champions","tag-champions-league","tag-cifra","tag-club","tag-colpo","tag-colpo-reparto","tag-competere","tag-condivise","tag-contratto","tag-derby","tag-difesa","tag-esperienza","tag-estate","tag-europa","tag-faticosa","tag-fisicita","tag-football","tag-giocatore","tag-giocatore-milan","tag-gol","tag-goretzka","tag-incasso","tag-it","tag-italia","tag-italy","tag-kean","tag-kim","tag-league","tag-luka","tag-max","tag-menu","tag-mercato","tag-milan","tag-moise","tag-monaco","tag-napoli","tag-napoli-kim","tag-numeri","tag-partite","tag-potra","tag-principali","tag-punta","tag-quota","tag-reparto","tag-scelte","tag-soccer","tag-sport","tag-sports","tag-squadra","tag-stagione"],"share_on_mastodon":{"url":"","error":"Validation failed: Text character limit of 500 exceeded"},"_links":{"self":[{"href":"https:\/\/www.europesays.com\/it\/wp-json\/wp\/v2\/posts\/392174","targetHints":{"allow":["GET"]}}],"collection":[{"href":"https:\/\/www.europesays.com\/it\/wp-json\/wp\/v2\/posts"}],"about":[{"href":"https:\/\/www.europesays.com\/it\/wp-json\/wp\/v2\/types\/post"}],"author":[{"embeddable":true,"href":"https:\/\/www.europesays.com\/it\/wp-json\/wp\/v2\/users\/3"}],"replies":[{"embeddable":true,"href":"https:\/\/www.europesays.com\/it\/wp-json\/wp\/v2\/comments?post=392174"}],"version-history":[{"count":0,"href":"https:\/\/www.europesays.com\/it\/wp-json\/wp\/v2\/posts\/392174\/revisions"}],"wp:featuredmedia":[{"embeddable":true,"href":"https:\/\/www.europesays.com\/it\/wp-json\/wp\/v2\/media\/392175"}],"wp:attachment":[{"href":"https:\/\/www.europesays.com\/it\/wp-json\/wp\/v2\/media?parent=392174"}],"wp:term":[{"taxonomy":"category","embeddable":true,"href":"https:\/\/www.europesays.com\/it\/wp-json\/wp\/v2\/categories?post=392174"},{"taxonomy":"post_tag","embeddable":true,"href":"https:\/\/www.europesays.com\/it\/wp-json\/wp\/v2\/tags?post=392174"}],"curies":[{"name":"wp","href":"https:\/\/api.w.org\/{rel}","templated":true}]}}