{"id":392345,"date":"2026-03-12T10:25:13","date_gmt":"2026-03-12T10:25:13","guid":{"rendered":"https:\/\/www.europesays.com\/it\/392345\/"},"modified":"2026-03-12T10:25:13","modified_gmt":"2026-03-12T10:25:13","slug":"linter-si-rifa-il-trucco-a-centrocampo-in-estate-nuovo-assalto-a-manu-kone-della-roma","status":"publish","type":"post","link":"https:\/\/www.europesays.com\/it\/392345\/","title":{"rendered":"L&#8217;Inter si rif\u00e0 il trucco a centrocampo: in estate nuovo assalto a Manu Kon\u00e9 della Roma"},"content":{"rendered":"<p><a class=\"article-details_article-details__section__element--authorName__j3rZA article-details_link__9uNPj\" href=\"https:\/\/www.calciomercato.com\/about\/redazione\/andrea-distaso\/7\" rel=\"nofollow noopener\" target=\"_blank\">Andrea Distaso<\/a>12 mar 2026, 08:50<\/p>\n<p>Ultimi aggiornamenti: 12 mar 2026, 08:50<\/p>\n<p>Cristian Chivu preme per il calciatore gi\u00e0 corteggiato nel corso dell&#8217;ultima estate<\/p>\n<p><strong>E&#8217; un&#8217;Inter destinata a cambiare profondamente quella che si presenter\u00e0 ai nastri di partenza della stagione 2026\/2027.<\/strong> A prescindere da come si concluder\u00e0 quella che \u00e8 appena entrata nella sua fase decisiva e con la prospettiva davanti di portare a casa Scudetto e Coppa Italia,<strong> il management nerazzurro considera concluso o passibile di conclusione il percorso di diversi fra i calciatori attualmente in rosa e che hanno fatto le fortune del club nella storia recente.<\/strong> Chi per scadenza naturale del contratto, chi per l&#8217;opportunit\u00e0 di cercare nuovi stimoli altrove e liberare risorse economiche che la propriet\u00e0 statunitense reinvestir\u00e0 principalmente su profili pi\u00f9 futuribili e dagli ingaggi meno pesanti. Ma<strong> tra i pallini che resistono rispetto alla sessione di calciomercato dell&#8217;estate 2025 continua ad esserci assolutamente un giocatore come Manu Kon\u00e9.<\/strong><\/p>\n<p><a href=\"https:\/\/whatsapp.com\/channel\/0029VaVijAc5K3zMuRLvqA09 \" target=\"_blank\" rel=\"nofollow noopener\">Tutti gli AGGIORNAMENTI in TEMPO REALE! Unisciti al canale WHATSAPP DI CALCIOMERCATO.COM: clicca qui<\/a><\/p>\n","protected":false},"excerpt":{"rendered":"Andrea Distaso12 mar 2026, 08:50 Ultimi aggiornamenti: 12 mar 2026, 08:50 Cristian Chivu preme per il calciatore gi\u00e0&hellip;\n","protected":false},"author":3,"featured_media":235034,"comment_status":"","ping_status":"","sticky":false,"template":"","format":"standard","meta":{"footnotes":"","_share_on_mastodon":"0"},"categories":[176],"tags":[353,350,1537,90,89,103789,987,245,244,355],"class_list":["post-392345","post","type-post","status-publish","format-standard","has-post-thumbnail","category-sport","tag-calciomercato","tag-inter","tag-it","tag-italia","tag-italy","tag-m-kone","tag-roma","tag-sport","tag-sports","tag-transfers"],"share_on_mastodon":{"url":"https:\/\/pubeurope.com\/@it\/116215725134982924","error":""},"_links":{"self":[{"href":"https:\/\/www.europesays.com\/it\/wp-json\/wp\/v2\/posts\/392345","targetHints":{"allow":["GET"]}}],"collection":[{"href":"https:\/\/www.europesays.com\/it\/wp-json\/wp\/v2\/posts"}],"about":[{"href":"https:\/\/www.europesays.com\/it\/wp-json\/wp\/v2\/types\/post"}],"author":[{"embeddable":true,"href":"https:\/\/www.europesays.com\/it\/wp-json\/wp\/v2\/users\/3"}],"replies":[{"embeddable":true,"href":"https:\/\/www.europesays.com\/it\/wp-json\/wp\/v2\/comments?post=392345"}],"version-history":[{"count":0,"href":"https:\/\/www.europesays.com\/it\/wp-json\/wp\/v2\/posts\/392345\/revisions"}],"wp:featuredmedia":[{"embeddable":true,"href":"https:\/\/www.europesays.com\/it\/wp-json\/wp\/v2\/media\/235034"}],"wp:attachment":[{"href":"https:\/\/www.europesays.com\/it\/wp-json\/wp\/v2\/media?parent=392345"}],"wp:term":[{"taxonomy":"category","embeddable":true,"href":"https:\/\/www.europesays.com\/it\/wp-json\/wp\/v2\/categories?post=392345"},{"taxonomy":"post_tag","embeddable":true,"href":"https:\/\/www.europesays.com\/it\/wp-json\/wp\/v2\/tags?post=392345"}],"curies":[{"name":"wp","href":"https:\/\/api.w.org\/{rel}","templated":true}]}}