{"id":392361,"date":"2026-03-12T10:44:21","date_gmt":"2026-03-12T10:44:21","guid":{"rendered":"https:\/\/www.europesays.com\/it\/392361\/"},"modified":"2026-03-12T10:44:21","modified_gmt":"2026-03-12T10:44:21","slug":"la-dinamo-cerca-continuita-contro-reggio-emilia-dopo-il-blitz-di-trento","status":"publish","type":"post","link":"https:\/\/www.europesays.com\/it\/392361\/","title":{"rendered":"La Dinamo cerca continuit\u00e0 contro Reggio Emilia dopo il blitz di Trento"},"content":{"rendered":"\n<p data-path-to-node=\"0\">Domenica alle 12:00 gli uomini di Mrsic affrontano l&#8217;ostica Pallacanestro Reggiana.&#13;<br \/>\n<b data-path-to-node=\"0\" data-index-in-node=\"186\">Obiettivo salvezza tranquilla dopo un periodo segnato da infortuni e rivoluzioni sul mercato.<\/b><\/p>\n<p data-path-to-node=\"1\"><b data-path-to-node=\"1\" data-index-in-node=\"0\">di Giorgio Saitz<\/b><\/p>\n<p data-path-to-node=\"3\"><b data-path-to-node=\"3\" data-index-in-node=\"0\">Sassari<\/b> \u2013 A pochissimi giorni dall\u2019importante match che ha visto la determinata <b data-path-to-node=\"3\" data-index-in-node=\"80\">Dinamo Sassari<\/b> sconfiggere meritatamente (e al termine di una \u201cbattaglia\u201d estremamente avvincente e combattuta) l\u2019ottima Aquila Basket Trento, la formazione sarda \u00e8 di nuovo al lavoro per preparare la difficile gara che la vedr\u00e0 contrapposta, <b data-path-to-node=\"3\" data-index-in-node=\"323\">domenica 15 marzo 2026 alle ore 12:00<\/b> nell\u2019impianto sportivo isolano del PalaSerradimigni, all\u2019ostica compagine della Pallacanestro Reggiana.<\/p>\n<p data-path-to-node=\"4\">Un match, quello appena menzionato, indubbiamente di notevole spessore agonistico, in cui gli uomini capitanati dall\u2019esperta ala statunitense <b data-path-to-node=\"4\" data-index-in-node=\"142\">Rashawn Thomas<\/b> dovranno dare il massimo per ottenere l\u2019intera posta in palio.<\/p>\n<p data-path-to-node=\"6\">Una partita, come abbiamo precedentemente detto, indubbiamente ardua per il roster biancobl\u00f9, che da una parte ha l\u2019obiettivo di dare continuit\u00e0 alla vittoria maturata nello scorso weekend in terra trentina, e dall&#8217;altra permetterebbe ai ragazzi allenati dal \u201cnavigato\u201d coach croato <b data-path-to-node=\"6\" data-index-in-node=\"283\">Veljko Mrsic<\/b> una significativa iniezione di fiducia e consapevolezza nei propri mezzi in vista dei prossimi (difficili) impegni.<\/p>\n<p data-path-to-node=\"7\">Un successo, conseguito dalla compagine sarda fuori dalle mura amiche contro la temibile formazione bianco-nera (dopo la pausa dovuta agli impegni della Nazionale in merito alle qualificazioni per il prossimo Campionato del mondo), certamente di significativa importanza. Consente al glorioso team presieduto dall\u2019ottimo Presidente <b data-path-to-node=\"7\" data-index-in-node=\"332\">Sardara<\/b> di iniziare con il \u201cpiede giusto\u201d questo finale di Regular Season, dopo un periodo \u2013 purtroppo \u2013 non semplice a seguito degli infortuni occorsi a qualche cestista della formazione isolana (<b data-path-to-node=\"7\" data-index-in-node=\"529\">Marshall<\/b>, tuttora, non ancora al 100 per cento e <b data-path-to-node=\"7\" data-index-in-node=\"578\">Thomas<\/b> abile, s\u00ec, ma \u2013 in questo momento \u2013 non al massimo della condizione fisica).<\/p>\n<p data-path-to-node=\"9\">A pesare sono state anche alcune vicende extracampo: le rescissioni contrattuali dell\u2019esperto playmaker di passaporto georgiano <b data-path-to-node=\"9\" data-index-in-node=\"128\">Jacob Pullen<\/b> e della guardia <b data-path-to-node=\"9\" data-index-in-node=\"157\">Nate Johnson<\/b>, unite all\u2019arrivo dell\u2019ottimo playmaker <b data-path-to-node=\"9\" data-index-in-node=\"210\">Macon<\/b>, hanno rappresentato tutte componenti di notevole rilevanza che hanno costretto l\u2019illustre Societ\u00e0 biancobl\u00f9 a cambiare i piani previsti ad inizio anno.<\/p>\n<p data-path-to-node=\"10\">Certo, dopo queste recenti vicissitudini \u00e8 necessario non solo ripartire come accaduto nell\u2019ultima gara, ma anche proseguire il percorso intrapreso incamerando, al pi\u00f9 presto, un numero di punti sufficiente a portare a casa, al termine della Stagione Regolare, una tranquilla salvezza. Questo permetter\u00e0 non unicamente un finale di Campionato sereno, ma consentir\u00e0 anche di programmare (con grande calma) la prossima &#8220;temporada&#8221;, scegliendo i cestisti pi\u00f9 adatti che garantiscano ai colori biancobl\u00f9 una prossima Regular Season meno problematica di questa, con \u2013 magari \u2013 maggiori gioie e soddisfazioni per tutti i supporter che hanno questi colori stampati nel proprio cuore e nel proprio dna.<\/p>\n<p data-path-to-node=\"12\">In conclusione, un ottimo avvio quello appena eseguito da <b data-path-to-node=\"12\" data-index-in-node=\"58\">Buie<\/b> e compagni, che ha bisogno, attraverso l\u2019umilt\u00e0, l\u2019impegno e il \u201clavoro\u201d, solamente di continuit\u00e0. Una serie di buone prestazioni che porti a farci vedere quella \u201cvecchia\u201d Dinamo del recente passato, capace di ottenere (speriamo anche nell\u2019immediato futuro) non solo le [vette] pi\u00f9 alte del Basket italiano, ma anche dell\u2019intera pallacanestro europea.<\/p>\n","protected":false},"excerpt":{"rendered":"Domenica alle 12:00 gli uomini di Mrsic affrontano l&#8217;ostica Pallacanestro Reggiana.&#13; Obiettivo salvezza tranquilla dopo un periodo segnato&hellip;\n","protected":false},"author":3,"featured_media":392362,"comment_status":"","ping_status":"","sticky":false,"template":"","format":"standard","meta":{"footnotes":"","_share_on_mastodon":"0"},"categories":[1453],"tags":[1756,1757,1773,224884,1537,90,89,7773,32632,18452,63138,245,244,224883,139963],"class_list":["post-392361","post","type-post","status-publish","format-standard","has-post-thumbnail","category-basket","tag-basket","tag-basketball","tag-dinamo-sassari","tag-giorgio-saitz","tag-it","tag-italia","tag-italy","tag-lega-basket-serie-a","tag-palaserradimigni","tag-pallacanestro-reggiana","tag-rashawn-thomas","tag-sport","tag-sports","tag-stefano-sardara","tag-veljko-mrsic"],"share_on_mastodon":{"url":"https:\/\/pubeurope.com\/@it\/116215799203241825","error":""},"_links":{"self":[{"href":"https:\/\/www.europesays.com\/it\/wp-json\/wp\/v2\/posts\/392361","targetHints":{"allow":["GET"]}}],"collection":[{"href":"https:\/\/www.europesays.com\/it\/wp-json\/wp\/v2\/posts"}],"about":[{"href":"https:\/\/www.europesays.com\/it\/wp-json\/wp\/v2\/types\/post"}],"author":[{"embeddable":true,"href":"https:\/\/www.europesays.com\/it\/wp-json\/wp\/v2\/users\/3"}],"replies":[{"embeddable":true,"href":"https:\/\/www.europesays.com\/it\/wp-json\/wp\/v2\/comments?post=392361"}],"version-history":[{"count":0,"href":"https:\/\/www.europesays.com\/it\/wp-json\/wp\/v2\/posts\/392361\/revisions"}],"wp:featuredmedia":[{"embeddable":true,"href":"https:\/\/www.europesays.com\/it\/wp-json\/wp\/v2\/media\/392362"}],"wp:attachment":[{"href":"https:\/\/www.europesays.com\/it\/wp-json\/wp\/v2\/media?parent=392361"}],"wp:term":[{"taxonomy":"category","embeddable":true,"href":"https:\/\/www.europesays.com\/it\/wp-json\/wp\/v2\/categories?post=392361"},{"taxonomy":"post_tag","embeddable":true,"href":"https:\/\/www.europesays.com\/it\/wp-json\/wp\/v2\/tags?post=392361"}],"curies":[{"name":"wp","href":"https:\/\/api.w.org\/{rel}","templated":true}]}}