{"id":393376,"date":"2026-03-13T01:37:16","date_gmt":"2026-03-13T01:37:16","guid":{"rendered":"https:\/\/www.europesays.com\/it\/393376\/"},"modified":"2026-03-13T01:37:16","modified_gmt":"2026-03-13T01:37:16","slug":"moretto-marcus-thuram-alla-juve-cosa-mi-risulta-sulla-pista-di-mercato","status":"publish","type":"post","link":"https:\/\/www.europesays.com\/it\/393376\/","title":{"rendered":"Moretto: \u201cMarcus Thuram alla Juve? Cosa mi risulta sulla pista di mercato\u201d"},"content":{"rendered":"<p>Tanti rumors sul futuro di Marcus Thuram e in particolare sul suo possibile approdo alla Juventus: ecco cosa risulta a Matteo Moretto<\/p>\n<p><strong>Tanti rumors sul futuro di Marcus Thuram<\/strong> e in particolare sul suo possibile approdo alla Juventus, dove gioca il fratello. Ecco quanto raccolto da Matteo <strong>Moretto<\/strong> sull&#8217;ipotesi di mercato:<\/p>\n<p>\u201cSi sta parlando tanto del possibile ricongiungimento dei fratelli Thuram alla Juve. Non ci risulta che ci possa essere questo tipo di pista attiva ora, non ci sono contatti tra le parti. A oggi la Juve ha altre idee, Marcus non \u00e8 un obiettivo bianconero. \u00c8 una pista difficilmente percorribile, uno scenario che mi viene smentito. Non \u00e8 una voce che seguirei\u201d, ha spiegato Moretto al canale YouTube di Fabrizio Romano.<\/p>\n<p class=\"is-copyright\">\u00a9 RIPRODUZIONE RISERVATA<\/p>\n","protected":false},"excerpt":{"rendered":"Tanti rumors sul futuro di Marcus Thuram e in particolare sul suo possibile approdo alla Juventus: ecco cosa&hellip;\n","protected":false},"author":3,"featured_media":393377,"comment_status":"","ping_status":"","sticky":false,"template":"","format":"standard","meta":{"footnotes":"","_share_on_mastodon":"0"},"categories":[1452],"tags":[721,1740,1537,90,89,565,55705,73719,14988,696,4565,29971,1739,245,244,33591],"class_list":["post-393376","post","type-post","status-publish","format-standard","has-post-thumbnail","category-calcio","tag-calcio","tag-football","tag-it","tag-italia","tag-italy","tag-juve","tag-marcus","tag-marcus-thuram","tag-moretto","tag-pista","tag-possibile","tag-risulta","tag-soccer","tag-sport","tag-sports","tag-thuram"],"share_on_mastodon":{"url":"https:\/\/pubeurope.com\/@it\/116219310747223918","error":""},"_links":{"self":[{"href":"https:\/\/www.europesays.com\/it\/wp-json\/wp\/v2\/posts\/393376","targetHints":{"allow":["GET"]}}],"collection":[{"href":"https:\/\/www.europesays.com\/it\/wp-json\/wp\/v2\/posts"}],"about":[{"href":"https:\/\/www.europesays.com\/it\/wp-json\/wp\/v2\/types\/post"}],"author":[{"embeddable":true,"href":"https:\/\/www.europesays.com\/it\/wp-json\/wp\/v2\/users\/3"}],"replies":[{"embeddable":true,"href":"https:\/\/www.europesays.com\/it\/wp-json\/wp\/v2\/comments?post=393376"}],"version-history":[{"count":0,"href":"https:\/\/www.europesays.com\/it\/wp-json\/wp\/v2\/posts\/393376\/revisions"}],"wp:featuredmedia":[{"embeddable":true,"href":"https:\/\/www.europesays.com\/it\/wp-json\/wp\/v2\/media\/393377"}],"wp:attachment":[{"href":"https:\/\/www.europesays.com\/it\/wp-json\/wp\/v2\/media?parent=393376"}],"wp:term":[{"taxonomy":"category","embeddable":true,"href":"https:\/\/www.europesays.com\/it\/wp-json\/wp\/v2\/categories?post=393376"},{"taxonomy":"post_tag","embeddable":true,"href":"https:\/\/www.europesays.com\/it\/wp-json\/wp\/v2\/tags?post=393376"}],"curies":[{"name":"wp","href":"https:\/\/api.w.org\/{rel}","templated":true}]}}