{"id":393398,"date":"2026-03-13T01:50:09","date_gmt":"2026-03-13T01:50:09","guid":{"rendered":"https:\/\/www.europesays.com\/it\/393398\/"},"modified":"2026-03-13T01:50:09","modified_gmt":"2026-03-13T01:50:09","slug":"referendum-meloni-chiama-alla-mobilitazione-ma-non-vogliamo-liberarci-delle-toghe","status":"publish","type":"post","link":"https:\/\/www.europesays.com\/it\/393398\/","title":{"rendered":"Referendum, Meloni chiama alla mobilitazione: ma non vogliamo liberarci delle toghe"},"content":{"rendered":"<p>    di<br \/>\n    Virginia Piccolillo<\/p>\n<p class=\"summary-art is-line-h-12\">La premier a Milano all\u2019evento per il S\u00ec: \u00abNon abbiate paura.   Questo \u00e8  un voto contro le caste\u00bb<\/p>\n<p class=\"chapter-paragraph\">Ecco \u00abGiorgia\u00bb. La leader di partito e di governo che rassicura: \u00abNon abbiate paura. Votate contro le caste. Scrivete il vostro futuro\u00bb.<b> Che denuncia \u00aballarmismi e menzogne sulla riforma\u00bb.<\/b> Ma mette in guardia: \u00abSe stavolta non passa ci ritroveremo correnti ancora pi\u00f9 potenti, magistrati ancora pi\u00f9 negligenti che fanno carriera, decisioni ancora pi\u00f9 surreali sulla pelle dei cittadini\u00bb. <b>E ancora \u00abimmigrati illegali, stupratori, pedofili, spacciatori rimessi in libert\u00e0.<\/b> Antagonisti che devastano senza alcuna conseguenza giudiziaria\u00bb, fino ad arrivare a \u00ab<b>figli che vengono strappati alle madri perch\u00e9 i giudici n<\/b>on condividono il loro stile di vita se vivono in un bosco\u00bb. E infine fa appello ai sostenitori della riforma a  \u00abnon voltarsi dall\u2019altra parte e spendere 5 minuti per mettere la croce sul S\u00ec\u00bb.<b> Ma anche ai suoi detrattori: \u00abNon c\u2019\u00e8 alcuna possibilit\u00e0 che mi dimetta. <\/b>Quindi se condividete la riforma votate S\u00ec, altrimenti vi terrete questo governo e anche la giustizia che non funziona\u00bb.<\/p>\n<p class=\"chapter-paragraph\"><b>La premier sul palco del Teatro Franco Parenti, <\/b>dove non c\u2019\u00e8 alcun simbolo di FdI, cerca di tornare alla puntata precedente. <b>Quella del video di 13 minuti nel quale spiegava la riforma nel merito,<\/b> oscurato in tempo reale dal caso Bartolozzi: la capo di Gabinetto del ministro della Giustizia, Carlo Nordio, che in un\u2019intervista ha invitato a votare s\u00ec per \u00abliberarci\u00bb di quella magistratura che si fa \u00abplotone di esecuzione\u00bb. Meloni scandisce:  <b>\u00abVoglio essere molto chiara. Noi non vogliamo liberarci della magistratura\u00bb<\/b>. Anzi. Ritorce l\u2019accusa contro il fronte del No: \u00abLoro vogliono controllare la magistratura, per questo difendono lo status quo con le unghie e con i denti\u00bb.\u00a0    &#13;<br \/>\n&#13;<br \/>\n&#13;<br \/>\n&#13;<br \/>\n&#13;<br \/>\n&#13;<br \/>\n&#13;<br \/>\n&#13;<br \/>\n&#13;<br \/>\n&#13;<br \/>\n&#13;<br \/>\n&#13;<br \/>\n&#13;<br \/>\n&#13;<br \/>\n&#13;<br \/>\n&#13;<br \/>\n&#13;<br \/>\n&#13;<br \/>\n&#13;<br \/>\n&#13;<br \/>\n&#13;<br \/>\n&#13;<br \/>\n&#13;<br \/>\n&#13;<br \/>\n&#13;<br \/>\n&#13;<br \/>\n&#13;<br \/>\n&#13;<br \/>\n&#13;<br \/>\n&#13;<br \/>\n&#13;<br \/>\n&#13;<br \/>\n&#13;<br \/>\n&#13;<br \/>\n&#13;<br \/>\n&#13;<br \/>\n&#13;<br \/>\n&#13;<br \/>\n&#13;<br \/>\n&#13;<br \/>\n&#13;<br \/>\n&#13;<br \/>\n&#13;<br \/>\n&#13;<br \/>\n&#13;<br \/>\n&#13;<br \/>\n&#13;<br \/>\n&#13;<br \/>\n&#13;<br \/>\n&#13;<br \/>\n&#13;<br \/>\n&#13;<br \/>\n&#13;\n<\/p>\n<p class=\"chapter-paragraph\"><b>Il controllo della politica sulla magistratura \u00abc\u2019\u00e8 ora\u00bb<\/b>, denuncia. Sottolineando la \u00ablogica spartitoria\u00bb con cui vengono scelti i membri laici del Csm: \u00abA te ne spetta uno, a te due\u00bb. E censurando l\u2019\u00abappartenenza alle correnti che vale pi\u00f9 del merito\u00bb nella selezione dei membri togati ad opera di correnti, dice, <b>che riflettono appartenenze \u00abideologiche\u00bb<\/b>. La riforma, assicura Meloni, vuole recidere questo cordone.<\/p>\n<p class=\"chapter-paragraph\"><b>E a riprova annuncia una novit\u00e0. <\/b>In caso di vittoria del S\u00ec, proporr\u00e0 una norma contro le porte-girevoli tra politica e Csm: \u00abUna norma da inserire nei decreti attuativi che preveder\u00e0 qualche anno di compensazione prima di passare da incarichi politici agli organi di autogoverno della magistratura\u00bb. <br \/>Ne aveva parlato anche il sottosegretario Alfredo Mantovano a Start di Skytg24: \u00abGiuseppe Conte sostiene che con la riforma aumenterebbe la componente politica negli organi di autogoverno. <b>Non risulta per\u00f2 che abbia mai espresso preoccupazion<\/b>i perch\u00e9, per decenni, vicepresidenti del Csm  siano spesso transitati direttamente dal Parlamento o dal governo al vertice del Consiglio. Forse perch\u00e9, pur degnissime persone, quasi tutti provenivano da partiti di sinistra?\u00bb.<\/p>\n<p class=\"chapter-paragraph\"><b>Al Teatro Parenti l\u2019intero stato maggiore di FdI. <\/b>Incluso Giovanni Donzelli che, a margine, al sindaco Beppe Sala, critico con Meloni perch\u00e9 \u00aba Milano si vede poco per appuntamenti pi\u00f9 istituzionali\u00bb, manda a dire: \u00abFa bene la premier, meno la turista\u00bb. Il presidente del Senato, Ignazio La Russa infiamma la platea rivendicando: \u00ab<b>Se qualcuno pensa che la destra sia mangia-magistrati non ha capito la nostra storia,<\/b> \u00e8 esattamente l\u2019opposto\u00bb. E  punta il dito contro chi ha fatto \u00abdiventare eroi alcuni magistrati solo dopo morti. Come Falcone che da vivo non \u00e8 stato promosso superprocuratore\u00bb. Prima di invitare l\u2019\u00abenorme maggioranza silenziosa\u00bb dei magistrati a prendere posizione senza remore in favore del S\u00ec. Il ministro Nordio promette meno errori giudiziari: \u00ab<b>Sono fisiologici, per questo tutte le nazioni prevedono secondo e terzo grado di giudizio.<\/b> Ma ci sono anche errori gravi, inescusabili, che restano impuniti perch\u00e9 la giustizia \u00e8 domestica\u00bb.<br \/><b><br \/>Ma \u00e8 Giorgia Meloni a tornare sul merito: <\/b>\u00abChi fa bene merita di essere valorizzato e non di restare al palo perch\u00e9 non aveva le amicizie giuste\u00bb. Quindi l\u2019affondo contro l\u2019Anm: <b>\u00abNon devo ricordare io quante volte gli sforzi concreti per riformare la giustizia sono naufragati a causa dell\u2019interdizione<\/b> dei vertici dell\u2019Anm o di gruppi di magistrati che avevano grande notoriet\u00e0 mediatica\u00bb.<\/p>\n<p class=\"is-last-update\" datetime=\"2026-03-12T23:19:11+01:00\">12 marzo 2026 ( modifica il 12 marzo 2026 | 23:19)<\/p>\n<p class=\"is-copyright\">\n            \u00a9 RIPRODUZIONE RISERVATA\n        <\/p>\n","protected":false},"excerpt":{"rendered":"di Virginia Piccolillo La premier a Milano all\u2019evento per il S\u00ec: \u00abNon abbiate paura. Questo \u00e8 un voto&hellip;\n","protected":false},"author":3,"featured_media":393399,"comment_status":"","ping_status":"","sticky":false,"template":"","format":"standard","meta":{"footnotes":"","_share_on_mastodon":"0"},"categories":[79],"tags":[506,225314,225315,90907,225316,225317,10302,225318,225319,10112,89062,225320,10080,159962,7674,23413,14,93,94,80793,821,5362,124,125,485,1537,90,89,225310,225311,2422,56,58,4558,10329,28,3479,7,2438,6878,15,48694,225312,8510,5238,477,115,2417,2434,4887,1899,11,84,91,12,85,92,12363,4967,225313,131928],"class_list":["post-393398","post","type-post","status-publish","format-standard","has-post-thumbnail","category-italia","tag-accusa","tag-accusa-fronte","tag-accusa-fronte-vogliono","tag-affondo","tag-affondo-anm","tag-affondo-anm-devo","tag-alcun","tag-alcun-simbolo","tag-alcun-simbolo-fdi","tag-alfredo","tag-alfredo-mantovano","tag-alfredo-mantovano-start","tag-anm","tag-autogoverno","tag-caste","tag-correnti","tag-cronaca","tag-cronaca-italiana","tag-cronacaitaliana","tag-csm","tag-denuncia","tag-errori","tag-fdi","tag-giorgia","tag-giustizia","tag-it","tag-italia","tag-italy","tag-liberarci","tag-liberarci-magistratura","tag-magistrati","tag-magistratura","tag-meloni","tag-membri","tag-merito","tag-milano","tag-minuti","tag-news","tag-nordio","tag-norma","tag-notizie","tag-organi","tag-organi-autogoverno","tag-parenti","tag-paura","tag-politica","tag-premier","tag-riforma","tag-si","tag-teatro","tag-tornare","tag-ultime-notizie","tag-ultime-notizie-e-news-di-oggi","tag-ultime-notizie-italia","tag-ultimenotizie","tag-ultimenotizieenewsdioggi","tag-ultimenotizieitalia","tag-vengono","tag-vogliamo","tag-vogliamo-liberarci","tag-votate"],"share_on_mastodon":{"url":"","error":"Validation failed: Text character limit of 500 exceeded"},"_links":{"self":[{"href":"https:\/\/www.europesays.com\/it\/wp-json\/wp\/v2\/posts\/393398","targetHints":{"allow":["GET"]}}],"collection":[{"href":"https:\/\/www.europesays.com\/it\/wp-json\/wp\/v2\/posts"}],"about":[{"href":"https:\/\/www.europesays.com\/it\/wp-json\/wp\/v2\/types\/post"}],"author":[{"embeddable":true,"href":"https:\/\/www.europesays.com\/it\/wp-json\/wp\/v2\/users\/3"}],"replies":[{"embeddable":true,"href":"https:\/\/www.europesays.com\/it\/wp-json\/wp\/v2\/comments?post=393398"}],"version-history":[{"count":0,"href":"https:\/\/www.europesays.com\/it\/wp-json\/wp\/v2\/posts\/393398\/revisions"}],"wp:featuredmedia":[{"embeddable":true,"href":"https:\/\/www.europesays.com\/it\/wp-json\/wp\/v2\/media\/393399"}],"wp:attachment":[{"href":"https:\/\/www.europesays.com\/it\/wp-json\/wp\/v2\/media?parent=393398"}],"wp:term":[{"taxonomy":"category","embeddable":true,"href":"https:\/\/www.europesays.com\/it\/wp-json\/wp\/v2\/categories?post=393398"},{"taxonomy":"post_tag","embeddable":true,"href":"https:\/\/www.europesays.com\/it\/wp-json\/wp\/v2\/tags?post=393398"}],"curies":[{"name":"wp","href":"https:\/\/api.w.org\/{rel}","templated":true}]}}