{"id":393680,"date":"2026-03-13T07:15:21","date_gmt":"2026-03-13T07:15:21","guid":{"rendered":"https:\/\/www.europesays.com\/it\/393680\/"},"modified":"2026-03-13T07:15:21","modified_gmt":"2026-03-13T07:15:21","slug":"e-stato-portato-in-ospedale-arrestato-un-20enne","status":"publish","type":"post","link":"https:\/\/www.europesays.com\/it\/393680\/","title":{"rendered":"\u00e8 stato portato in ospedale. Arrestato un 20enne"},"content":{"rendered":"<p><strong><a href=\"https:\/\/www.ilgazzettino.it\/t\/pieve-di-soligo\" rel=\"nofollow noopener\" target=\"_blank\">PIEVE DI SOLIGO<\/a> (TREVISO)<\/strong> &#8211; <strong><a href=\"https:\/\/www.ilgazzettino.it\/t\/rapina-in-villa\" rel=\"nofollow noopener\" target=\"_blank\">Rapina in villa<\/a><\/strong> nella serata di ieri, mercoled\u00ec 11\u00a0marzo, a Pieve di Soligo. Tre persone con il volto travisato e armate di pistola e coltelli verso le\u00a022 sono riuscite\u00a0ad entrare nell&#8217;abitazione del <strong>medico <a href=\"https:\/\/www.ilgazzettino.it\/t\/dentista\" rel=\"nofollow noopener\" target=\"_blank\">dentista<\/a><\/strong>\u00a0<strong><a href=\"https:\/\/www.ilgazzettino.it\/t\/alessandro-bubola\" rel=\"nofollow noopener\" target=\"_blank\">Alessandro Bubola<\/a><\/strong> mentre il 49 enne si trovava in casa insieme alla moglie e ai due figli di 17\u00a0e 19\u00a0anni.<\/p>\n<p>    &#13;<\/p>\n<p>APPROFONDIMENTI<\/p>\n<p>&#13;<\/p>\n<p>                            &#13;<br \/>\n                                            &#13;<br \/>\n                            <a href=\"https:\/\/www.ilgazzettino.it\/nordest\/treviso\/rapina_villa_alessandro_bubola_coltelli_gola_pieve_di_soligo-9411807.html\" rel=\"nofollow noopener\" target=\"_blank\">&#13;<br \/>\n                                                                <img decoding=\"async\" src=\"https:\/\/www.europesays.com\/it\/wp-content\/uploads\/2026\/03\/9411807_12145509_rapina_villa_alessandro_bubola_coltelli_gola_pieve_di_soligo.jpg\"\/>&#13;<br \/>\n                            <\/a>&#13;<br \/>\n                        &#13;<br \/>\n                                        &#13;<\/p>\n<p>                            &#13;<br \/>\n                                            &#13;<br \/>\n                            <a href=\"https:\/\/www.ilgazzettino.it\/nordest\/treviso\/alessandro_bubola_sangue_casa_rapina_balordi_caschi_in_testa_pieve_di_soligo-9411865.html\" rel=\"nofollow noopener\" target=\"_blank\">&#13;<br \/>\n                                                                <img decoding=\"async\" src=\"https:\/\/www.europesays.com\/it\/wp-content\/uploads\/2026\/03\/9411865_12153544_thumbnail_da_fotogramma.jpg\"\/>&#13;<br \/>\n                            <\/a>&#13;<br \/>\n                        &#13;<br \/>\n                                        &#13;<\/p>\n<p>        &#13;<\/p>\n<p>Lo stratagemma per entrare nella villa <\/p>\n<p>I\u00a0tre malviventi con uno stratagemma sono riusciti a farsi aprire la porta di casa del dentista e hanno fatto irruzione nell\u2019abitazione minacciando il medico affinch\u00e9 aprisse la cassaforte. <\/p>\n<p>Il dentista \u00e8 rimasto ferito nella colluttazione con un uno dei rapinatori ma alla fine\u00a0\u00e8 stato costretto a consegnare circa 15mila euro in contanti e alcuni monili in oro.Le indagini <\/p>\n<p>I carabinieri della Stazione di Pieve di Soligo e della Compagnia di Vittorio Veneto verso le 3.30 di oggi, gioved\u00ec 12 marzo,\u00a0sono riusciti ad\u00a0individuare e fermare in via San Giacomo di Follina un giovane di 20 anni, gi\u00e0 noto alle forze di polizia, mentre era alla guida di un\u2019auto.\u00a0La successiva perquisizione ha permesso di rinvenire nella sua disponibilit\u00e0 un coltello da cucina, del quale non ha saputo giustificare il possesso, nonch\u00e9 circa 14mila euro in contanti, occultati nei pantaloni. Il 20enne aveva dei segni sul viso compatibili con quelle descritte dal dentista 49enne che il giovane si sarebbe procurato durante la colluttazione avvenuta nel corso della rapina.<\/p>\n<p>Arrestato <\/p>\n<p>Alla luce degli elementi raccolti, il 20enne \u00e8 stato arrestato dai carabinieri con l\u2019accusa di rapina aggravata in concorso con ignoti e portato nella casa circondariale, a disposizione dell\u2019Autorit\u00e0 Giudiziaria in attesa dell\u2019udienza di convalida.<\/p>\n<p>Stefani: \u00abVicinanza al medico e alla sua famiglia, vittime di violenza inaccettabile\u00bb <\/p>\n<p>\u00abIl mio pi\u00f9 sincero ringraziamento ai carabinieri di Pieve e Vittorio Veneto per il tempestivo intervento e per l\u2019esemplare attivit\u00e0 investigativa che ha portato, in poche ore, all\u2019arresto di uno dei presunti responsabili della violenta rapina avvenuta nella serata di\u00a0ieri\u00a0a Pieve di Soligo. Un\u2019azione rapida e professionale che dimostra ancora una volta la grande capacit\u00e0 operativa e la presenza costante dell\u2019Arma sul territorio, elementi fondamentali per garantire sicurezza e tutela ai cittadini\u00bb, commenta il\u00a0presidente del Veneto\u00a0Alberto Stefani.\u00a0<\/p>\n<p>\u00abA questo professionista e ai suoi cari, costretti a vivere momenti di grande paura nella propria abitazione, va la mia pi\u00f9 sentita solidariet\u00e0 e la vicinanza dell\u2019intera comunit\u00e0 veneta &#8211; aggiunge Stefani -. Episodi come questo colpiscono profondamente perch\u00e9 avvengono nel luogo che dovrebbe essere il pi\u00f9 sicuro per ogni persona: la propria casa.\u00a0Dalle prime informazioni emerse, il 20enne arrestato risulterebbe gi\u00e0 noto alle forze dell\u2019ordine. \u00c8\u00a0un elemento che non pu\u00f2 lasciarci indifferenti. Confido che le indagini consentano di individuare al pi\u00f9 presto anche gli altri complici coinvolti nella rapina. Tutti noi, a partire dalle istituzioni, continuiamo a sostenere con convinzione il lavoro delle forze dell\u2019ordine e tutte le iniziative utili a rafforzare la sicurezza nei nostri territori, perch\u00e9 la tutela dei veneti e delle famiglie resta una priorit\u00e0 assoluta\u00bb.<\/p>\n<p><a class=\"link_item\" data-linked_from=\"9411745\" href=\"https:\/\/www.ilgazzettino.it\/nordest\/treviso\/alessandro_bubola_sangue_casa_rapina_balordi_caschi_in_testa_pieve_di_soligo-9411865.html\" rel=\"nofollow noopener\" target=\"_blank\">\u00abHo reagito contro 3 persone molto violente, c&#8217;\u00e8 molto sangue in casa\u00bb, il dentista Bubola: balordi sotto l&#8217;effetto di stupefacenti, avevano caschi in testa VIDEO<\/a><\/p>\n","protected":false},"excerpt":{"rendered":"PIEVE DI SOLIGO (TREVISO) &#8211; Rapina in villa nella serata di ieri, mercoled\u00ec 11\u00a0marzo, a Pieve di Soligo.&hellip;\n","protected":false},"author":3,"featured_media":393681,"comment_status":"","ping_status":"","sticky":false,"template":"","format":"standard","meta":{"footnotes":"","_share_on_mastodon":"0"},"categories":[6],"tags":[225401,14,92327,8,1537,90,89,7,15,82,9,83,10,225402,63240,13,11,80,84,12,81,85],"class_list":["post-393680","post","type-post","status-publish","format-standard","has-post-thumbnail","category-ultime-notizie","tag-alessandro-bubola","tag-cronaca","tag-dentista","tag-headlines","tag-it","tag-italia","tag-italy","tag-news","tag-notizie","tag-notizie-di-cronaca","tag-notizie-principali","tag-notiziedicronaca","tag-notizieprincipali","tag-pieve-di-soligo","tag-rapina-in-villa","tag-titoli","tag-ultime-notizie","tag-ultime-notizie-di-cronaca","tag-ultime-notizie-e-news-di-oggi","tag-ultimenotizie","tag-ultimenotiziedicronaca","tag-ultimenotizieenewsdioggi"],"share_on_mastodon":{"url":"https:\/\/pubeurope.com\/@it\/116220639660192830","error":""},"_links":{"self":[{"href":"https:\/\/www.europesays.com\/it\/wp-json\/wp\/v2\/posts\/393680","targetHints":{"allow":["GET"]}}],"collection":[{"href":"https:\/\/www.europesays.com\/it\/wp-json\/wp\/v2\/posts"}],"about":[{"href":"https:\/\/www.europesays.com\/it\/wp-json\/wp\/v2\/types\/post"}],"author":[{"embeddable":true,"href":"https:\/\/www.europesays.com\/it\/wp-json\/wp\/v2\/users\/3"}],"replies":[{"embeddable":true,"href":"https:\/\/www.europesays.com\/it\/wp-json\/wp\/v2\/comments?post=393680"}],"version-history":[{"count":0,"href":"https:\/\/www.europesays.com\/it\/wp-json\/wp\/v2\/posts\/393680\/revisions"}],"wp:featuredmedia":[{"embeddable":true,"href":"https:\/\/www.europesays.com\/it\/wp-json\/wp\/v2\/media\/393681"}],"wp:attachment":[{"href":"https:\/\/www.europesays.com\/it\/wp-json\/wp\/v2\/media?parent=393680"}],"wp:term":[{"taxonomy":"category","embeddable":true,"href":"https:\/\/www.europesays.com\/it\/wp-json\/wp\/v2\/categories?post=393680"},{"taxonomy":"post_tag","embeddable":true,"href":"https:\/\/www.europesays.com\/it\/wp-json\/wp\/v2\/tags?post=393680"}],"curies":[{"name":"wp","href":"https:\/\/api.w.org\/{rel}","templated":true}]}}