{"id":393686,"date":"2026-03-13T07:28:15","date_gmt":"2026-03-13T07:28:15","guid":{"rendered":"https:\/\/www.europesays.com\/it\/393686\/"},"modified":"2026-03-13T07:28:15","modified_gmt":"2026-03-13T07:28:15","slug":"vlahovic-juve-rinnovo-verso-il-si-pronti-7-milioni-a-stagione","status":"publish","type":"post","link":"https:\/\/www.europesays.com\/it\/393686\/","title":{"rendered":"Vlahovic-Juve, rinnovo verso il s\u00ec: pronti 7 milioni a stagione"},"content":{"rendered":"<p>                                Si tratta il rinnovo, Dusan verso il s\u00ec: le firme di Yildiz e Spalletti sono un assist per il serbo<\/p>\n<p>            <a class=\"image is-50x50\" href=\"https:\/\/www.gazzetta.it\/redazione\/guglielmo-buccheri\/\" rel=\"nofollow noopener\" target=\"_blank\"><br \/>\n                <img decoding=\"async\" class=\"is-rounded\" src=\"https:\/\/www.europesays.com\/it\/wp-content\/uploads\/2025\/09\/1758781509_607_omino.png\" alt=\"Guglielmo Buccheri\"\/><br \/>\n            <\/a><\/p>\n<p>Giornalista<\/p>\n<p>                    13 marzo &#8211; 07:33  &#8211; MILANO<\/p>\n<p class=\"paragraph\" spellcheck=\"true\">Il quarto mese di degenza, Dusan Vlahovic ritrova il gruppo e, domani sera a Udine, il campo: per ora dalla panchina, pi\u00f9 avanti si vedr\u00e0. Una degenza non banale per colpa della lesione di alto grado all\u2019adduttore sinistro &#8211; il serbo \u00e8 stato operato a Londra lo scorso 4 dicembre -, ma anche perch\u00e9 la lunga assenza dalla scena ha avuto l\u2019effetto di riavvicinare il centravanti alla causa bianconera: Dusan non si \u00e8 mai sentito abbandonato dalla Juventus e, ora, guarda all\u2019immediato futuro con uno sguardo nuovo e non pi\u00f9 condizionato dal contratto in scadenza a giugno. Alla Continassa non hanno mai dubitato di ci\u00f2 che Vlahovic raccontava, aggiornando i vertici del club: non ho deciso niente, per me rimanere a Torino resta la priorit\u00e0.<\/p>\n<p>    Ottimismo\u2014 \u00a0<\/p>\n<p class=\"paragraph is-inline\" spellcheck=\"true\">\u00a0Le prime mosse vanno in questa direzione e ci vanno per pi\u00f9 di un motivo. Tornando alla lunga degenza &#8211; il centravanti serbo si \u00e8 fatto male a fine novembre -, il tema di come, e in quali tempi, Dusan torner\u00e0 a pieno regime \u00e8 inevitabile e non senza conseguenze: si interroga la Juventus, ma si interrogano anche tutti coloro che pensano a Vlahovic come possibile colpo o rinforzo  a zero e solo con il peso dell\u2019ingaggio. Il Barcellona \u00e8 stato il primo a informarsi sulla posizione e sulla volont\u00e0 dell\u2019attaccante perch\u00e9 c\u2019\u00e8 da sostituire il partente Lewandowski ma, da Barcellona, segnalano una societ\u00e0 in frenata. Il Bayern Monaco la retromarcia l\u2019ha messa da un po\u2019 perch\u00e9 altre sembrano le mire dei tedeschi. E allora? Qui si intrecciano gli interessi bianconeri e quelli del giocatore: alla Continassa devono rivoluzionare la linea offensiva e partire da un punto fermo (Vlahovic) avrebbe una sua logica, il centravanti di Belgrado sa che deve ripartire da uno stop ingombrante e farlo dentro quella che pu\u00f2 anche considerare una sorta di comfort zone avrebbe un suo fondamento. Per di pi\u00f9, restando Luciano Spalletti almeno per un\u2019altra stagione, Dusan sa che il posto da 9 sarebbe suo e per distacco: prima dell\u2019infortunio, l\u2019ex ct azzurro aveva investito il serbo della titolarit\u00e0 per meriti e perch\u00e9 strategico al suo tipo di calcio.<\/p>\n<p>    Pap\u00e0 Milos\u2014 \u00a0<\/p>\n<p class=\"paragraph is-inline\" spellcheck=\"true\">\u00a0Le prime mosse hanno anche toccato gli aspetti economici, anche se non in profondit\u00e0. La Juventus \u00e8 disposta a spingersi fino a un ingaggio di 6 milioni di euro, sette con i bonus in modo da portare Dusan sulla stesso piano, o quasi, della stellina turca Kenan Yildiz. Bonus che, in questa ultima annata dell\u2019attaccante sotto la Mole, lo hanno visto salire fino al tetto, non pi\u00f9 immaginabile, di 12 milioni di euro: cos\u00ec prevedeva il contratto firmato dalle parti nell\u2019inverno del 2022. Per quanto riguarda la possibile durata di un  nuovo matrimonio, le strade sono aperte compresa quella di un rinnovo non lungo, anzi: un anno o due per avere garanzie, lato bianconero, per rimettersi in vetrina con il gioco di Spalletti e spiccare il volo, lato Vlahovic. Che il clima sia cambiato lo dimostra anche la presenza di pap\u00e0 Milos accanto al figlio Dusan, e non soltanto per una questione di affetto e vicinanza familiare: il padre prende sempre pi\u00f9 parte agli incontri, informali, sul futuro del proprio figliolo. Quella dell\u2019entourage di Vlahovic spesso sull\u2019Aventino per mostrare il proprio disappunto quando in campo entrava il contratto \u00e8 stato motivo di frizioni e incomprensioni che non hanno certo avvicinato i presenti al tavolo nella scorsa, estenuante, estate di mercato.<\/p>\n<p><a class=\"is-partner-link\" href=\"https:\/\/abbonamenti.gazzetta.it\/calciatori-panini-2025\/?pwcmp_promo_panini_cta&amp;forceBrowser=true\" rel=\"nofollow noopener\" target=\"_blank\">Gazzetta digital + Box Panini + Album a soli 80\u20ac, il modo pi\u00f9 veloce e conveniente per completare la collezione!<\/a><\/p>\n<p>    PRIMO TIFOSO\u2014 \u00a0<\/p>\n<p class=\"paragraph is-inline\" spellcheck=\"true\">\u00a0La lunga degenza non ha impedito a Dusan di far sentire il suo appoggio ai compagni con i quali il rapporto \u00e8 sempre stato ottimo: il centravanti serbo non si \u00e8 perso un duello dello Stadium da bordo campo, entrando sul terreno di gioco per il riscaldamento e per salutare i suoi tifosi.  Una presenza significativa, un\u2019attenzione che non \u00e8 passata inosservata in tempi di contratto in scadenza: i rinnovi di Yildiz, McKennie e quello gi\u00e0 pronto di Luciano Spalletti rappresentano tre assist, i migliori, perch\u00e9 Vlahovic capisca in quale direzione vuole andare la nuova Juventus. Ne far\u00e0 parte anche il centravanti serbo? Il barometro volge al bello dove per bello si intende una firma per restare. Siamo ai supplementari.<\/p>\n<p class=\"is-copyright\">\u00a9 RIPRODUZIONE RISERVATA<\/p>\n","protected":false},"excerpt":{"rendered":"Si tratta il rinnovo, Dusan verso il s\u00ec: le firme di Yildiz e Spalletti sono un assist per&hellip;\n","protected":false},"author":3,"featured_media":393687,"comment_status":"","ping_status":"","sticky":false,"template":"","format":"standard","meta":{"footnotes":"","_share_on_mastodon":"0"},"categories":[1452],"tags":[8235,562,351,2873,587,721,921,12837,169824,7521,6693,7283,51034,274,8002,724,1740,2024,7183,1537,90,89,558,3418,64438,1258,225403,162036,3740,10819,690,225404,4565,8158,4425,225405,21730,6193,1438,12154,1739,24806,245,244,577,3971,7257,578,4969,10571],"class_list":["post-393686","post","type-post","status-publish","format-standard","has-post-thumbnail","category-calcio","tag-assist","tag-attaccante","tag-barcellona","tag-bello","tag-bonus","tag-calcio","tag-campo","tag-centravanti","tag-centravanti-serbo","tag-continassa","tag-contratto","tag-contratto-scadenza","tag-degenza","tag-direzione","tag-dusan","tag-euro","tag-football","tag-gioco","tag-ingaggio","tag-it","tag-italia","tag-italy","tag-juventus","tag-luciano","tag-luciano-spalletti","tag-lunga","tag-lunga-degenza","tag-milos","tag-mosse","tag-motivo","tag-papa","tag-papa-milos","tag-possibile","tag-presenza","tag-prime","tag-prime-mosse","tag-rinnovo","tag-sa","tag-scadenza","tag-serbo","tag-soccer","tag-spalletti","tag-sport","tag-sports","tag-stagione","tag-tempi","tag-vanno","tag-vlahovic","tag-vuole","tag-yildiz"],"share_on_mastodon":{"url":"","error":"Validation failed: Text character limit of 500 exceeded"},"_links":{"self":[{"href":"https:\/\/www.europesays.com\/it\/wp-json\/wp\/v2\/posts\/393686","targetHints":{"allow":["GET"]}}],"collection":[{"href":"https:\/\/www.europesays.com\/it\/wp-json\/wp\/v2\/posts"}],"about":[{"href":"https:\/\/www.europesays.com\/it\/wp-json\/wp\/v2\/types\/post"}],"author":[{"embeddable":true,"href":"https:\/\/www.europesays.com\/it\/wp-json\/wp\/v2\/users\/3"}],"replies":[{"embeddable":true,"href":"https:\/\/www.europesays.com\/it\/wp-json\/wp\/v2\/comments?post=393686"}],"version-history":[{"count":0,"href":"https:\/\/www.europesays.com\/it\/wp-json\/wp\/v2\/posts\/393686\/revisions"}],"wp:featuredmedia":[{"embeddable":true,"href":"https:\/\/www.europesays.com\/it\/wp-json\/wp\/v2\/media\/393687"}],"wp:attachment":[{"href":"https:\/\/www.europesays.com\/it\/wp-json\/wp\/v2\/media?parent=393686"}],"wp:term":[{"taxonomy":"category","embeddable":true,"href":"https:\/\/www.europesays.com\/it\/wp-json\/wp\/v2\/categories?post=393686"},{"taxonomy":"post_tag","embeddable":true,"href":"https:\/\/www.europesays.com\/it\/wp-json\/wp\/v2\/tags?post=393686"}],"curies":[{"name":"wp","href":"https:\/\/api.w.org\/{rel}","templated":true}]}}