{"id":394022,"date":"2026-03-13T12:52:11","date_gmt":"2026-03-13T12:52:11","guid":{"rendered":"https:\/\/www.europesays.com\/it\/394022\/"},"modified":"2026-03-13T12:52:11","modified_gmt":"2026-03-13T12:52:11","slug":"romano-esposito-newcastle-pronto-a-fare-sul-serio-ecco-cosa-risulta","status":"publish","type":"post","link":"https:\/\/www.europesays.com\/it\/394022\/","title":{"rendered":"Romano: &#8220;Esposito, Newcastle pronto a fare sul serio! Ecco cosa risulta&#8221;"},"content":{"rendered":"<p>La prima, ottima stagione a grandi livelli di Pio Esposito non \u00e8 passata inosservata. Non solo in Italia, ma anche all&#8217;estero<\/p>\n<p>La prima, ottima stagione a grandi livelli di Pio Esposito non \u00e8 passata inosservata.<\/p>\n<p>Non solo in Italia, ma anche all&#8217;estero e, nello specifico, in Premier League.<\/p>\n<p>Come riferisce Fabrizio Romano su YouTube, infatti, quello del giovane attaccante nerazzurro \u00e8 un profilo molto apprezzato in Inghilterra. Non solo dall&#8217;Arsenal, ma soprattutto dal Newcastle che, a livello di cifre, sarebbe pronto a fare davvero sul serio:<\/p>\n<p>&#8220;Uno dei giocatori che l&#8217;Inter considera intoccabili per l&#8217;estate \u00e8 certamente Pio Esposito. All&#8217;estero si \u00e8 parlato tanto dell&#8217;Arsenal, ma i Gunners non hanno fatto alcun passo, al di l\u00e0 dello scounting su diversi giocatori. Un club che sarebbe pronto da quanto mi risulta a fare sul serio dal punto di vista delle cifre sarebbe il Newcastle, che prender\u00e0 una punta in estate: quello di Esposito \u00e8 uno dei nomi che circola, \u00e8 un profilo molto apprezzato, ma l&#8217;Inter non ha intenzione di dare aperture&#8221;.<\/p>\n<p class=\"is-copyright\">\u00a9 RIPRODUZIONE RISERVATA<\/p>\n","protected":false},"excerpt":{"rendered":"La prima, ottima stagione a grandi livelli di Pio Esposito non \u00e8 passata inosservata. Non solo in Italia,&hellip;\n","protected":false},"author":3,"featured_media":394023,"comment_status":"","ping_status":"","sticky":false,"template":"","format":"standard","meta":{"footnotes":"","_share_on_mastodon":"0"},"categories":[1452],"tags":[7467,5365,721,18332,7171,5427,1740,350,1537,90,89,32893,7173,7174,1917,24414,1739,245,244],"class_list":["post-394022","post","type-post","status-publish","format-standard","has-post-thumbnail","category-calcio","tag-apprezzato","tag-arsenal","tag-calcio","tag-cifre","tag-esposito","tag-estero","tag-football","tag-inter","tag-it","tag-italia","tag-italy","tag-newcastle","tag-pio","tag-pio-esposito","tag-pronto","tag-serio","tag-soccer","tag-sport","tag-sports"],"share_on_mastodon":{"url":"https:\/\/pubeurope.com\/@it\/116221964878155038","error":""},"_links":{"self":[{"href":"https:\/\/www.europesays.com\/it\/wp-json\/wp\/v2\/posts\/394022","targetHints":{"allow":["GET"]}}],"collection":[{"href":"https:\/\/www.europesays.com\/it\/wp-json\/wp\/v2\/posts"}],"about":[{"href":"https:\/\/www.europesays.com\/it\/wp-json\/wp\/v2\/types\/post"}],"author":[{"embeddable":true,"href":"https:\/\/www.europesays.com\/it\/wp-json\/wp\/v2\/users\/3"}],"replies":[{"embeddable":true,"href":"https:\/\/www.europesays.com\/it\/wp-json\/wp\/v2\/comments?post=394022"}],"version-history":[{"count":0,"href":"https:\/\/www.europesays.com\/it\/wp-json\/wp\/v2\/posts\/394022\/revisions"}],"wp:featuredmedia":[{"embeddable":true,"href":"https:\/\/www.europesays.com\/it\/wp-json\/wp\/v2\/media\/394023"}],"wp:attachment":[{"href":"https:\/\/www.europesays.com\/it\/wp-json\/wp\/v2\/media?parent=394022"}],"wp:term":[{"taxonomy":"category","embeddable":true,"href":"https:\/\/www.europesays.com\/it\/wp-json\/wp\/v2\/categories?post=394022"},{"taxonomy":"post_tag","embeddable":true,"href":"https:\/\/www.europesays.com\/it\/wp-json\/wp\/v2\/tags?post=394022"}],"curies":[{"name":"wp","href":"https:\/\/api.w.org\/{rel}","templated":true}]}}