{"id":39407,"date":"2025-08-10T14:18:18","date_gmt":"2025-08-10T14:18:18","guid":{"rendered":"https:\/\/www.europesays.com\/it\/39407\/"},"modified":"2025-08-10T14:18:18","modified_gmt":"2025-08-10T14:18:18","slug":"colombo-volley-annuario-2025-liguriasport","status":"publish","type":"post","link":"https:\/\/www.europesays.com\/it\/39407\/","title":{"rendered":"Colombo Volley (Annuario 2025) &#8211; Liguriasport"},"content":{"rendered":"<p>Sognando per il futuro, un campionato di serie prestigioso, il settore giovanile resta il fiore all\u2019occhiello della Colombo Genova che vince tutti i titoli provinciali e regionali (in attesa dell\u2019under 13, 7\/8 giugno) e alle finali nazionali si colloca sempre tra le 15 migliori societ\u00e0 d\u2019Italia.<br \/><img loading=\"lazy\" decoding=\"async\" class=\"aligncenter size-full wp-image-146347 lazyload\" src=\"https:\/\/www.europesays.com\/it\/wp-content\/uploads\/2025\/08\/zoom_pallavolo_colombo_under17.jpg\" alt=\"\" width=\"1600\" height=\"1131\"\/>Grazie al contributo di Piero Merello, che resta la figura di riferimento del settore tecnico bianconero, di Lorenzo Bottaro, ex tecnico azzurro, laureato in Scienze Motorie e sempre pi\u00f9 in rampa di lancio, e di Elvio Ferrari che ha portato tutta la sua esperienza nella famiglia Colombo, la societ\u00e0 bianconera pu\u00f2 vantare uno staff di prim\u2019ordine.<br \/>Assieme a loro hanno dato un importante contributo Andrii Skoreiko, Andrea Rainone, Roberta Conterno, Davide Molianri Domenico Patrone e Luca Borghesi che hanno svolto un lavoro eccellente al fianco dei ragazzi sia dal punto di vista tecnico che umano, valorizzando tutti i ragazzi presenti in palestra.<br \/>Nel 2024 la Colombo Genova ha visto i suoi atleti simbolo sbocciare non solo in Superlega, ma anche con la maglia azzurra: Paolo e Luca Porro fanno parte del gruppo di Fef\u00e8 De Giorgi e il fratello Simone che ha giocato per il primo anno in serie A Porro, ma non solo. Molti altri atleti come Buzzi, Cai, Moschese, Guerriero, Zoratti, Menichini, Lottero hanno portato in alto il nome del settore giovanile bianconero in giro per i campi della serie A e i campionati nazionali.<br \/>\u201cProveremo ad allargare la base e a collaborare maggiormente sul territorio \u2013 commenta Paolo Noli, presidente della Colombo Genova \u2013 Per crescere \u00e8 fondamentale e continueremo a puntare sul settore giovanile. I nostri tecnici assicurano a tutti i ragazzi un percorso di valore. Per il futuro stiamo pensando ad un progetto che possa riportare la grande pallavolo a Genova\u201d.<br \/>Il prossimo anno la prima squadra della Colombo disputer\u00e0 la serie C maschile con l\u2019ambizione di riconquistare la serie nazionale, poi ci saranno altri campionati regionali, la Prima Divisione e tutte le under 19, 17, 15, 13 e 12 sino al movimento S3. Al seguito delle squadre e dei ragazzi numerosi dirigenti che con passione rendono possibile l\u2019attuazione del nostro progetto sportivo: Fabio Porro, Barbara Cadei, Luciano Cadei, Bruno Goti, Monica Isola, Stefano Orecchia, Ilaria Cappelletti, Tiziana Scano, Sandro Rogai, Chiara Benvenuti, Carlo Iaccheri, Matteo Ajmar e Monica Bozzano.<br \/>Per entrare in una squadra della Colombo \u00e8 necessario mandare mail a volleycolombogenova@gmail.com. I corsi di under 12 maschile per iniziare a giocare a pallavolo sono in zona centro presso la palestra del Gastaldi Abba in via Dino Col a Sampierdarena, ma anche a Ponente, a Voltri ai Capannoni ex Ansaldo. Pi\u00f9 vicino al centro citt\u00e0 ci sono corsi presso Padre Assarotti in via Serra ma anche in Darsena, presso la palestra dell\u2019Istituto Nautico. Inoltre la nostra societ\u00e0 \u00e8 molto attiva sui socials, con la pagina facebook \u201cColombo Volley Genova\u201d e quella instagram colombo_volley_genova.<br \/>Nel 2025 la Colombo ha bissato il titolo nazionale Under 13, confermandosi una selle societ\u00e0 con il miglior settore giovanile a livello italiano.<\/p>\n","protected":false},"excerpt":{"rendered":"Sognando per il futuro, un campionato di serie prestigioso, il settore giovanile resta il fiore all\u2019occhiello della Colombo&hellip;\n","protected":false},"author":3,"featured_media":39408,"comment_status":"","ping_status":"","sticky":false,"template":"","format":"standard","meta":{"footnotes":""},"categories":[1474],"tags":[1537,90,89,245,244,1869],"class_list":{"0":"post-39407","1":"post","2":"type-post","3":"status-publish","4":"format-standard","5":"has-post-thumbnail","7":"category-volley","8":"tag-it","9":"tag-italia","10":"tag-italy","11":"tag-sport","12":"tag-sports","13":"tag-volley"},"share_on_mastodon":{"url":"","error":""},"_links":{"self":[{"href":"https:\/\/www.europesays.com\/it\/wp-json\/wp\/v2\/posts\/39407","targetHints":{"allow":["GET"]}}],"collection":[{"href":"https:\/\/www.europesays.com\/it\/wp-json\/wp\/v2\/posts"}],"about":[{"href":"https:\/\/www.europesays.com\/it\/wp-json\/wp\/v2\/types\/post"}],"author":[{"embeddable":true,"href":"https:\/\/www.europesays.com\/it\/wp-json\/wp\/v2\/users\/3"}],"replies":[{"embeddable":true,"href":"https:\/\/www.europesays.com\/it\/wp-json\/wp\/v2\/comments?post=39407"}],"version-history":[{"count":0,"href":"https:\/\/www.europesays.com\/it\/wp-json\/wp\/v2\/posts\/39407\/revisions"}],"wp:featuredmedia":[{"embeddable":true,"href":"https:\/\/www.europesays.com\/it\/wp-json\/wp\/v2\/media\/39408"}],"wp:attachment":[{"href":"https:\/\/www.europesays.com\/it\/wp-json\/wp\/v2\/media?parent=39407"}],"wp:term":[{"taxonomy":"category","embeddable":true,"href":"https:\/\/www.europesays.com\/it\/wp-json\/wp\/v2\/categories?post=39407"},{"taxonomy":"post_tag","embeddable":true,"href":"https:\/\/www.europesays.com\/it\/wp-json\/wp\/v2\/tags?post=39407"}],"curies":[{"name":"wp","href":"https:\/\/api.w.org\/{rel}","templated":true}]}}