{"id":394101,"date":"2026-03-13T14:06:12","date_gmt":"2026-03-13T14:06:12","guid":{"rendered":"https:\/\/www.europesays.com\/it\/394101\/"},"modified":"2026-03-13T14:06:12","modified_gmt":"2026-03-13T14:06:12","slug":"sala-pesi-a-due-mesi-dallintervento","status":"publish","type":"post","link":"https:\/\/www.europesays.com\/it\/394101\/","title":{"rendered":"sala pesi a due mesi dall&#8217;intervento"},"content":{"rendered":"<p>Lo scorso 9 gennaio\u00a0<strong>Gianluca Galassi era stato operato per un tumore a un testicolo. <\/strong>Il<strong> centrale in forza a Piacenza<\/strong>, grande protagonista dei Mondiali vinti dall\u2019Italia nel 2022 e nel 2025, si era sottoposto a un intervento chirurgico <strong>presso l\u2019Ieo di Milano e aveva poi incominciato il proprio percorso riabilitativo.<\/strong><\/p>\n<p class=\"pf0\">Il 28enne aveva raccontato: \u201cPrima di tutto voglio ringraziare tutti i miei compagni di squadra, lo staff e la Societ\u00e0 per la grande riservatezza che hanno avuto in questo mese. Mi \u00e8 stato diagnosticato un tumore al testicolo e sono stato sottoposto a un intervento chirurgico. Ora dovr\u00f2 affrontare analisi e controlli per capire quali saranno i tempi di recupero. Ovviamente spero siano i pi\u00f9 brevi possibili, per poter tornare presto a fare ci\u00f2 che amo: giocare a pallavolo\u201c.<\/p>\n<p class=\"pf0\">Il centrale, che indossa la maglia dei Lupi dal 2024 dopo aver trascorso cinque stagioni a Monza, aveva<strong>\u00a0giocato l\u2019ultima partita lo scorso 4 gennaio<\/strong>, venendo premiato come MVP in occasione della vittoria di Piacenza per 3-0 contro Cuneo in Superlega: di fronte al proprio pubblico del PalaBanca mise a segno 12 punti (2 muri, 67% in attacco). <strong>Sono passati un paio di mesi dall\u2019operazione e Gianluca Galassi \u00e8 tornato ad allenarsi nella giornata di ieri, gioved\u00ec 12 marzo.<\/strong><\/p>\n<p><strong>Prima giornata in palestra<\/strong>, per il momento soltanto sali pesi per ritrovare la condizione fisica prima di iniziare con la palla. Per il ritorno agonistico bisogna naturalmente attendere: Piacenza ha perso gara-1 dei quarti di finale dei playoff scudetto contro Modena ed \u00e8 attesa dalla semifinale della CEV Cup, la seconda competizione europea per importanza. Durante l\u2019estate sono previsti gli impegni con la Nazionale tra Nations League e gli Europei: l\u2019Italia potr\u00e0 beneficiare del forte centrale?<\/p>\n","protected":false},"excerpt":{"rendered":"Lo scorso 9 gennaio\u00a0Gianluca Galassi era stato operato per un tumore a un testicolo. Il centrale in forza&hellip;\n","protected":false},"author":3,"featured_media":394102,"comment_status":"","ping_status":"","sticky":false,"template":"","format":"standard","meta":{"footnotes":"","_share_on_mastodon":"0"},"categories":[1474],"tags":[24474,1537,90,89,245,244,1869],"class_list":["post-394101","post","type-post","status-publish","format-standard","has-post-thumbnail","category-volley","tag-gianluca-galassi","tag-it","tag-italia","tag-italy","tag-sport","tag-sports","tag-volley"],"share_on_mastodon":{"url":"https:\/\/pubeurope.com\/@it\/116222255865006783","error":""},"_links":{"self":[{"href":"https:\/\/www.europesays.com\/it\/wp-json\/wp\/v2\/posts\/394101","targetHints":{"allow":["GET"]}}],"collection":[{"href":"https:\/\/www.europesays.com\/it\/wp-json\/wp\/v2\/posts"}],"about":[{"href":"https:\/\/www.europesays.com\/it\/wp-json\/wp\/v2\/types\/post"}],"author":[{"embeddable":true,"href":"https:\/\/www.europesays.com\/it\/wp-json\/wp\/v2\/users\/3"}],"replies":[{"embeddable":true,"href":"https:\/\/www.europesays.com\/it\/wp-json\/wp\/v2\/comments?post=394101"}],"version-history":[{"count":0,"href":"https:\/\/www.europesays.com\/it\/wp-json\/wp\/v2\/posts\/394101\/revisions"}],"wp:featuredmedia":[{"embeddable":true,"href":"https:\/\/www.europesays.com\/it\/wp-json\/wp\/v2\/media\/394102"}],"wp:attachment":[{"href":"https:\/\/www.europesays.com\/it\/wp-json\/wp\/v2\/media?parent=394101"}],"wp:term":[{"taxonomy":"category","embeddable":true,"href":"https:\/\/www.europesays.com\/it\/wp-json\/wp\/v2\/categories?post=394101"},{"taxonomy":"post_tag","embeddable":true,"href":"https:\/\/www.europesays.com\/it\/wp-json\/wp\/v2\/tags?post=394101"}],"curies":[{"name":"wp","href":"https:\/\/api.w.org\/{rel}","templated":true}]}}