{"id":394674,"date":"2026-03-13T22:50:22","date_gmt":"2026-03-13T22:50:22","guid":{"rendered":"https:\/\/www.europesays.com\/it\/394674\/"},"modified":"2026-03-13T22:50:22","modified_gmt":"2026-03-13T22:50:22","slug":"casa-studio-brutalista-di-80mq-elle-decor","status":"publish","type":"post","link":"https:\/\/www.europesays.com\/it\/394674\/","title":{"rendered":"Casa-studio brutalista di 80mq | Elle Decor"},"content":{"rendered":"<p data-journey-content=\"true\" data-node-id=\"6\" class=\"css-6wxqfj emevuu60\">Un <a href=\"https:\/\/www.elledecor.com\/it\/case\/a70511046\/casa-bellissima-di-una-pittrice\/\" target=\"_blank\" data-vars-ga-outbound-link=\"https:\/\/www.elledecor.com\/it\/case\/a70511046\/casa-bellissima-di-una-pittrice\/\" data-vars-ga-ux-element=\"Hyperlink\" data-vars-ga-call-to-action=\"rifugio\" data-node-id=\"6.1\" class=\"body-link css-g36lkp emevuu60\" rel=\"nofollow noopener\">rifugio<\/a> fisico e mentale era ci\u00f2 di cui aveva bisogno il proprietario di questo appartamento di <strong data-node-id=\"6.3\">80 metri-quadrati <\/strong>dopo la separazione. Un luogo dove ricostruirsi e aprirsi al mondo (e all&#8217;ambiente vegetale) in modo letterale e un po&#8217; metaforico. Per questo ha contattato <strong data-node-id=\"6.5\">Tr\u00f3pico Arquitectura<\/strong>, perch\u00e9 sapeva che loro, Mar\u00eda Jos\u00e9 Arango e Candelaria Posada, avrebbero saputo interpretare le sue esigenze: \u201cLa storia dietro al progetto parte da un processo personale di separazione di un giovane antropologo. Il cliente aveva bisogno di uno spazio che gli permettesse di ricostruire e <strong data-node-id=\"6.7\">riconfigurare la sua intimit\u00e0<\/strong>, ricominciare da capo e abitare l&#8217;appartamento come un territorio proprio\u201d, ci racconta lo studio.<\/p>\n<p><img draggable=\"true\" alt=\"apartamento oscuro compartimentado hogar calido cambia disposicion estancias paso tiempo rodeado vegetacion\" title=\"De apartamento oscuro y compartimentado a hogar c\u00e1lido que cambia la disposici\u00f3n de las estancias con el paso del tiempo y est\u00e1 rodeado de vegetaci\u00f3n\" loading=\"lazy\" width=\"2551\" height=\"3827\" decoding=\"async\" data-nimg=\"1\" style=\"color:transparent;width:100%;height:auto;\"   src=\"https:\/\/www.europesays.com\/it\/wp-content\/uploads\/2026\/03\/2-casa-cambia-estancias-69aeb853c56cd.jpg\" class=\"css-0 e1g79fud0\"\/><\/p>\n<p>Teodoro Posada<\/p>\n<p><img draggable=\"true\" alt=\"apartamento oscuro compartimentado hogar calido cambia disposicion estancias paso tiempo rodeado vegetacion\" title=\"De apartamento oscuro y compartimentado a hogar c\u00e1lido que cambia la disposici\u00f3n de las estancias con el paso del tiempo y est\u00e1 rodeado de vegetaci\u00f3n\" loading=\"lazy\" width=\"2551\" height=\"3827\" decoding=\"async\" data-nimg=\"1\" style=\"color:transparent;width:100%;height:auto;\"   src=\"https:\/\/www.europesays.com\/it\/wp-content\/uploads\/2026\/03\/1-casa-cambia-estancias-69aeb85506fbc.jpg\" class=\"css-0 e1g79fud0\"\/><\/p>\n<p>Teodoro Posada<\/p>\n<p><img draggable=\"true\" alt=\"apartamento oscuro compartimentado hogar calido cambia disposicion estancias paso tiempo rodeado vegetacion\" title=\"De apartamento oscuro y compartimentado a hogar c\u00e1lido que cambia la disposici\u00f3n de las estancias con el paso del tiempo y est\u00e1 rodeado de vegetaci\u00f3n\" loading=\"lazy\" width=\"2835\" height=\"1890\" decoding=\"async\" data-nimg=\"1\" style=\"color:transparent;width:100%;height:auto;\"   src=\"https:\/\/www.europesays.com\/it\/wp-content\/uploads\/2026\/03\/3-casa-cambia-estancias-69aeb85e750d5.jpg\" class=\"css-0 e1g79fud0\"\/><\/p>\n<p>Teodoro Posada<\/p>\n<p data-journey-content=\"true\" data-node-id=\"16\" class=\"css-6wxqfj emevuu60\">La sfida principale era quella di cercare di far entrare pi\u00f9 luce naturale possibile in uno spazio originariamente buio, circondato dalla vegetazione e con un&#8217;altezza ridotta. Questa condizione \u00e8 stata trasformata grazie all&#8217;esposizione dei cassettoni e all&#8217;integrazione della camera secondaria come studio all&#8217;interno dello spazio aperto, recuperando ampiezza e luminosit\u00e0. L&#8217;idea era quella di progettare &#8220;un appartamento con una sola camera, massimizzando la sensazione di guardare la vegetazione che lo circonda. Uno <strong data-node-id=\"16.1\">spazio ampio e flessibile<\/strong> che consentisse di modificare la disposizione delle stanze nel corso del tempo e che avesse la <a href=\"https:\/\/www.elledecor.com\/it\/cucine-moderne-arredo-bagno-tendenze\/\" target=\"_blank\" data-vars-ga-outbound-link=\"https:\/\/www.elledecor.com\/it\/cucine-moderne-arredo-bagno-tendenze\/\" data-vars-ga-ux-element=\"Hyperlink\" data-vars-ga-call-to-action=\"cucina\" data-node-id=\"16.3\" class=\"body-link css-g36lkp emevuu60\" rel=\"nofollow noopener\">cucina<\/a> come centro della casa&#8221;, spiega Tr\u00f3pico Arquitectura.<\/p>\n<p><img draggable=\"true\" alt=\"apartamento oscuro compartimentado hogar calido cambia disposicion estancias paso tiempo rodeado vegetacion\" title=\"De apartamento oscuro y compartimentado a hogar c\u00e1lido que cambia la disposici\u00f3n de las estancias con el paso del tiempo y est\u00e1 rodeado de vegetaci\u00f3n\" loading=\"lazy\" width=\"2268\" height=\"3402\" decoding=\"async\" data-nimg=\"1\" style=\"color:transparent;width:100%;height:auto;\"   src=\"https:\/\/www.europesays.com\/it\/wp-content\/uploads\/2026\/03\/4-casa-cambia-estancias-69aeb88946a6d.jpg\" class=\"css-0 e1g79fud0\"\/><\/p>\n<p>Teodoro Posada<\/p>\n<p><img draggable=\"true\" alt=\"apartamento oscuro compartimentado hogar calido cambia disposicion estancias paso tiempo rodeado vegetacion\" title=\"De apartamento oscuro y compartimentado a hogar c\u00e1lido que cambia la disposici\u00f3n de las estancias con el paso del tiempo y est\u00e1 rodeado de vegetaci\u00f3n\" loading=\"lazy\" width=\"2551\" height=\"3827\" decoding=\"async\" data-nimg=\"1\" style=\"color:transparent;width:100%;height:auto;\"   src=\"https:\/\/www.europesays.com\/it\/wp-content\/uploads\/2026\/03\/5-casa-cambia-estancias-69aeb89baa7d0.jpg\" class=\"css-0 e1g79fud0\"\/><\/p>\n<p>Teodoro Posada<\/p>\n<p><img draggable=\"true\" alt=\"apartamento oscuro compartimentado hogar calido cambia disposicion estancias paso tiempo rodeado vegetacion\" title=\"De apartamento oscuro y compartimentado a hogar c\u00e1lido que cambia la disposici\u00f3n de las estancias con el paso del tiempo y est\u00e1 rodeado de vegetaci\u00f3n\" loading=\"lazy\" width=\"2835\" height=\"1890\" decoding=\"async\" data-nimg=\"1\" style=\"color:transparent;width:100%;height:auto;\"   src=\"https:\/\/www.europesays.com\/it\/wp-content\/uploads\/2026\/03\/6-casa-cambia-estancias-69aeb8c3bda89.jpg\" class=\"css-0 e1g79fud0\"\/><\/p>\n<p>Teodoro Posada<\/p>\n<p data-journey-content=\"true\" data-node-id=\"25\" class=\"css-6wxqfj emevuu60\">A tal fine, sono stati utilizzati <strong data-node-id=\"25.1\">materiali grezzi<\/strong> come il <a href=\"https:\/\/www.elledecor.com\/it\/case\/a70415082\/casa-bellissima-colorata-con-cemento-a-vista\/\" target=\"_blank\" data-vars-ga-outbound-link=\"https:\/\/www.elledecor.com\/it\/case\/a70415082\/casa-bellissima-colorata-con-cemento-a-vista\/\" data-vars-ga-ux-element=\"Hyperlink\" data-vars-ga-call-to-action=\"cemento\" data-node-id=\"25.3\" class=\"body-link css-g36lkp emevuu60\" rel=\"nofollow noopener\">cemento<\/a> per i pavimenti e la struttura a vista delle colonne e dei cassettoni del soffitto, oltre ad accentuare gli elementi spaziali con l&#8217;uso di curve e<strong data-node-id=\"25.5\"> colori nel bagno<\/strong> e nel bagno della camera da letto principale. Sono state inoltre apportate modifiche non strutturali che hanno consentito una ridistribuzione dello spazio e una nuova proposta interna. \u201cAttraverso l&#8217;esposizione della struttura\u201d, chiariscono, \u201cla semplificazione degli elementi e la decisione di lasciare a vista i cassettoni, si \u00e8 ottenuta una lettura pi\u00f9 onesta e ampia dell&#8217;appartamento\u201d.<\/p>\n<p><img draggable=\"true\" alt=\"apartamento oscuro compartimentado hogar calido cambia disposicion estancias paso tiempo rodeado vegetacion\" title=\"De apartamento oscuro y compartimentado a hogar c\u00e1lido que cambia la disposici\u00f3n de las estancias con el paso del tiempo y est\u00e1 rodeado de vegetaci\u00f3n\" loading=\"lazy\" width=\"2551\" height=\"3827\" decoding=\"async\" data-nimg=\"1\" style=\"color:transparent;width:100%;height:auto;\"   src=\"https:\/\/www.europesays.com\/it\/wp-content\/uploads\/2026\/03\/8-casa-cambia-estancias-69aeb8ee603c4.jpg\" class=\"css-0 e1g79fud0\"\/><\/p>\n<p>Teodoro Posada<\/p>\n<p><img draggable=\"true\" alt=\"apartamento oscuro compartimentado hogar calido cambia disposicion estancias paso tiempo rodeado vegetacion\" title=\"De apartamento oscuro y compartimentado a hogar c\u00e1lido que cambia la disposici\u00f3n de las estancias con el paso del tiempo y est\u00e1 rodeado de vegetaci\u00f3n\" loading=\"lazy\" width=\"2551\" height=\"1701\" decoding=\"async\" data-nimg=\"1\" style=\"color:transparent;width:100%;height:auto;\"   src=\"https:\/\/www.europesays.com\/it\/wp-content\/uploads\/2026\/03\/9-casa-cambia-estancias-69aeb8f9d935c.jpg\" class=\"css-0 e1g79fud0\"\/><\/p>\n<p>Teodoro Posada<\/p>\n<p><img draggable=\"true\" alt=\"apartamento oscuro compartimentado hogar calido cambia disposicion estancias paso tiempo rodeado vegetacion\" title=\"De apartamento oscuro y compartimentado a hogar c\u00e1lido que cambia la disposici\u00f3n de las estancias con el paso del tiempo y est\u00e1 rodeado de vegetaci\u00f3n\" loading=\"lazy\" width=\"2835\" height=\"1890\" decoding=\"async\" data-nimg=\"1\" style=\"color:transparent;width:100%;height:auto;\"   src=\"https:\/\/www.europesays.com\/it\/wp-content\/uploads\/2026\/03\/10-casa-cambia-estancias-69aeb92f02419.jpg\" class=\"css-0 e1g79fud0\"\/><\/p>\n<p>Teodoro Posada<\/p>\n<p data-journey-content=\"true\" data-node-id=\"34\" class=\"css-6wxqfj emevuu60\">Gli spazi principali sono configurati a partire da una cucina integrata nella zona collettiva, intesa come nucleo della vita quotidiana e di incontro; uno studio destinato allo <a href=\"https:\/\/www.elledecor.com\/it\/case\/a44286662\/casa-perfetta-per-smart-working\/\" target=\"_blank\" data-vars-ga-outbound-link=\"https:\/\/www.elledecor.com\/it\/case\/a44286662\/casa-perfetta-per-smart-working\/\" data-vars-ga-ux-element=\"Hyperlink\" data-vars-ga-call-to-action=\"smart-working\" data-node-id=\"34.1\" class=\"body-link css-g36lkp emevuu60\" rel=\"nofollow noopener\">smart-working<\/a>; e la camera da letto principale, concepita come un <strong data-node-id=\"34.3\">rifugio intimo<\/strong> all&#8217;interno del complesso. \u201cLo studio appare come un elemento fondamentale, non solo come luogo di lavoro ma anche come spazio per ospitare libri e oggetti personali, integrando pensiero e vita domestica in un unico scenario\u201d.<\/p>\n<p><img draggable=\"true\" alt=\"apartamento oscuro compartimentado hogar calido cambia disposicion estancias paso tiempo rodeado vegetacion\" title=\"De apartamento oscuro y compartimentado a hogar c\u00e1lido que cambia la disposici\u00f3n de las estancias con el paso del tiempo y est\u00e1 rodeado de vegetaci\u00f3n\" loading=\"lazy\" width=\"2835\" height=\"4252\" decoding=\"async\" data-nimg=\"1\" style=\"color:transparent;width:100%;height:auto;\"   src=\"https:\/\/www.europesays.com\/it\/wp-content\/uploads\/2026\/03\/11-casa-cambia-estancias-69aeb94ed5178.jpg\" class=\"css-0 e1g79fud0\"\/><\/p>\n<p>Teodoro Posada<\/p>\n<p><img draggable=\"true\" alt=\"apartamento oscuro compartimentado hogar calido cambia disposicion estancias paso tiempo rodeado vegetacion\" title=\"De apartamento oscuro y compartimentado a hogar c\u00e1lido que cambia la disposici\u00f3n de las estancias con el paso del tiempo y est\u00e1 rodeado de vegetaci\u00f3n\" loading=\"lazy\" width=\"4252\" height=\"2835\" decoding=\"async\" data-nimg=\"1\" style=\"color:transparent;width:100%;height:auto;\"   src=\"https:\/\/www.europesays.com\/it\/wp-content\/uploads\/2026\/03\/12-casa-cambia-estancias-69aeb959a3b25.jpg\" class=\"css-0 e1g79fud0\"\/><\/p>\n<p>Teodoro Posada<\/p>\n<p data-journey-content=\"true\" data-node-id=\"45\" class=\"css-6wxqfj emevuu60\">L&#8217;interior design accompagna questa operazione architettonica con un mix deliberato di sobriet\u00e0 materica e pezzi speciali. La cucina, realizzata con un frontale continuo in legno chiaro e un&#8217;isola centrale che funge sia da zona cottura che da spazio informale di ritrovo, introduce un tono domestico che contrasta con la presenza quasi brutale della struttura in cemento a vista. La scelta di mobili dalle linee precise (sgabelli in metallo, una poltrona tubolare in pelle nera di<strong data-node-id=\"45.1\"> ispirazione modernista<\/strong> o il tavolino basso in legno posto di fronte alla grande finestra) contribuisce a creare un ambiente che oscilla tra il domestico e l&#8217;atelier.<\/p>\n<p><img draggable=\"true\" alt=\"apartamento oscuro compartimentado hogar calido cambia disposicion estancias paso tiempo rodeado vegetacion\" title=\"De apartamento oscuro y compartimentado a hogar c\u00e1lido que cambia la disposici\u00f3n de las estancias con el paso del tiempo y est\u00e1 rodeado de vegetaci\u00f3n\" loading=\"lazy\" width=\"5669\" height=\"3780\" decoding=\"async\" data-nimg=\"1\" style=\"color:transparent;width:100%;height:auto;\"   src=\"https:\/\/www.europesays.com\/it\/wp-content\/uploads\/2026\/03\/14-casa-cambia-estancias-69aeb974a9470.jpg\" class=\"css-0 e1g79fud0\"\/><\/p>\n<p>Teodoro Posada<\/p>\n<p><img draggable=\"true\" alt=\"apartamento oscuro compartimentado hogar calido cambia disposicion estancias paso tiempo rodeado vegetacion\" title=\"De apartamento oscuro y compartimentado a hogar c\u00e1lido que cambia la disposici\u00f3n de las estancias con el paso del tiempo y est\u00e1 rodeado de vegetaci\u00f3n\" loading=\"lazy\" width=\"2835\" height=\"1890\" decoding=\"async\" data-nimg=\"1\" style=\"color:transparent;width:100%;height:auto;\"   src=\"https:\/\/www.europesays.com\/it\/wp-content\/uploads\/2026\/03\/13-casa-cambia-estancias-69aeb97d4252d.jpg\" class=\"css-0 e1g79fud0\"\/><\/p>\n<p>Teodoro Posada<\/p>\n<p data-journey-content=\"true\" data-node-id=\"53\" class=\"css-6wxqfj emevuu60\">La grande vetrata che si affaccia sulla vegetazione funge da sfondo permanente e condiziona anche la disposizione dei mobili, organizzati in modo da mantenere sempre il contatto visivo con l&#8217;esterno. Nell&#8217;area studio, una scrivania in legno massiccio \u00e8 posizionata di fronte a una libreria metallica aperta dove sono raccolti libri, piccole sculture e oggetti personali, rafforzando l&#8217;idea di uno spazio in cui <strong data-node-id=\"53.1\">convivono lavoro intellettuale e vita quotidiana<\/strong>. Anche gli elementi pi\u00f9 discreti seguono questa logica di materialit\u00e0 diretta e geometrie chiare, come il lavabo in cemento del bagno o il comodino irregolare in legno massiccio che accompagna il letto nella camera da letto principale.<\/p>\n<p data-journey-content=\"true\" data-node-id=\"58\" class=\"css-6wxqfj emevuu60\"><a href=\"https:\/\/www.instagram.com\/tropico.arq\/\" target=\"_blank\" rel=\"nofollow noopener\" data-vars-ga-outbound-link=\"https:\/\/www.instagram.com\/tropico.arq\/\" data-vars-ga-ux-element=\"Hyperlink\" data-vars-ga-call-to-action=\"@tropico.art\" data-node-id=\"58.0\" class=\"body-link css-g36lkp emevuu60\">@tropico.art<\/a><\/p>\n<p data-journey-content=\"true\" data-node-id=\"62\" class=\"css-6wxqfj emevuu60\"><a href=\"https:\/\/www.elledecor.com\/es\/casas\/a70674550\/antes-despues-apartamento-oscuro-tranformado-casa-luz-espacio\/\" target=\"_blank\" data-vars-ga-outbound-link=\"https:\/\/www.elledecor.com\/es\/casas\/a70674550\/antes-despues-apartamento-oscuro-tranformado-casa-luz-espacio\/\" data-vars-ga-ux-element=\"Hyperlink\" data-vars-ga-call-to-action=\"Da ELLE Decor ES\" data-node-id=\"62.0\" class=\"body-link css-g36lkp emevuu60\" rel=\"nofollow noopener\">Da ELLE Decor ES<\/a><\/p>\n<p>Set di bicchieri particolari<a target=\"_blank\" rel=\"nofollow noopener\" data-theme-key=\"product-image-wrapper\" href=\"https:\/\/click.linksynergy.com\/deeplink?id=2fv8O7DnZlc&amp;mid=49049&amp;murl=https%3A%2F%2Fwww.westwing.it%2Fbicchieri-da-vino-in-vetro-soffiato-con-bordo-dorato-aleo-4-pz-159296.html&amp;u1=edcit|xid:{xid}\" aria-label=\"35\u00a0\u20ac su westwing.it per Bicchieri da vino in vetro soffiato con bordo dorato Aleo 4 pz\" data-href=\"https:\/\/www.westwing.it\/bicchieri-da-vino-in-vetro-soffiato-con-bordo-dorato-aleo-4-pz-159296.html\" data-product-url=\"https:\/\/www.westwing.it\/bicchieri-da-vino-in-vetro-soffiato-con-bordo-dorato-aleo-4-pz-159296.html\" data-affiliate=\"true\" data-affiliate-url=\"https:\/\/click.linksynergy.com\/deeplink?id=2fv8O7DnZlc&amp;mid=49049&amp;murl=https%3A%2F%2Fwww.westwing.it%2Fbicchieri-da-vino-in-vetro-soffiato-con-bordo-dorato-aleo-4-pz-159296.html&amp;u1=edcit|xid:{xid}\" data-affiliate-network=\"{&quot;site_id&quot;:&quot;0550d705-7712-4019-a8b2-0f35da30918c&quot;,&quot;metadata&quot;:{&quot;trackonomics&quot;:{&quot;network_name&quot;:&quot;ls&quot;}},&quot;network&quot;:{&quot;name&quot;:&quot;Trackonomics&quot;},&quot;product_metadata&quot;:{&quot;0550d705-7712-4019-a8b2-0f35da30918c&quot;:{&quot;network_name&quot;:&quot;ls&quot;,&quot;link&quot;:&quot;https:\/\/click.linksynergy.com\/deeplink?id=2fv8O7DnZlc&amp;mid=49049&amp;murl=https%3A%2F%2Fwww.westwing.it%2Fbicchieri-da-vino-in-vetro-soffiato-con-bordo-dorato-aleo-4-pz-159296.html&amp;u1={subid}&quot;}},&quot;afflink_redirect&quot;:&quot;\/_p\/afflink\/vX6E\/westwing-bicchieri-da-vino-in-vetro&quot;}\" data-vars-ga-call-to-action=\"35\u00a0\u20ac su westwing.it\" data-vars-ga-media-role=\"1\" data-vars-ga-media-type=\"Embedded Gallery List\" data-vars-ga-outbound-link=\"https:\/\/www.westwing.it\/bicchieri-da-vino-in-vetro-soffiato-con-bordo-dorato-aleo-4-pz-159296.html\" data-vars-ga-product-id=\"3d07faa0-0c3c-4b7a-90ee-f91bfc4e39f5\" data-vars-ga-product-price=\"34,99\u00a0\u20ac\" data-vars-ga-product-retailer-id=\"fa8b4cba-4a86-478b-92ed-97f6259cf767\" data-vars-ga-gallery-display=\"list\" data-vars-ga-link-treatment=\"(not set) | (not set)\" data-vars-ga-sku=\"159296\" data-vars-ga-magento-tracking=\"1\" class=\"product-image-link ebgq4gw3 e12px3ys0 css-g6od0w e1socmtw0\"><img  alt=\"Bicchieri da vino in vetro soffiato con bordo dorato Aleo 4 pz\" title=\"Bicchieri da vino in vetro soffiato con bordo dorato Aleo 4 pz\" src=\"https:\/\/www.europesays.com\/it\/wp-content\/uploads\/2026\/03\/1749725091-DEQ23WES23967-204713_920565c09b1bff0bf2f3b9ba47483fcf_dtl_1.jpg\" width=\"1140\" height=\"1520\" decoding=\"async\" loading=\"lazy\"\/><\/a>Bicchieri da vino in vetro soffiato con bordo dorato Aleo 4 pzCredit: Courtesy photo<a target=\"_blank\" rel=\"nofollow noopener\" data-theme-key=\"product-image-wrapper\" href=\"https:\/\/click.linksynergy.com\/deeplink?id=2fv8O7DnZlc&amp;mid=49049&amp;murl=https%3A%2F%2Fwww.westwing.it%2Fset-4-bicchieri-vino-con-motivo-strutturato-colorado-135790.html&amp;u1=edcit|xid:{xid}\" aria-label=\"24\u00a0\u20ac su westwing.it per Set di 4 bicchieri per vino con motivo strutturato Colorado\" data-href=\"https:\/\/www.westwing.it\/set-4-bicchieri-vino-con-motivo-strutturato-colorado-135790.html\" data-product-url=\"https:\/\/www.westwing.it\/set-4-bicchieri-vino-con-motivo-strutturato-colorado-135790.html\" data-affiliate=\"true\" data-affiliate-url=\"https:\/\/click.linksynergy.com\/deeplink?id=2fv8O7DnZlc&amp;mid=49049&amp;murl=https%3A%2F%2Fwww.westwing.it%2Fset-4-bicchieri-vino-con-motivo-strutturato-colorado-135790.html&amp;u1=edcit|xid:{xid}\" data-affiliate-network=\"{&quot;site_id&quot;:&quot;0550d705-7712-4019-a8b2-0f35da30918c&quot;,&quot;metadata&quot;:{&quot;trackonomics&quot;:{&quot;network_name&quot;:&quot;ls&quot;}},&quot;network&quot;:{&quot;name&quot;:&quot;Trackonomics&quot;},&quot;product_metadata&quot;:{&quot;0550d705-7712-4019-a8b2-0f35da30918c&quot;:{&quot;network_name&quot;:&quot;ls&quot;,&quot;link&quot;:&quot;https:\/\/click.linksynergy.com\/deeplink?id=2fv8O7DnZlc&amp;mid=49049&amp;murl=https%3A%2F%2Fwww.westwing.it%2Fset-4-bicchieri-vino-con-motivo-strutturato-colorado-135790.html&amp;u1={subid}&quot;}},&quot;afflink_redirect&quot;:&quot;\/_p\/afflink\/vX6C\/westwing-set-di-4-bicchieri-per&quot;}\" data-vars-ga-call-to-action=\"24\u00a0\u20ac su westwing.it\" data-vars-ga-media-role=\"1\" data-vars-ga-media-type=\"Embedded Gallery List\" data-vars-ga-outbound-link=\"https:\/\/www.westwing.it\/set-4-bicchieri-vino-con-motivo-strutturato-colorado-135790.html\" data-vars-ga-product-id=\"1c223b43-c80e-4c83-b9ac-515700da01fe\" data-vars-ga-product-price=\"23,99\u00a0\u20ac\" data-vars-ga-product-retailer-id=\"91ee8080-d34c-4eba-8117-fa3a327d0d51\" data-vars-ga-gallery-display=\"list\" data-vars-ga-link-treatment=\"(not set) | (not set)\" class=\"product-image-link ebgq4gw3 e12px3ys0 css-g6od0w e1socmtw0\"><img  alt=\"Set di 4 bicchieri per vino con motivo strutturato Colorado\" title=\"Set di 4 bicchieri per vino con motivo strutturato Colorado\" src=\"https:\/\/www.europesays.com\/it\/wp-content\/uploads\/2026\/03\/1749725069-deq21wes29152-170976-d72a811e70b668280352c9dfb6905933-dtl-8-684aaf597a20e.png\" width=\"2000\" height=\"2667\" decoding=\"async\" loading=\"lazy\"\/><\/a>Set di 4 bicchieri per vino con motivo strutturato ColoradoCredit: Courtesy photo<a target=\"_blank\" rel=\"nofollow noopener\" data-theme-key=\"product-image-wrapper\" href=\"https:\/\/click.linksynergy.com\/deeplink?id=2fv8O7DnZlc&amp;mid=49049&amp;murl=https%3A%2F%2Fwww.westwing.it%2Fcrystal-red-wine-glasses-gwenda-4-piece-en-24wes81063.html&amp;u1=edcit|xid:{xid}\" aria-label=\"35\u00a0\u20ac su westwing.it per Set di 6 bicchieri da vino rosso in cristallo Gwenda\" data-href=\"https:\/\/www.westwing.it\/crystal-red-wine-glasses-gwenda-4-piece-en-24wes81063.html\" data-product-url=\"https:\/\/www.westwing.it\/crystal-red-wine-glasses-gwenda-4-piece-en-24wes81063.html\" data-affiliate=\"true\" data-affiliate-url=\"https:\/\/click.linksynergy.com\/deeplink?id=2fv8O7DnZlc&amp;mid=49049&amp;murl=https%3A%2F%2Fwww.westwing.it%2Fcrystal-red-wine-glasses-gwenda-4-piece-en-24wes81063.html&amp;u1=edcit|xid:{xid}\" data-affiliate-network=\"{&quot;site_id&quot;:&quot;0550d705-7712-4019-a8b2-0f35da30918c&quot;,&quot;metadata&quot;:{&quot;trackonomics&quot;:{&quot;network_name&quot;:&quot;ls&quot;}},&quot;network&quot;:{&quot;name&quot;:&quot;Trackonomics&quot;},&quot;product_metadata&quot;:{&quot;0550d705-7712-4019-a8b2-0f35da30918c&quot;:{&quot;network_name&quot;:&quot;ls&quot;,&quot;link&quot;:&quot;https:\/\/click.linksynergy.com\/deeplink?id=2fv8O7DnZlc&amp;mid=49049&amp;murl=https%3A%2F%2Fwww.westwing.it%2Fcrystal-red-wine-glasses-gwenda-4-piece-en-24wes81063.html&amp;u1={subid}&quot;}},&quot;afflink_redirect&quot;:&quot;\/_p\/afflink\/vX66\/westwing-set-di-6-bicchieri-da&quot;}\" data-vars-ga-call-to-action=\"35\u00a0\u20ac su westwing.it\" data-vars-ga-media-role=\"1\" data-vars-ga-media-type=\"Embedded Gallery List\" data-vars-ga-outbound-link=\"https:\/\/www.westwing.it\/crystal-red-wine-glasses-gwenda-4-piece-en-24wes81063.html\" data-vars-ga-product-id=\"697ab588-eed2-44c1-8fa8-d8f84586f374\" data-vars-ga-product-price=\"34,99\u00a0\u20ac\" data-vars-ga-product-retailer-id=\"edc93126-197b-420f-89fc-fb9b9b038315\" data-vars-ga-gallery-display=\"list\" data-vars-ga-link-treatment=\"(not set) | (not set)\" data-vars-ga-sku=\"crystal-red-wine-glasses-gwenda-4-piece-en-24wes81063\" data-vars-ga-magento-tracking=\"1\" class=\"product-image-link ebgq4gw3 e12px3ys0 css-g6od0w e1socmtw0\"><img  alt=\"Set di 6 bicchieri da vino rosso in cristallo Gwenda\" title=\"Set di 6 bicchieri da vino rosso in cristallo Gwenda\" src=\"https:\/\/www.europesays.com\/it\/wp-content\/uploads\/2026\/03\/1749724972-DEQ24WES81063-221841_2d6189d473c9283e94c96d329355abde_dtl_1.jpg\" width=\"1140\" height=\"1520\" decoding=\"async\" loading=\"lazy\"\/><\/a>Set di 6 bicchieri da vino rosso in cristallo GwendaCredit: Courtesy photo<a target=\"_blank\" rel=\"nofollow noopener\" data-theme-key=\"product-image-wrapper\" href=\"https:\/\/click.linksynergy.com\/deeplink?id=2fv8O7DnZlc&amp;mid=49049&amp;murl=https%3A%2F%2Fwww.westwing.it%2Fbicchiere-vino-in-vetro-soffiato-con-rilievo-scanalato-prince-4-pz-136311.html&amp;u1=edcit|xid:{xid}\" aria-label=\"28\u00a0\u20ac su westwing.it per Bicchieri da vino in vetro soffiato scanalato e lucentezza perlacea Juno 4 pz\" data-href=\"https:\/\/www.westwing.it\/bicchiere-vino-in-vetro-soffiato-con-rilievo-scanalato-prince-4-pz-136311.html\" data-product-url=\"https:\/\/www.westwing.it\/bicchiere-vino-in-vetro-soffiato-con-rilievo-scanalato-prince-4-pz-136311.html\" data-affiliate=\"true\" data-affiliate-url=\"https:\/\/click.linksynergy.com\/deeplink?id=2fv8O7DnZlc&amp;mid=49049&amp;murl=https%3A%2F%2Fwww.westwing.it%2Fbicchiere-vino-in-vetro-soffiato-con-rilievo-scanalato-prince-4-pz-136311.html&amp;u1=edcit|xid:{xid}\" data-affiliate-network=\"{&quot;site_id&quot;:&quot;0550d705-7712-4019-a8b2-0f35da30918c&quot;,&quot;metadata&quot;:{&quot;trackonomics&quot;:{&quot;network_name&quot;:&quot;ls&quot;}},&quot;network&quot;:{&quot;name&quot;:&quot;Trackonomics&quot;},&quot;product_metadata&quot;:{&quot;0550d705-7712-4019-a8b2-0f35da30918c&quot;:{&quot;network_name&quot;:&quot;ls&quot;,&quot;link&quot;:&quot;https:\/\/click.linksynergy.com\/deeplink?id=2fv8O7DnZlc&amp;mid=49049&amp;murl=https%3A%2F%2Fwww.westwing.it%2Fbicchiere-vino-in-vetro-soffiato-con-rilievo-scanalato-prince-4-pz-136311.html&amp;u1={subid}&quot;}},&quot;afflink_redirect&quot;:&quot;\/_p\/afflink\/vX63\/westwing-bicchieri-da-vino-in-vetro&quot;}\" data-vars-ga-call-to-action=\"28\u00a0\u20ac su westwing.it\" data-vars-ga-media-role=\"1\" data-vars-ga-media-type=\"Embedded Gallery List\" data-vars-ga-outbound-link=\"https:\/\/www.westwing.it\/bicchiere-vino-in-vetro-soffiato-con-rilievo-scanalato-prince-4-pz-136311.html\" data-vars-ga-product-id=\"233eae4a-0616-44f1-8067-c4a58ed30168\" data-vars-ga-product-price=\"27,99\u00a0\u20ac\" data-vars-ga-product-retailer-id=\"9aeda239-cd3d-4a5c-9c70-35c6e394ed4c\" data-vars-ga-gallery-display=\"list\" data-vars-ga-link-treatment=\"sale | (not set)\" data-vars-ga-sku=\"136311\" data-vars-ga-magento-tracking=\"1\" class=\"product-image-link ebgq4gw3 e12px3ys0 css-g6od0w e1socmtw0\"><img  alt=\"Bicchieri da vino in vetro soffiato scanalato e lucentezza perlacea Juno 4 pz\" title=\"Bicchieri da vino in vetro soffiato scanalato e lucentezza perlacea Juno 4 pz\" src=\"https:\/\/www.europesays.com\/it\/wp-content\/uploads\/2026\/03\/1728463703-DEQ21WES18590-171628_3733264dbeda53e74467b234a2b62294_dtl_1.jpg\" width=\"1140\" height=\"1520\" decoding=\"async\" loading=\"lazy\"\/><\/a>Bicchieri da vino in vetro soffiato scanalato e lucentezza perlacea Juno 4 pz<\/p>\n<p>Ora in sconto del 53%<\/p>\n<p>Credit: Courtesy photoRelated Stories<img src=\"https:\/\/www.europesays.com\/it\/wp-content\/uploads\/2026\/03\/50497c57-8621-4a84-9b8c-4a48e0ae277b_1734433552.jpg\" alt=\"Headshot of Gala Mora\" title=\"Headshot of Gala Mora\" width=\"100%\" height=\"100%\" decoding=\"async\" loading=\"lazy\" class=\"css-o0wq4v ev8dhu53\"\/><\/p>\n<p>Gala Mora \u00e8 specializzata in architettura, design, interior design e lifestyle. Tutto ci\u00f2 che ha a che fare con il concetto di \u00abcasa\u00bb \u00e8 sacro alla sua devozione e persino la sua cerchia pi\u00f9 stretta gli chiede consigli per ristrutturare, acquistare, decorare o apportare alcune modifiche. Ama scrivere e sembra fortunato a poterlo fare sugli argomenti che pi\u00f9 gli appassionano. Ecco perch\u00e9 quando cammina per il mondo \u00e8 sempre attento alle mostre, agli stili di costruzione, all&#8217;urbanistica e, se glielo permettono, sbircia dalle finestre per vedere come le persone guardano le loro case. Un vero voyeur casalingo. Ha scritto due libri di interior design, Barcelona Interiors e Ibiza Interiors, entrambi pubblicati da Lannoo. Con oltre 20 anni di esperienza, si \u00e8 laureato in Scienze dell&#8217;Informazione presso l&#8217;Universit\u00e0 Complutense di Madrid e ha conseguito un Master in Comunicazione Integrale e un altro in Comunicazione e Gestione Politica. \u00c8 stata redattrice capo della rivista Glamour, direttrice di MMModa, responsabile stampa dell&#8217;azienda di abbigliamento Desigual e per diversi anni \u00e8 stata freelance, collaborando con media come AD, Manera, Architecture and Design, gestendo reti immobiliari e scrivendo il blog di aziende automobilistiche. Il suo rapporto con il gruppo Hearst \u00e8 iniziato con Runner&#8217;s e Men&#8217;s Health, testiere con cui continua a collaborare e alle quali ha aggiunto Elle Decor e New Style, con i quali ha iniziato una storia che spera che, come direbbe Humphrey Bogart, sia solo l&#8217;inizio di una bellissima amicizia.<\/p>\n<p><script async src=\"\/\/www.instagram.com\/embed.js\"><\/script><\/p>\n","protected":false},"excerpt":{"rendered":"Un rifugio fisico e mentale era ci\u00f2 di cui aveva bisogno il proprietario di questo appartamento di 80&hellip;\n","protected":false},"author":3,"featured_media":394675,"comment_status":"","ping_status":"","sticky":false,"template":"","format":"standard","meta":{"footnotes":"","_share_on_mastodon":"0"},"categories":[1446],"tags":[1615,1613,1614,1611,1610,11368,5134,1612,203,20958,204,1537,90,89],"class_list":["post-394674","post","type-post","status-publish","format-standard","has-post-thumbnail","category-arte-e-design","tag-arte","tag-arte-e-design","tag-arteedesign","tag-arts","tag-arts-and-design","tag-bellissima","tag-casa","tag-design","tag-entertainment","tag-interni","tag-intrattenimento","tag-it","tag-italia","tag-italy"],"share_on_mastodon":{"url":"https:\/\/pubeurope.com\/@it\/116224316637282318","error":""},"_links":{"self":[{"href":"https:\/\/www.europesays.com\/it\/wp-json\/wp\/v2\/posts\/394674","targetHints":{"allow":["GET"]}}],"collection":[{"href":"https:\/\/www.europesays.com\/it\/wp-json\/wp\/v2\/posts"}],"about":[{"href":"https:\/\/www.europesays.com\/it\/wp-json\/wp\/v2\/types\/post"}],"author":[{"embeddable":true,"href":"https:\/\/www.europesays.com\/it\/wp-json\/wp\/v2\/users\/3"}],"replies":[{"embeddable":true,"href":"https:\/\/www.europesays.com\/it\/wp-json\/wp\/v2\/comments?post=394674"}],"version-history":[{"count":0,"href":"https:\/\/www.europesays.com\/it\/wp-json\/wp\/v2\/posts\/394674\/revisions"}],"wp:featuredmedia":[{"embeddable":true,"href":"https:\/\/www.europesays.com\/it\/wp-json\/wp\/v2\/media\/394675"}],"wp:attachment":[{"href":"https:\/\/www.europesays.com\/it\/wp-json\/wp\/v2\/media?parent=394674"}],"wp:term":[{"taxonomy":"category","embeddable":true,"href":"https:\/\/www.europesays.com\/it\/wp-json\/wp\/v2\/categories?post=394674"},{"taxonomy":"post_tag","embeddable":true,"href":"https:\/\/www.europesays.com\/it\/wp-json\/wp\/v2\/tags?post=394674"}],"curies":[{"name":"wp","href":"https:\/\/api.w.org\/{rel}","templated":true}]}}