{"id":394968,"date":"2026-03-14T03:19:12","date_gmt":"2026-03-14T03:19:12","guid":{"rendered":"https:\/\/www.europesays.com\/it\/394968\/"},"modified":"2026-03-14T03:19:12","modified_gmt":"2026-03-14T03:19:12","slug":"torino-parma-4-1-cairo-ho-letto-delle-cose-orribili-ma-come-siete-messi","status":"publish","type":"post","link":"https:\/\/www.europesays.com\/it\/394968\/","title":{"rendered":"Torino-Parma 4-1, Cairo: \u201cHo letto delle cose orribili. Ma come siete messi?\u201d"},"content":{"rendered":"<p>Le parole del patron del Toro al termine della sfida tra granata e giallobl\u00f9<\/p>\n<p>Termina 4-1 l&#8217;incontro tra Torino e Parma, valevole per la 29\u00b0 giornata di Serie A. Al termine del match, dallo stadio Olimpico Grande Torino, il patron granata Urbano\u00a0<strong>Cairo<\/strong> ha commentato la sfida ai microfoni dei giornalisti accreditati. Di seguito le sue parole.<\/p>\n<p>&#8220;Siamo contenti, bella vittoria. Ma voglio dire una cosa diversa: quelle scritte che ho visto sono cose veramente brutte. Ma non per me, per i bambini che le vedono. Parliamo del gioco del calcio, dove c&#8217;\u00e8 un presidente che ha messo decine di milioni. Arrivare a dire delle robe del genere \u00e8 proprio una cosa brutta. Sono dispiaciuto per chi l&#8217;ha fatto, che \u00e8 messo male. Uno che scrive quelle robe, che poi le vedono i bambini. Ma stiamo parlando del gioco del calcio, non di guerre, che purtroppo ci sono. E&#8217; il gioco del calcio, niente di pi\u00f9. Poi per\u00f2 secondo me qualcuno di voi \u00e8 responsabile. Io ho visto in un giornale, che non nomino, che scrivono cose assurde. &#8220;La clausola di Zapata&#8221;, &#8220;D&#8217;Aversa lavora per Juric&#8221;&#8230; Ma che senso ha? Per voler creare dissapori? Ma veramente. Ma come siete messi. E questi sono tifosi del Toro. E sono messi cos\u00ec, che vogliono il male del Toro. Il presidente pu\u00f2 cambiare, prima o poi vender\u00e0. Ma se questo \u00e8 l&#8217;ambiente, l&#8217;altro che arriva sar\u00e0 la stessa cosa. Questo voglio dire. Nient&#8217;altro. La partita l&#8217;avete vista, bella partita, sono contento&#8221;.<\/p>\n<p class=\"is-copyright\">\u00a9 RIPRODUZIONE RISERVATA<\/p>\n","protected":false},"excerpt":{"rendered":"Le parole del patron del Toro al termine della sfida tra granata e giallobl\u00f9 Termina 4-1 l&#8217;incontro tra&hellip;\n","protected":false},"author":3,"featured_media":394969,"comment_status":"","ping_status":"","sticky":false,"template":"","format":"standard","meta":{"footnotes":"","_share_on_mastodon":"0"},"categories":[1452],"tags":[788,5471,7775,721,122,1740,2024,114413,5197,1537,90,89,59,9476,6301,4979,1290,38683,1739,245,244,1641,5517],"class_list":["post-394968","post","type-post","status-publish","format-standard","has-post-thumbnail","category-calcio","tag-bambini","tag-bella","tag-cairo","tag-calcio","tag-cose","tag-football","tag-gioco","tag-gioco-calcio","tag-granata","tag-it","tag-italia","tag-italy","tag-messi","tag-messo","tag-parma","tag-parole","tag-partita","tag-patron","tag-soccer","tag-sport","tag-sports","tag-torino","tag-toro"],"share_on_mastodon":{"url":"https:\/\/pubeurope.com\/@it\/116225373990299156","error":""},"_links":{"self":[{"href":"https:\/\/www.europesays.com\/it\/wp-json\/wp\/v2\/posts\/394968","targetHints":{"allow":["GET"]}}],"collection":[{"href":"https:\/\/www.europesays.com\/it\/wp-json\/wp\/v2\/posts"}],"about":[{"href":"https:\/\/www.europesays.com\/it\/wp-json\/wp\/v2\/types\/post"}],"author":[{"embeddable":true,"href":"https:\/\/www.europesays.com\/it\/wp-json\/wp\/v2\/users\/3"}],"replies":[{"embeddable":true,"href":"https:\/\/www.europesays.com\/it\/wp-json\/wp\/v2\/comments?post=394968"}],"version-history":[{"count":0,"href":"https:\/\/www.europesays.com\/it\/wp-json\/wp\/v2\/posts\/394968\/revisions"}],"wp:featuredmedia":[{"embeddable":true,"href":"https:\/\/www.europesays.com\/it\/wp-json\/wp\/v2\/media\/394969"}],"wp:attachment":[{"href":"https:\/\/www.europesays.com\/it\/wp-json\/wp\/v2\/media?parent=394968"}],"wp:term":[{"taxonomy":"category","embeddable":true,"href":"https:\/\/www.europesays.com\/it\/wp-json\/wp\/v2\/categories?post=394968"},{"taxonomy":"post_tag","embeddable":true,"href":"https:\/\/www.europesays.com\/it\/wp-json\/wp\/v2\/tags?post=394968"}],"curies":[{"name":"wp","href":"https:\/\/api.w.org\/{rel}","templated":true}]}}