{"id":39538,"date":"2025-08-10T15:51:11","date_gmt":"2025-08-10T15:51:11","guid":{"rendered":"https:\/\/www.europesays.com\/it\/39538\/"},"modified":"2025-08-10T15:51:11","modified_gmt":"2025-08-10T15:51:11","slug":"fedez-e-lesibizione-alla-sagra-dello-stoccafisso-con-il-cachet-da-100mila-euro","status":"publish","type":"post","link":"https:\/\/www.europesays.com\/it\/39538\/","title":{"rendered":"Fedez e l&#8217;esibizione alla sagra dello stoccafisso (con il cachet da 100mila euro)"},"content":{"rendered":"<p><a href=\"https:\/\/www.milanotoday.it\/search\/query\/Fedez\" rel=\"nofollow noopener\" target=\"_blank\">Fedez<\/a> salir\u00e0 sul palco della festa nazionale dello Stocco. L&#8217;esibizione \u00e8 in programma marted\u00ec 12 agosto, a Cittanova, un comune di poco eno di 10mila abitanti in provincia di Reggio Calabria). E in quell&#8217;occasione la manifestazione vedr\u00e0 la presenza del rapper milanese. Un&#8217;esibizione a ingresso libero per cui, nelle scorse ore, sono per\u00f2 circolate indiscrezioni relative al cachet per la presenza dell&#8217;artista: 100mila euro pi\u00f9 vitto e alloggio per tutta la crew.\u00a0<\/p>\n<p>100mila euro a Fedez per la sagra dello stocco<\/p>\n<p>Una cifra non indifferente, riportata dal magazine <a href=\"https:\/\/mowmag.com\/attualita\/ma-cosa-ci-fa-fedez-alla-festa-dello-stocco-di-cittanova-si-prende-100mila-euro-alla-faccia-dello-stoccafisso-tra-comune-e-sponsor-privati-ecco-chi-paga\" target=\"_blank\" rel=\"nofollow noopener\">Mowmag<\/a> che, tra le indiscrezioni pubblicate, ha anche reso note alcune delle richieste che sarebbero arrivate dall&#8217;entourage dell&#8217;artista: vini bianchi senza solfiti e verdure bio.\u00a0<\/p>\n<p>Ma chi pagher\u00e0 per l&#8217;esibizione di Fedez? A rispondere \u00e8 sempre Mowmag che ricostruisce che a coprire le spese sar\u00e0 uno sponsor privato, l&#8217;azieda Stocco&amp;Stocco che da sempre \u00e8 partner della manifestazione. Il comune rendinconter\u00e0 le spese sostenute che verranno poi coperte dal privato. Prima del rapper milanese a cantare in occasione della manifestazione erano stati anche i Nomadi e Cesare Cremonini.<\/p>\n<p><img decoding=\"async\" src=\"https:\/\/www.europesays.com\/it\/wp-content\/uploads\/2025\/08\/la-locandina-della-festa-dello-stocco-2.jpg\" alt=\"La locandina della festa dello Stocco-2\" title=\"La locandina della festa dello Stocco\"\/><\/p>\n<p>La nuova fidanzata Giulia Honegger<\/p>\n<p>La partecipazione arriva dopo l&#8217;annuncio ufficiale della nuova relazione con Giulia Honegger, confermata recentemente con un post condiviso su Instagram dal rapper, accompagnato da una frase simbolica: &#8220;Non pu\u00f2 piovere sempre&#8221; e da una serie di scatti che ritraggono momenti di complicit\u00e0 con <a href=\"https:\/\/www.today.it\/gossip\/vip\/fedez-fidanzata-giulia-cane-video.html\" rel=\"nofollow noopener\" target=\"_blank\">la giovane fidanzata<\/a>. Si tratta della prima relazione ufficiale dopo la fine del matrimonio con <a href=\"https:\/\/www.milanotoday.it\/search\/query\/Chiara+Ferragni\" rel=\"nofollow noopener\" target=\"_blank\">Chiara Ferragni<\/a>.<\/p>\n","protected":false},"excerpt":{"rendered":"Fedez salir\u00e0 sul palco della festa nazionale dello Stocco. L&#8217;esibizione \u00e8 in programma marted\u00ec 12 agosto, a Cittanova,&hellip;\n","protected":false},"author":3,"featured_media":39539,"comment_status":"","ping_status":"","sticky":false,"template":"","format":"standard","meta":{"footnotes":""},"categories":[1443],"tags":[203,204,1537,90,89,1538,1539],"class_list":{"0":"post-39538","1":"post","2":"type-post","3":"status-publish","4":"format-standard","5":"has-post-thumbnail","7":"category-musica","8":"tag-entertainment","9":"tag-intrattenimento","10":"tag-it","11":"tag-italia","12":"tag-italy","13":"tag-music","14":"tag-musica"},"share_on_mastodon":{"url":"","error":""},"_links":{"self":[{"href":"https:\/\/www.europesays.com\/it\/wp-json\/wp\/v2\/posts\/39538","targetHints":{"allow":["GET"]}}],"collection":[{"href":"https:\/\/www.europesays.com\/it\/wp-json\/wp\/v2\/posts"}],"about":[{"href":"https:\/\/www.europesays.com\/it\/wp-json\/wp\/v2\/types\/post"}],"author":[{"embeddable":true,"href":"https:\/\/www.europesays.com\/it\/wp-json\/wp\/v2\/users\/3"}],"replies":[{"embeddable":true,"href":"https:\/\/www.europesays.com\/it\/wp-json\/wp\/v2\/comments?post=39538"}],"version-history":[{"count":0,"href":"https:\/\/www.europesays.com\/it\/wp-json\/wp\/v2\/posts\/39538\/revisions"}],"wp:featuredmedia":[{"embeddable":true,"href":"https:\/\/www.europesays.com\/it\/wp-json\/wp\/v2\/media\/39539"}],"wp:attachment":[{"href":"https:\/\/www.europesays.com\/it\/wp-json\/wp\/v2\/media?parent=39538"}],"wp:term":[{"taxonomy":"category","embeddable":true,"href":"https:\/\/www.europesays.com\/it\/wp-json\/wp\/v2\/categories?post=39538"},{"taxonomy":"post_tag","embeddable":true,"href":"https:\/\/www.europesays.com\/it\/wp-json\/wp\/v2\/tags?post=39538"}],"curies":[{"name":"wp","href":"https:\/\/api.w.org\/{rel}","templated":true}]}}