{"id":395789,"date":"2026-03-14T16:29:10","date_gmt":"2026-03-14T16:29:10","guid":{"rendered":"https:\/\/www.europesays.com\/it\/395789\/"},"modified":"2026-03-14T16:29:10","modified_gmt":"2026-03-14T16:29:10","slug":"mamma-ha-sentito-il-vostro-amore","status":"publish","type":"post","link":"https:\/\/www.europesays.com\/it\/395789\/","title":{"rendered":"mamma ha sentito il vostro amore"},"content":{"rendered":"<p>\u00abLa parola poetica, amici, \u00e8 quella che dice davvero la realt\u00e0 sulla morte. Non la cronaca, non il referto medico, non la nuda notizia. La poesia. Perch\u00e9 la poesia percepisce ci\u00f2 che gli occhi non vedono: la vita che resiste, che continua, che abita ancora, pur nell&#8217;invisibilit\u00e0 dello sguardo. L&#8217;artista, il poeta, l&#8217;attore, lo scrittore &#8211; ed Enrica lo \u00e8 stata in modo profondo &#8211; ha questo dono: penetra l&#8217;invisibile. Vede le assenze e le dona voce. Sente le risate che non arrivano pi\u00f9, eppure le racconta. Percepisce i sorrisi fragranti, l&#8217;ironia pungente, e li trasforma in parole che restano. Ecco il paradosso: l&#8217;assenza \u00e8 piena di presenza. Il silenzio \u00e8 abitato da voci. La morte non ha cancellato niente, ha solo trasfigurato\u00bb. Sono alcune delle parole dell&#8217;omelia di monsignor Antonio Staglian\u00f2, dette durante il funerale di Enrica Bonaccorti. \u00abEnrica, con la sua scrittura, con la sua poesia, con le sue novelle, ha fatto esattamente questo per tutta la vita: ha tenuto aperta la porta &#8211; ha aggiunto -. Ha dato voce a chi non ce l&#8217;aveva. Ha raccontato le assenze, i dolori taciuti, le gioie nascoste. Ha penetrato l&#8217;invisibile dei suoi personaggi, e ce li ha restituiti vivi, veri, pulsanti. Oggi siamo qui per dire che quella porta che lei ha tenuto aperta per noi, ora \u00e8 dio a tenerla aperta per lei\u00bb. Il vescovo ha poi letto alcuni dei versi di Bonaccorti: \u00abSulla pelle e sulla carta lascia solchi l&#8217;esistenza \/ rughe \/ che agli altri contano i miei anni \/ righe \/ che a me raccontano la vita. Con questi versi Enrica ci ha aperto il suo mondo. Oggi siamo qui, di fronte al solco pi\u00f9 profondo: il silenzio della sua morte. Un silenzio che sembra voler ingoiare tutto: le sue risate, le sue parole, i suoi racconti, le sue poesie. E tuttavia, il silenzio di chi abbiamo amato &#8211; ci insegna la fede -, non \u00e8 un silenzio vuoto. \u00c8 un silenzio che parla. \u00c8 quel come un grido taciuto che lei stessa amava citare da Pavese. \u00c8 un suono pi\u00f9 veloce della luce, che oggi dobbiamo imparare ad ascoltare con il cuore. Enrica non \u00e8 stata solo una scrittrice. \u00c8 stata una cercatrice di verit\u00e0&#8221;. Staglian\u00f2 ha concluso dicendo: \u00abEnrica, sarai indimenticabile per i solchi che hai lasciato sulla carta e nei nostri cuori. Sarai indimenticabile perch\u00e9 ci hai insegnato che, anche quando &#8216;il tempo frana veloce come una slavina&#8217;, l&#8217;unica cosa che conta \u00e8 l&#8217;amore che doniamo. Sarai indimenticabile perch\u00e9 hai vissuto, e non solo vivacchiato, e nella sconfitta non ti sei arresa, ma hai continuato a cercare la luce, a cercare la bellezza, a cercare l&#8217;amore\u00bb. In conclusione delle esequie Eleonora Daniele ha letto la Preghiera degli artisti. Poi, il fisico Valerio Rossi Albertini ha letto una novella di Bonaccorti, ricordando poi che \u00abEnrica era una donna dal multiforme ingegno\u00bb e \u00abla sua curiosit\u00e0 mi stimolava molto\u00bb. Tra i presenti ci sono anche Mara Venier, visibilmente commossa, Gloria Guida, Pino Strabioli, Michele Guard\u00ec, Franco Nero e Giancarlo Magalli. <\/p>\n","protected":false},"excerpt":{"rendered":"\u00abLa parola poetica, amici, \u00e8 quella che dice davvero la realt\u00e0 sulla morte. Non la cronaca, non il&hellip;\n","protected":false},"author":3,"featured_media":395790,"comment_status":"","ping_status":"","sticky":false,"template":"","format":"standard","meta":{"footnotes":"","_share_on_mastodon":"0"},"categories":[1451],"tags":[1621,1620,83306,226549,203,2686,204,1537,90,89,26349,987,243],"class_list":["post-395789","post","type-post","status-publish","format-standard","has-post-thumbnail","category-celebrita","tag-celebrita","tag-celebrities","tag-enrica-bonaccorti","tag-enrica-bonaccorti-funerali","tag-entertainment","tag-funerali","tag-intrattenimento","tag-it","tag-italia","tag-italy","tag-renato-zero","tag-roma","tag-ultima-ora"],"share_on_mastodon":{"url":"https:\/\/pubeurope.com\/@it\/116228480477980350","error":""},"_links":{"self":[{"href":"https:\/\/www.europesays.com\/it\/wp-json\/wp\/v2\/posts\/395789","targetHints":{"allow":["GET"]}}],"collection":[{"href":"https:\/\/www.europesays.com\/it\/wp-json\/wp\/v2\/posts"}],"about":[{"href":"https:\/\/www.europesays.com\/it\/wp-json\/wp\/v2\/types\/post"}],"author":[{"embeddable":true,"href":"https:\/\/www.europesays.com\/it\/wp-json\/wp\/v2\/users\/3"}],"replies":[{"embeddable":true,"href":"https:\/\/www.europesays.com\/it\/wp-json\/wp\/v2\/comments?post=395789"}],"version-history":[{"count":0,"href":"https:\/\/www.europesays.com\/it\/wp-json\/wp\/v2\/posts\/395789\/revisions"}],"wp:featuredmedia":[{"embeddable":true,"href":"https:\/\/www.europesays.com\/it\/wp-json\/wp\/v2\/media\/395790"}],"wp:attachment":[{"href":"https:\/\/www.europesays.com\/it\/wp-json\/wp\/v2\/media?parent=395789"}],"wp:term":[{"taxonomy":"category","embeddable":true,"href":"https:\/\/www.europesays.com\/it\/wp-json\/wp\/v2\/categories?post=395789"},{"taxonomy":"post_tag","embeddable":true,"href":"https:\/\/www.europesays.com\/it\/wp-json\/wp\/v2\/tags?post=395789"}],"curies":[{"name":"wp","href":"https:\/\/api.w.org\/{rel}","templated":true}]}}