{"id":395920,"date":"2026-03-14T18:30:13","date_gmt":"2026-03-14T18:30:13","guid":{"rendered":"https:\/\/www.europesays.com\/it\/395920\/"},"modified":"2026-03-14T18:30:13","modified_gmt":"2026-03-14T18:30:13","slug":"funerali-enrica-bonaccorti-la-lettera-di-renato-zero-tutto-e-silenzio","status":"publish","type":"post","link":"https:\/\/www.europesays.com\/it\/395920\/","title":{"rendered":"Funerali Enrica Bonaccorti, la lettera di Renato Zero: &#8220;Tutto \u00e8 silenzio&#8221;"},"content":{"rendered":"<p><strong>Renato Zero<\/strong> non ha potuto presenziare ai <strong>funerali di Enrica Bonaccorti<\/strong>. Un\u2019assenza che si \u00e8 fatta certamente notare, dato il lungo e profondo rapporto che li univa, ma che l\u2019artista ha colmato con un ultimo prezioso, dono: una lettera non di addio, ma di arrivederci per quella \u201csorella, amica, complice\u201d che mai potr\u00e0 dimenticare.<\/p>\n<p>Le ultime parole di Renato Zero per l\u2019amica<\/p>\n<p>C\u2019\u00e8 l\u2019amarezza per non esserci stato, ma soprattutto la gioia nel condividere, seppur a distanza, le ultime parole per <strong>una delle persone pi\u00f9 importanti della sua vita<\/strong>. Non era l\u00ec fisicamente, ma <a href=\"https:\/\/dilei.it\/star-e-vip\/renato-zero\/\" rel=\"nofollow noopener\" target=\"_blank\">Renato Zero<\/a> ha comunque voluto esserci, a modo suo. E lo ha fatto con una emozionante lettera, letta sul pulpito della Chiesa degli Artisti di Roma da Monsignor Staglian\u00f2, durante la celebrazione delle <a href=\"https:\/\/dilei.it\/vip\/fotonotizia\/funerali-enrica-bonaccorti-ultimo-commosso-saluto\/2210924\/\" rel=\"nofollow noopener\" target=\"_blank\">esequie di Enrica Bonaccorti<\/a>:<\/p>\n<blockquote>\n<p>Sei stata all\u2019occorrenza <strong>sorella, amica, complice<\/strong>, pur di non lasciarmi sguarnito, ci siamo arrangiati sempre, inventandoci giorno per giorno un mestiere diverso. Tu ti sei persino improvvisata mia manager per farmi ottenere qualche scrittura. \u00c8 stato un percorso infinitamente variegato e coinvolgente. A un tratto, per\u00f2, <strong>mi sono svegliato e non ci sei pi\u00f9<\/strong>. La tua fresca risata, i tuoi sorrisi educati, la tua ironia pungente e stimolante:<strong> tutto \u00e8 silenzio<\/strong> e comprendo che da l\u00ec dovr\u00f2 sbrigarmela da solo. Eppure quanto di te resta addosso, quanta energia sprigiona la tua poesia, quanta bellezza ti porti. Ma io so che passerai da me cento, un miliardo di volte, ed \u00e8 per questa ragione che <strong>lascer\u00f2 sempre quella porta aperta<\/strong>.<\/p>\n<\/blockquote>\n<p>Parole che giungono da <strong>Mantova<\/strong>, dove l\u2019artista \u00e8 attualmente impegnato con il suo tour. \u201cDomani alle 15 Enrica torna alla casa del Padre \u2013 <a href=\"https:\/\/dilei.it\/spettacolo\/enrica-bonaccorti-ricordo-commosso-renato-zero-palco-mantova\/2210871\/\" rel=\"nofollow noopener\" target=\"_blank\">aveva detto sul palco a fine concerto<\/a>, nella serata di venerd\u00ec 13 marzo -. Avrebbe sicuramente apprezzato questa mia partecipazione stasera qui, perch\u00e9 era la sua volont\u00e0 quella di condividere con me tutte le esperienze. <strong>Abbiamo fatto tanta strada insieme<\/strong>. Io la ringrazio pubblicamente per essermi stata vicino, per avermi dato sempre coraggio e forza per andare avanti e credere in quello che facevo. Mi mancher\u00e0 tanto. Grazie a voi, grazie di ricordarla, sempre. Grazie\u201d.<\/p>\n<p>L\u2019omelia di Monsignor Staglian\u00f2<\/p>\n<p>Splendide anche le parole spese da Monsignor Staglian\u00f2 nell\u2019omelia, tra i momenti pi\u00f9 toccanti dei funerali della Bonaccorti. \u201cEnrica, con la sua scrittura, ha sempre cercato di dare voce all\u2019invisibile. Oggi \u00e8 lei stessa a diventare invisibile ai nostri occhi. Ma proprio per questo, come ci suggerisce la poesia, possiamo incontrarla in un modo nuovo: <strong>nelle sue parole che restano, nell\u2019amore che ha seminato<\/strong>, nella bellezza che ci ha donato\u201d, ha detto.<\/p>\n<p>\u201c<strong>Sarai indimenticabile<\/strong> per i solchi che hai lasciato sulla carta e nei nostri cuori. Sarai indimenticabile perch\u00e9 ci hai insegnato che, anche quando \u2018il tempo frana veloce come una slavina\u2019, <strong>l\u2019unica cosa che conta \u00e8 l\u2019amore che doniamo<\/strong>. Sarai indimenticabile perch\u00e9 hai vissuto, e non solo vivacchiato, e nella sconfitta non ti sei arresa, ma hai continuato a cercare la luce, a cercare la bellezza, a cercare l\u2019amore\u201d, ha proseguito, concludendo: \u201cEnrica non ha mai nascosto le crepe, le rughe, i fallimenti. Anzi, ne ha fatto materia di racconto, di poesia, di condivisione. E anche questo \u00e8 divino. Perch\u00e9 Dio, nella Scrittura, non nasconde le fragilit\u00e0 dei suoi amici\u201d.<\/p>\n<p>\t\t\t\tScopri i personaggi in trend, le storie del momento e molto altro.<br \/>Dove? Sul <a href=\"https:\/\/whatsapp.com\/channel\/0029Vb68mVyHVvTWezDm7d0R\" target=\"_blank\" rel=\"noopener nofollow\">canale WhatsApp di DiLei!<\/a><\/p>\n<p>\t\t\t<a class=\"buttonCall\" href=\"https:\/\/whatsapp.com\/channel\/0029Vb68mVyHVvTWezDm7d0R\" target=\"_blank\" rel=\"noopener nofollow\" title=\"Seguici su WhatsApp\"><br \/>\n\t\t\t\tSeguici su WhatsApp<br \/>\n\t\t\t<\/a><\/p>\n","protected":false},"excerpt":{"rendered":"Renato Zero non ha potuto presenziare ai funerali di Enrica Bonaccorti. Un\u2019assenza che si \u00e8 fatta certamente notare,&hellip;\n","protected":false},"author":3,"featured_media":395921,"comment_status":"","ping_status":"","sticky":false,"template":"","format":"standard","meta":{"footnotes":"","_share_on_mastodon":"0"},"categories":[6],"tags":[14,83306,8,1537,90,89,7,15,82,9,83,10,26349,13,11,80,84,12,81,85,86],"class_list":["post-395920","post","type-post","status-publish","format-standard","has-post-thumbnail","category-ultime-notizie","tag-cronaca","tag-enrica-bonaccorti","tag-headlines","tag-it","tag-italia","tag-italy","tag-news","tag-notizie","tag-notizie-di-cronaca","tag-notizie-principali","tag-notiziedicronaca","tag-notizieprincipali","tag-renato-zero","tag-titoli","tag-ultime-notizie","tag-ultime-notizie-di-cronaca","tag-ultime-notizie-e-news-di-oggi","tag-ultimenotizie","tag-ultimenotiziedicronaca","tag-ultimenotizieenewsdioggi","tag-vip"],"share_on_mastodon":{"url":"https:\/\/pubeurope.com\/@it\/116228956203563573","error":""},"_links":{"self":[{"href":"https:\/\/www.europesays.com\/it\/wp-json\/wp\/v2\/posts\/395920","targetHints":{"allow":["GET"]}}],"collection":[{"href":"https:\/\/www.europesays.com\/it\/wp-json\/wp\/v2\/posts"}],"about":[{"href":"https:\/\/www.europesays.com\/it\/wp-json\/wp\/v2\/types\/post"}],"author":[{"embeddable":true,"href":"https:\/\/www.europesays.com\/it\/wp-json\/wp\/v2\/users\/3"}],"replies":[{"embeddable":true,"href":"https:\/\/www.europesays.com\/it\/wp-json\/wp\/v2\/comments?post=395920"}],"version-history":[{"count":0,"href":"https:\/\/www.europesays.com\/it\/wp-json\/wp\/v2\/posts\/395920\/revisions"}],"wp:featuredmedia":[{"embeddable":true,"href":"https:\/\/www.europesays.com\/it\/wp-json\/wp\/v2\/media\/395921"}],"wp:attachment":[{"href":"https:\/\/www.europesays.com\/it\/wp-json\/wp\/v2\/media?parent=395920"}],"wp:term":[{"taxonomy":"category","embeddable":true,"href":"https:\/\/www.europesays.com\/it\/wp-json\/wp\/v2\/categories?post=395920"},{"taxonomy":"post_tag","embeddable":true,"href":"https:\/\/www.europesays.com\/it\/wp-json\/wp\/v2\/tags?post=395920"}],"curies":[{"name":"wp","href":"https:\/\/api.w.org\/{rel}","templated":true}]}}