{"id":396128,"date":"2026-03-14T21:45:12","date_gmt":"2026-03-14T21:45:12","guid":{"rendered":"https:\/\/www.europesays.com\/it\/396128\/"},"modified":"2026-03-14T21:45:12","modified_gmt":"2026-03-14T21:45:12","slug":"sfida-playoff-di-challenge-cup","status":"publish","type":"post","link":"https:\/\/www.europesays.com\/it\/396128\/","title":{"rendered":"sfida playoff di Challenge Cup"},"content":{"rendered":"\n<p>Da Scandicci a Cuneo. Detto addio ai playoff scudetto dopo l\u2019eliminazione a opera delle toscane,<strong class=\"nero\"> il Volley Bergamo si tutta nei playoff della Challenge Cup<\/strong>, <strong class=\"nero\">domenica 15 marzo a Cuneo<\/strong> (alle 17) contro le piemontesi.<\/p>\n<p>La Challenge Cup mette in palio<strong class=\"nero\"> un posto nella terza competizione europea <\/strong>(dopo Champions e Cev) con le quattro squadre uscite ai quarti scudetto pi\u00f9 quelle classificate dalla 9\u00aa alla 12\u00aa in campionato. <strong class=\"nero\">Bergamo \u00e8 inserita nel girone B e oltre a Cuneo affronter\u00e0 San Giovanni in Marignano e Vallefoglia<\/strong> in sfide di andata e ritorno. <\/p>\n<p>\u00ab\u00c8 una competizione importante, perch\u00e9 pu\u00f2 farci riaffacciare in Europa, sfruttando i progressi mostrati nell\u2019ultimo periodo\u00bb, ha sottolineato alla vigilia il ds Mario Bertini. <\/p>\n<p>Tra le rossobl\u00f9 mancher\u00e0 la palleggiatrice titolare<strong class=\"nero\"> Eze, ancora ai box <\/strong>per l\u2019infortunio alla caviglia, <strong class=\"nero\">al suo posto giocher\u00e0 Carraro<\/strong>, in diagonale con Kipp. <\/p>\n","protected":false},"excerpt":{"rendered":"Da Scandicci a Cuneo. Detto addio ai playoff scudetto dopo l\u2019eliminazione a opera delle toscane, il Volley Bergamo&hellip;\n","protected":false},"author":3,"featured_media":396129,"comment_status":"","ping_status":"","sticky":false,"template":"","format":"standard","meta":{"footnotes":"","_share_on_mastodon":"0"},"categories":[1474],"tags":[20484,721,1824,1537,90,89,226615,2347,245,244,1869,111367],"class_list":["post-396128","post","type-post","status-publish","format-standard","has-post-thumbnail","category-volley","tag-automobilismo","tag-calcio","tag-ciclismo","tag-it","tag-italia","tag-italy","tag-mario-bertini","tag-pallavolo","tag-sport","tag-sports","tag-volley","tag-volley-bergamo"],"share_on_mastodon":{"url":"https:\/\/pubeurope.com\/@it\/116229722818356395","error":""},"_links":{"self":[{"href":"https:\/\/www.europesays.com\/it\/wp-json\/wp\/v2\/posts\/396128","targetHints":{"allow":["GET"]}}],"collection":[{"href":"https:\/\/www.europesays.com\/it\/wp-json\/wp\/v2\/posts"}],"about":[{"href":"https:\/\/www.europesays.com\/it\/wp-json\/wp\/v2\/types\/post"}],"author":[{"embeddable":true,"href":"https:\/\/www.europesays.com\/it\/wp-json\/wp\/v2\/users\/3"}],"replies":[{"embeddable":true,"href":"https:\/\/www.europesays.com\/it\/wp-json\/wp\/v2\/comments?post=396128"}],"version-history":[{"count":0,"href":"https:\/\/www.europesays.com\/it\/wp-json\/wp\/v2\/posts\/396128\/revisions"}],"wp:featuredmedia":[{"embeddable":true,"href":"https:\/\/www.europesays.com\/it\/wp-json\/wp\/v2\/media\/396129"}],"wp:attachment":[{"href":"https:\/\/www.europesays.com\/it\/wp-json\/wp\/v2\/media?parent=396128"}],"wp:term":[{"taxonomy":"category","embeddable":true,"href":"https:\/\/www.europesays.com\/it\/wp-json\/wp\/v2\/categories?post=396128"},{"taxonomy":"post_tag","embeddable":true,"href":"https:\/\/www.europesays.com\/it\/wp-json\/wp\/v2\/tags?post=396128"}],"curies":[{"name":"wp","href":"https:\/\/api.w.org\/{rel}","templated":true}]}}