{"id":396202,"date":"2026-03-14T22:50:11","date_gmt":"2026-03-14T22:50:11","guid":{"rendered":"https:\/\/www.europesays.com\/it\/396202\/"},"modified":"2026-03-14T22:50:11","modified_gmt":"2026-03-14T22:50:11","slug":"addio-al-gallerista-carlo-frittelli","status":"publish","type":"post","link":"https:\/\/www.europesays.com\/it\/396202\/","title":{"rendered":"addio al gallerista Carlo Frittelli"},"content":{"rendered":"<p>\u00c8 morto a Firenze a 91 anni il gallerista Carlo Frittelli, punto di riferimento per l\u2019arte contemporanea e del secondo Novecento. Nato il 2 gennaio 1935, aveva avviato in citt\u00e0 il Centro d\u2019arte Spaziotempo in piazza Peruzzi.<br \/>Nel 2006, insieme al figlio Simone (oggi direttore), aveva inaugurato la Frittelli Arte Contemporanea nella sede di via Val di Marina 15, a Novoli: circa 2.000 mq ristrutturati dall\u2019architetto Adolfo Natalini, con area permanente \u201cLe Stanze\u201d e un piccolo auditorium per video, incontri e seminari.\u00a0<\/p>\n<p>Nipote del pittore ottocentesco Raffaello Sorbi, Frittelli ha unito in carriera esperienze di artista e collezionista. In galleria opere, tra gli altri, di Pino Pascali, Mimmo Rotella e Vinicio Berti.<\/p>\n<p>Carlo Frittelli, nipote di Raffaello Sorbi, pittore toscano dell\u2019Ottocento, ha condiviso negli ultimi decenni con il figlio Simone &#8211; oggi direttore della galleria &#8211; la forte passione per la vita e per l\u2019essenza delle cose che da sempre lo hanno legato al mondo dell\u2019arte, passando tra le diverse esperienze di artista, collezionista e infine gallerista. Nello spazio espositivo si possoo ammirare lavori di Vasco Bendini, Vinicio Berti, Gianni Bertini, Heinrich Gresbeck, Riccardo Guarneri, Lucia Marcucci, Paolo Masi, Luca Matti, Pino Pascali, Mimmo Rotella.<\/p>\n<p>Cordoglio per la morte del gallerista Carlo Fritelli \u00e8 stato espresso dalla sindaca di Frenze, Sara Funaro. Nel maggio 2024, a 89 anni, Frittelli si era candidato al Consiglio comunale con la lista civica &#8216;Anima 2030&#8217; a supporto di Funaro. \u201cCon la scomparsa di Carlo Frittelli Firenze perde un protagonista raffinato della vita culturale cittadina. Carlo ha saputo trasformare la passione per l\u2019arte in una missione di ricerca e divulgazione, rendendo la sua galleria un punto di riferimento internazionale per l\u2019arte contemporanea e del secondo Novecento &#8211; ha detto Sara Funaro &#8211; Frittelli \u00e8 stato un intellettuale impegnato, che si \u00e8 messo a diposizione della citt\u00e0. Il suo spazio a Novoli \u00e8 un presidio di cultura viva, un luogo di confronto dove intere generazioni di appassionati hanno potuto formarsi\u201d.<\/p>\n<p>\u201cLa sua generosit\u00e0 nel collaborare con le istituzioni cittadine e la sua visione di una Firenze proiettata nel contemporaneo \u2013 ha aggiunto l\u2019assessore alla cultura Giovanni Bettarini &#8211; lasciano un\u2019eredit\u00e0 preziosa che va ben oltre le pareti della sua galleria. Lo ricorderemo per la sua passione per la ricerca artistica. \u00c8 stato un consigliere prezioso che ha offerto sempre spunti critici e un supporto fondamentale per le mostre\u201d. \u201cAlla sua famiglia e agli amici va l\u2019abbraccio pi\u00f9 sincero dell&#8217;Amministrazione Comunale e di tutta la citt\u00e0\u201d hanno concluso Funaro e Bettarini.<\/p>\n","protected":false},"excerpt":{"rendered":"\u00c8 morto a Firenze a 91 anni il gallerista Carlo Frittelli, punto di riferimento per l\u2019arte contemporanea e&hellip;\n","protected":false},"author":3,"featured_media":396203,"comment_status":"","ping_status":"","sticky":false,"template":"","format":"standard","meta":{"footnotes":"","_share_on_mastodon":"0"},"categories":[1446],"tags":[1615,1613,1614,1611,1610,1612,203,204,1537,90,89,35976],"class_list":["post-396202","post","type-post","status-publish","format-standard","has-post-thumbnail","category-arte-e-design","tag-arte","tag-arte-e-design","tag-arteedesign","tag-arts","tag-arts-and-design","tag-design","tag-entertainment","tag-intrattenimento","tag-it","tag-italia","tag-italy","tag-lutti"],"share_on_mastodon":{"url":"https:\/\/pubeurope.com\/@it\/116229978557985814","error":""},"_links":{"self":[{"href":"https:\/\/www.europesays.com\/it\/wp-json\/wp\/v2\/posts\/396202","targetHints":{"allow":["GET"]}}],"collection":[{"href":"https:\/\/www.europesays.com\/it\/wp-json\/wp\/v2\/posts"}],"about":[{"href":"https:\/\/www.europesays.com\/it\/wp-json\/wp\/v2\/types\/post"}],"author":[{"embeddable":true,"href":"https:\/\/www.europesays.com\/it\/wp-json\/wp\/v2\/users\/3"}],"replies":[{"embeddable":true,"href":"https:\/\/www.europesays.com\/it\/wp-json\/wp\/v2\/comments?post=396202"}],"version-history":[{"count":0,"href":"https:\/\/www.europesays.com\/it\/wp-json\/wp\/v2\/posts\/396202\/revisions"}],"wp:featuredmedia":[{"embeddable":true,"href":"https:\/\/www.europesays.com\/it\/wp-json\/wp\/v2\/media\/396203"}],"wp:attachment":[{"href":"https:\/\/www.europesays.com\/it\/wp-json\/wp\/v2\/media?parent=396202"}],"wp:term":[{"taxonomy":"category","embeddable":true,"href":"https:\/\/www.europesays.com\/it\/wp-json\/wp\/v2\/categories?post=396202"},{"taxonomy":"post_tag","embeddable":true,"href":"https:\/\/www.europesays.com\/it\/wp-json\/wp\/v2\/tags?post=396202"}],"curies":[{"name":"wp","href":"https:\/\/api.w.org\/{rel}","templated":true}]}}