{"id":397118,"date":"2026-03-15T13:54:09","date_gmt":"2026-03-15T13:54:09","guid":{"rendered":"https:\/\/www.europesays.com\/it\/397118\/"},"modified":"2026-03-15T13:54:09","modified_gmt":"2026-03-15T13:54:09","slug":"famiglia-del-bosco-e-tutti-contro-tutti-lassistente-sociale-denuncia-i-genitori","status":"publish","type":"post","link":"https:\/\/www.europesays.com\/it\/397118\/","title":{"rendered":"Famiglia del bosco, \u00e8 tutti contro tutti. L&#8217;assistente sociale denuncia i genitori"},"content":{"rendered":"<p>Sui bambini del bosco \u00e8 guerra aperta. E non solo per l&#8217;allontanamento della mamma dalla casa famiglia dove il Tribunale per i minorenni dell&#8217;Aquila ha rinchiuso da quattro mesi i tre piccoli di Catherine e Nathan Trevallion. Ora a finire nel mirino dell&#8217;assistente sociale Veruska D&#8217;Angelo, che con la sua relazione ha decretato l&#8217;inizio del percorso culminato nella revoca della potest\u00e0 genitoriale, sono gli avvocati della famiglia, Marco Femminella e Danila Solinas. I due legali sono infatti oggetto di una segnalazione formale presentata al Tribunale dalla D&#8217;Angelo, che li accusa di violenza privata per averle impedito di compiere il suo lavoro di pubblico ufficiale nel giorno della perizia psicologica sui genitori in cui arriv\u00f2 l&#8217;ordine del giudice Cecilia Angrisano dell&#8217;immediato allontanamento di Catherine dalla struttura. &#8220;Non si era mai visto in un Paese democratico che due avvocati venissero segnalati. E questa denuncia dell&#8217;assistente sociale conferma quello che ormai \u00e8 chiaro da mesi, l&#8217;atteggiamento in questa vicenda. Ma noi siamo due colleghi che le intimidazioni non le hanno mai subite&#8221;, garantisce al Giornale Solinas. Insomma, i rapporti tra le parti sono sempre pi\u00f9 tesi da quell&#8217;ordinanza che ha determinato il divieto di avvicinamento della mamma ai piccoli e anche il trasferimento dei minori in un&#8217;altra struttura, spingendo la politica a intervenire di fronte al rischio di adozione dei tre bimbi. La decisione del Guardasigilli Carlo Nordio di inviare gli ispettori, che marted\u00ec saranno al Tribunale dell&#8217;Aquila per effettuare ulteriori approfondimenti, ha comunque aperto uno spiraglio di ricongiungimento, con la possibilit\u00e0 che i figli siano affidati in via esclusiva a Nathan, considerato dagli assistenti sociali pi\u00f9 collaborativo. A differenza di Catherine, la cui condotta \u00e8 stata ritenuta dal giudice &#8220;fonte di grave pregiudizio, non solo per l&#8217;istruzione dei figli, ma anche per il loro equilibrio psichico, per la loro educazione e persino per la loro incolumit\u00e0&#8221;. Inoltre, per tentare di spegnere i riflettori mediatici sull&#8217;incredibile vicenda e rafforzare l&#8217;immagine degli operatori, proprio ieri \u00e8 stato nominato l&#8217;avvocato Maria Pina Benedetti, in rappresentanza dell&#8217;Ecad 14 Alto Vastese, gestore del Servizio sociale dei Comuni di Ambito. &#8220;Gli operatori della casa famiglia di Vasto hanno ripristinato buone relazioni con i minori facendo venir meno le ragioni del disposto trasferimento e, pertanto, il Tribunale potr\u00e0 ora valutare tale nuovo assetto&#8221;, ha fatto sapere il legale, che da un lato descrive un clima disteso e dall&#8217;altro replica con una scusa alla Garante nazionale dei minori, Marina Terragni, la quale, dopo aver incassato il diniego di visitare i bambini accompagnata da figure professionali di sua fiducia, venerd\u00ec \u00e8 andata da sola nella struttura di Vasto. Eppure la D&#8217;Angelo non solo non si sarebbe fatta trovare, ma si sarebbe resa indisponibile perfino a parlare al telefono con la Garante. &#8220;Con le balle non si va da nessuna parte e l&#8217;interlocuzione diventa sempre pi\u00f9 complicata&#8221;, ha detto la Terragni, spiegando che &#8220;l&#8217;assistente sociale non si \u00e8 resa disponibile a un colloquio con me. I servizi sociali non mi hanno nemmeno dato il contatto telefonico, che ho dovuto reperire per altre strade&#8221;.\n<\/p>\n<p> La Garante ha confermato che &#8220;i bambini stanno fisicamente bene, ma la loro notevole agitazione psicomotoria, insieme a un atteggiamento di paura e diffidenza nei confronti degli estranei rivela un disagio evidente che non sorprende, visto i ripetuti traumi a cui sono stati sottoposti&#8221;.<\/p>\n","protected":false},"excerpt":{"rendered":"Sui bambini del bosco \u00e8 guerra aperta. E non solo per l&#8217;allontanamento della mamma dalla casa famiglia dove&hellip;\n","protected":false},"author":3,"featured_media":397119,"comment_status":"","ping_status":"","sticky":false,"template":"","format":"standard","meta":{"footnotes":"","_share_on_mastodon":"0"},"categories":[6],"tags":[14998,14,821,136590,8,1537,90,89,7,15,82,9,83,10,13,11,80,84,12,81,85],"class_list":["post-397118","post","type-post","status-publish","format-standard","has-post-thumbnail","category-ultime-notizie","tag-assistente-sociale","tag-cronaca","tag-denuncia","tag-famiglia-nel-bosco","tag-headlines","tag-it","tag-italia","tag-italy","tag-news","tag-notizie","tag-notizie-di-cronaca","tag-notizie-principali","tag-notiziedicronaca","tag-notizieprincipali","tag-titoli","tag-ultime-notizie","tag-ultime-notizie-di-cronaca","tag-ultime-notizie-e-news-di-oggi","tag-ultimenotizie","tag-ultimenotiziedicronaca","tag-ultimenotizieenewsdioggi"],"share_on_mastodon":{"url":"https:\/\/pubeurope.com\/@it\/116233533222335059","error":""},"_links":{"self":[{"href":"https:\/\/www.europesays.com\/it\/wp-json\/wp\/v2\/posts\/397118","targetHints":{"allow":["GET"]}}],"collection":[{"href":"https:\/\/www.europesays.com\/it\/wp-json\/wp\/v2\/posts"}],"about":[{"href":"https:\/\/www.europesays.com\/it\/wp-json\/wp\/v2\/types\/post"}],"author":[{"embeddable":true,"href":"https:\/\/www.europesays.com\/it\/wp-json\/wp\/v2\/users\/3"}],"replies":[{"embeddable":true,"href":"https:\/\/www.europesays.com\/it\/wp-json\/wp\/v2\/comments?post=397118"}],"version-history":[{"count":0,"href":"https:\/\/www.europesays.com\/it\/wp-json\/wp\/v2\/posts\/397118\/revisions"}],"wp:featuredmedia":[{"embeddable":true,"href":"https:\/\/www.europesays.com\/it\/wp-json\/wp\/v2\/media\/397119"}],"wp:attachment":[{"href":"https:\/\/www.europesays.com\/it\/wp-json\/wp\/v2\/media?parent=397118"}],"wp:term":[{"taxonomy":"category","embeddable":true,"href":"https:\/\/www.europesays.com\/it\/wp-json\/wp\/v2\/categories?post=397118"},{"taxonomy":"post_tag","embeddable":true,"href":"https:\/\/www.europesays.com\/it\/wp-json\/wp\/v2\/tags?post=397118"}],"curies":[{"name":"wp","href":"https:\/\/api.w.org\/{rel}","templated":true}]}}