{"id":398297,"date":"2026-03-16T10:00:12","date_gmt":"2026-03-16T10:00:12","guid":{"rendered":"https:\/\/www.europesays.com\/it\/398297\/"},"modified":"2026-03-16T10:00:12","modified_gmt":"2026-03-16T10:00:12","slug":"preparatevi-allinvasione-della-canzone-di-achille-lauro-sui-social","status":"publish","type":"post","link":"https:\/\/www.europesays.com\/it\/398297\/","title":{"rendered":"preparatevi all\u2019invasione della canzone di Achille Lauro sui social"},"content":{"rendered":"<p>Oggi \u00e8 16 marzo. Un piccolo consiglio: non aprite i social. Se lo fate, \u00e8 molto probabile che la vostra timeline venga invasa da una sola canzone: <strong>16 Marzo di Achille Lauro<\/strong>. Ogni anno, puntuale come un orologio, il brano torna virale e trasforma questa data in una specie di malinconico rituale collettivo online.<\/p>\n<p>Su Instagram, TikTok e X le storie e i video si riempiono di citazioni della canzone, frasi nostalgiche e ricordi sentimentali. Il risultato? Un luned\u00ec che rischia di diventare una versione social del Blue Monday, anche se in pieno marzo.<\/p>\n<p><strong>Il significato della canzone \u201c16 Marzo\u201d <\/strong>Cantata da Achille Lauro, \u201c16 Marzo\u201d \u00e8 una ballad intensa e malinconica uscita nel 2019 che racconta la fine dolorosa di una relazione complicata. <strong>Il brano descrive un amore tossico, quasi paragonato a una dipendenza emotiva, segnato da incomprensioni e distanze impossibili da colmare.<\/strong><\/p>\n<p>Nel testo, la relazione appare come qualcosa da cui \u00e8 difficile staccarsi, anche quando si sa che \u00e8 arrivato il momento di chiudere. La canzone assume cos\u00ec la forma di una sorta di lettera personale, scritta proprio nel mese in cui spesso nascono nuovi amori.<\/p>\n<p><strong>Perch\u00e9 la canzone torna virale ogni 16 marzo<\/strong> Il motivo \u00e8 semplice e tutto social: la data del titolo coincide con il giorno sul calendario. Cos\u00ec, ogni anno, gli utenti celebrano il 16 marzo condividendo la canzone, trasformandola in una piccola tradizione digitale. Un fenomeno che dimostra ancora una volta come musica, meme e nostalgia possano trasformare una semplice data in un evento virale.<\/p>\n<p>Quindi s\u00ec, se oggi aprite i social, preparatevi: tra citazioni romantiche, storie malinconiche e video nostalgici, il 16 marzo sar\u00e0 probabilmente la giornata pi\u00f9 sentimentale dell\u2019anno su internet.<\/p>\n<p>\u00a9 RIPRODUZIONE RISERVATA<\/p>\n","protected":false},"excerpt":{"rendered":"Oggi \u00e8 16 marzo. Un piccolo consiglio: non aprite i social. Se lo fate, \u00e8 molto probabile che&hellip;\n","protected":false},"author":3,"featured_media":398298,"comment_status":"","ping_status":"","sticky":false,"template":"","format":"standard","meta":{"footnotes":"","_share_on_mastodon":"0"},"categories":[1443],"tags":[227830,13555,183088,37621,203,27258,204,1537,90,89,1538,1539,70578,227831,227832,227833,227834],"class_list":["post-398297","post","type-post","status-publish","format-standard","has-post-thumbnail","category-musica","tag-16-marzo","tag-achille-lauro","tag-blue-monday","tag-canzone-italiana","tag-entertainment","tag-instagram-reel","tag-intrattenimento","tag-it","tag-italia","tag-italy","tag-music","tag-musica","tag-musica-italiana","tag-nostalgia-social","tag-significato-canzone","tag-social-trend","tag-tiktok-trend"],"share_on_mastodon":{"url":"https:\/\/pubeurope.com\/@it\/116238275717626429","error":""},"_links":{"self":[{"href":"https:\/\/www.europesays.com\/it\/wp-json\/wp\/v2\/posts\/398297","targetHints":{"allow":["GET"]}}],"collection":[{"href":"https:\/\/www.europesays.com\/it\/wp-json\/wp\/v2\/posts"}],"about":[{"href":"https:\/\/www.europesays.com\/it\/wp-json\/wp\/v2\/types\/post"}],"author":[{"embeddable":true,"href":"https:\/\/www.europesays.com\/it\/wp-json\/wp\/v2\/users\/3"}],"replies":[{"embeddable":true,"href":"https:\/\/www.europesays.com\/it\/wp-json\/wp\/v2\/comments?post=398297"}],"version-history":[{"count":0,"href":"https:\/\/www.europesays.com\/it\/wp-json\/wp\/v2\/posts\/398297\/revisions"}],"wp:featuredmedia":[{"embeddable":true,"href":"https:\/\/www.europesays.com\/it\/wp-json\/wp\/v2\/media\/398298"}],"wp:attachment":[{"href":"https:\/\/www.europesays.com\/it\/wp-json\/wp\/v2\/media?parent=398297"}],"wp:term":[{"taxonomy":"category","embeddable":true,"href":"https:\/\/www.europesays.com\/it\/wp-json\/wp\/v2\/categories?post=398297"},{"taxonomy":"post_tag","embeddable":true,"href":"https:\/\/www.europesays.com\/it\/wp-json\/wp\/v2\/tags?post=398297"}],"curies":[{"name":"wp","href":"https:\/\/api.w.org\/{rel}","templated":true}]}}