{"id":398409,"date":"2026-03-16T11:30:12","date_gmt":"2026-03-16T11:30:12","guid":{"rendered":"https:\/\/www.europesays.com\/it\/398409\/"},"modified":"2026-03-16T11:30:12","modified_gmt":"2026-03-16T11:30:12","slug":"tassi-di-interesse-in-rialzo-con-la-guerra-in-iran-linflazione-fa-paura","status":"publish","type":"post","link":"https:\/\/www.europesays.com\/it\/398409\/","title":{"rendered":"Tassi di interesse in rialzo con la guerra in Iran, l&#8217;inflazione fa paura"},"content":{"rendered":"<p>La settimana appena iniziata sar\u00e0 fondamentale per capire dove saranno dirette le politiche monetarie delle principali <strong>banche<\/strong> <strong>centrali<\/strong> del mondo. Tra mercoled\u00ec 18 e gioved\u00ec 19 si riuniranno tutte le banche centrali pi\u00f9 importanti, dalla <strong>Bce<\/strong> alla <strong>Fed<\/strong>, per la prima volta da quando gli Stati Uniti e Israele hanno attaccato l\u2019Iran.<\/p>\n<p>Non dovrebbero esserci interventi immediati sui <strong>tassi di interesse<\/strong>, anche semplicemente per mancanza di dati su cui agire. Saranno per\u00f2 importanti i discorsi dei direttori delle singole banche centrali al termine degli incontri dei consigli direttivi, per capire quali potrebbero essere le intenzioni future.\n<\/p>\n<p>Le banche centrali si riuniscono per decidere sui tassi<\/p>\n<p>Le riunioni pi\u00f9 attese si terranno gioved\u00ec, ma le prime, che daranno un\u2019idea di quello che sta per succedere, saranno gi\u00e0 mecoled\u00ec. <strong>Il calendario prevede<\/strong>:<\/p>\n<ul>\n<li>mercoled\u00ec 18 alle 14:45, Banca Centrale del Canada;<\/li>\n<li>mercoled\u00ec 18 alle 19:00, Federal Reserve (Usa);<\/li>\n<li>gioved\u00ec 19 in mattinata, Banca centrale giapponese;<\/li>\n<li>gioved\u00ec 19 alle 9:30, Banca centrale svizzera;<\/li>\n<li>gioved\u00ec 19 alle 13, Banca d\u2019Inghilterra;<\/li>\n<li>gioved\u00ec 19 alle 14;15, Banca centrale europea.<\/li>\n<\/ul>\n<p>Si tratter\u00e0 delle prime riunioni dall\u2019inizio della guerra in Medio Oriente. Le banche chentrali non avranno ancora dati definitivi da analizzare, ma si troveranno a dover cambiare le proprie previsioni sul prossimo futuro, visto l\u2019improvviso aumento del prezzo del <a href=\"https:\/\/quifinanza.it\/economia\/petrolio-hormuz-cina\/961883\/\" rel=\"nofollow noopener\" target=\"_blank\">petrolio<\/a>, che potrebbe portare a un picco dell\u2019<strong>inflazione<\/strong> a marzo.<\/p>\n<p>Le previsioni degli analisti<\/p>\n<p>Secondo buona parte degli analisti, <strong>i tassi di interesse dovrebbero rimanere stabili<\/strong> per tutte le pi\u00f9 importanti <a href=\"https:\/\/quifinanza.it\/economia\/tassi-bce-aumento-2026-guerra-iran\/960857\/\" rel=\"nofollow noopener\" target=\"_blank\">banche centrali<\/a> mondiali. Semplicemente al momento non ci sono dati su cui basare un aumento dei tassi di interesse. Gli analisti dello Strategy Team di Mps hanno per\u00f2 spiegato:<\/p>\n<blockquote>\n<p>Sar\u00e0 importante seguire <strong>le conferenze stampa dei governatori<\/strong>, per capire qual \u00e8 la posizione di ciascun istituto sull\u2019attuale contesto geopolitico e, in particolare, se si allineeranno alle attese prezzate dal mercato: quasi un taglio per la Fed nel 2026, quasi due rialzi per la Bce e la Banca del Giappone, oltre a uno per la Banca d\u2019Inghilterra.<\/p>\n<\/blockquote>\n<p>I mercati finanziari si aspettano infatti una reazione netta da parte delle banche centrali a partire dal prossimo mese. Aumenti dei tassi di interesse che<strong> rallenteranno l\u2019economia<\/strong> e gli investimenti per frenare l\u2019inflazione.<\/p>\n<p>Perch\u00e9 l\u2019Italia teme un aumento dei tassi<\/p>\n<p>Proprio questa prospettiva non piace al Governo italiano. Il ministro dell\u2019Economia e delle Finanze <strong>Giancarlo<\/strong> <strong>Giorgetti<\/strong> ha dichiarato:<\/p>\n<blockquote>\n<p>Il rischio economico \u00e8 di nuovo la fiammata provocata dall\u2019aumento dei prezzi dell\u2019energia e sarebbe grave pensare che la soluzione possa passare per una<strong> stretta monetaria<\/strong>.<\/p>\n<\/blockquote>\n<p>Ci sono diverse ragioni per cui un aumento dei <a href=\"https:\/\/quifinanza.it\/mercato-immobiliare\/mutui-e-prestiti\/tassi-bce-doppio-aumento-guerra-iran\/961225\/\" rel=\"nofollow noopener\" target=\"_blank\">tassi di interesse<\/a> non \u00e8 conveniente per l\u2019Italia:<\/p>\n<ul>\n<li>il nostro Paese cresce pochissimo e i tassi alti rallentano la crescita;<\/li>\n<li>i tassi alti abbassano l\u2019inflazione, che per\u00f2 in Italia \u00e8 pi\u00f9 bassa che nel resto d\u2019Europa;<\/li>\n<li>le casse dello Stato giovano dei tassi bassi, perch\u00e9 riducono gli interessi sul debito.<\/li>\n<\/ul>\n","protected":false},"excerpt":{"rendered":"La settimana appena iniziata sar\u00e0 fondamentale per capire dove saranno dirette le politiche monetarie delle principali banche centrali&hellip;\n","protected":false},"author":3,"featured_media":398410,"comment_status":"","ping_status":"","sticky":false,"template":"","format":"standard","meta":{"footnotes":"","_share_on_mastodon":"0"},"categories":[6],"tags":[6537,14,3723,227915,8,3711,1537,90,89,64147,7,15,82,9,83,10,3746,13,11,80,84,12,81,85],"class_list":["post-398409","post","type-post","status-publish","format-standard","has-post-thumbnail","category-ultime-notizie","tag-bce","tag-cronaca","tag-fed","tag-guerra-in-iran","tag-headlines","tag-inflazione","tag-it","tag-italia","tag-italy","tag-mutui-e-prestiti","tag-news","tag-notizie","tag-notizie-di-cronaca","tag-notizie-principali","tag-notiziedicronaca","tag-notizieprincipali","tag-tassi","tag-titoli","tag-ultime-notizie","tag-ultime-notizie-di-cronaca","tag-ultime-notizie-e-news-di-oggi","tag-ultimenotizie","tag-ultimenotiziedicronaca","tag-ultimenotizieenewsdioggi"],"share_on_mastodon":{"url":"https:\/\/pubeurope.com\/@it\/116238629380117885","error":""},"_links":{"self":[{"href":"https:\/\/www.europesays.com\/it\/wp-json\/wp\/v2\/posts\/398409","targetHints":{"allow":["GET"]}}],"collection":[{"href":"https:\/\/www.europesays.com\/it\/wp-json\/wp\/v2\/posts"}],"about":[{"href":"https:\/\/www.europesays.com\/it\/wp-json\/wp\/v2\/types\/post"}],"author":[{"embeddable":true,"href":"https:\/\/www.europesays.com\/it\/wp-json\/wp\/v2\/users\/3"}],"replies":[{"embeddable":true,"href":"https:\/\/www.europesays.com\/it\/wp-json\/wp\/v2\/comments?post=398409"}],"version-history":[{"count":0,"href":"https:\/\/www.europesays.com\/it\/wp-json\/wp\/v2\/posts\/398409\/revisions"}],"wp:featuredmedia":[{"embeddable":true,"href":"https:\/\/www.europesays.com\/it\/wp-json\/wp\/v2\/media\/398410"}],"wp:attachment":[{"href":"https:\/\/www.europesays.com\/it\/wp-json\/wp\/v2\/media?parent=398409"}],"wp:term":[{"taxonomy":"category","embeddable":true,"href":"https:\/\/www.europesays.com\/it\/wp-json\/wp\/v2\/categories?post=398409"},{"taxonomy":"post_tag","embeddable":true,"href":"https:\/\/www.europesays.com\/it\/wp-json\/wp\/v2\/tags?post=398409"}],"curies":[{"name":"wp","href":"https:\/\/api.w.org\/{rel}","templated":true}]}}