{"id":398804,"date":"2026-03-16T17:39:16","date_gmt":"2026-03-16T17:39:16","guid":{"rendered":"https:\/\/www.europesays.com\/it\/398804\/"},"modified":"2026-03-16T17:39:16","modified_gmt":"2026-03-16T17:39:16","slug":"sonia-bruganelli-e-angelo-madonia-lo-sfogo-del-figlio-di-paolo-bonolis-dopo-la-foto-di-coppia-cosa-ha-detto","status":"publish","type":"post","link":"https:\/\/www.europesays.com\/it\/398804\/","title":{"rendered":"Sonia Bruganelli e Angelo Madonia, lo sfogo del figlio di Paolo Bonolis dopo la foto di coppia: cosa ha detto"},"content":{"rendered":"<p>&#13;<br \/>\n                               &#13;<br \/>\n                                                &#13;<br \/>\n                &#13;<\/p>\n<p>A tre anni di distanza dall&#8217;annuncio ufficiale, la separazione tra <a href=\"https:\/\/www.leggo.it\/t\/sonia-bruganelli\" rel=\"nofollow noopener\" target=\"_blank\">Sonia Bruganelli<\/a> e <a href=\"https:\/\/www.leggo.it\/t\/paolo-bonolis\" rel=\"nofollow noopener\" target=\"_blank\">Paolo Bonolis<\/a> fa ancora discutere. Il conduttore e l&#8217;ex moglie sono rimasti legati per il bene dei figli e anche professionalmente, ma il fatto che Sonia si sia rifatta una vita al fianco del ballerino siciliano Angelo Madonia non \u00e8 mai andato gi\u00f9 ai fan di Bonolis. Proprio per questo l&#8217;ultima <strong>foto <\/strong>pubblicata da Bruganelli e Madonia sui social ha scatenato <strong>critiche <\/strong>e polemiche e il figlio di Paolo, <a href=\"https:\/\/www.leggo.it\/t\/davide-bonolis\" rel=\"nofollow noopener\" target=\"_blank\">Davide Bonolis<\/a>, \u00e8 stato costretto a intervenire in difesa della madre e del suo nuovo compagno.<\/p>\n<p>&#13;<br \/>\n&#13;<br \/>\nLa foto e le critiche&#13;<br \/>\n&#13;<\/p>\n<p>La <strong>polemica <\/strong>\u00e8 esplosa sui social a seguito della pubblicazione di una foto in cui Sonia Bruganelli e Angelo Madonia sono apparsi l&#8217;uno al fianco dell&#8217;altro, felici e <strong>innamorati<\/strong>, durante una cena al ristorante. Lo scatto realizzato dal figlio dell&#8217;imprenditrice, Davide Bonolis, che lo ha condiviso nelle sue Stories, ha avuto un effetto a catena e in Direct il giovane \u00e8 stato sommerso da messaggi relativi al padre. \u00abPovero Paolo\u00bb, ha scritto un utente, mentre un&#8217;altra ha scritto:\u00a0\u00abPensa a come sar\u00e0 contento pap\u00e0\u00bb. Colpito da tanta <strong>cattiveria<\/strong>, Davide Bonolis ha deciso di scrivere un messaggio in difesa della madre e del nuovo compagno, ma anche di Paolo Bonolis.<\/p>\n<p>&#13;<br \/>\n&#13;<br \/>\nLe parole di Davide Bonolis&#13;<br \/>\n&#13;<br \/>\n<img decoding=\"async\" alt=\"\" src=\"https:\/\/www.europesays.com\/it\/wp-content\/uploads\/2026\/03\/screenshot_2026_03_16_07_52_42_538_com.instagram.android_16111558.jpg\"\/>&#13;<br \/>\n&#13;<\/p>\n<p>Davide ha condiviso alcuni messaggi polemici ricevuti privatamente e ha commentato: \u00abLa gente parla, <strong>giudica<\/strong>, semplifica. Ma non capir\u00e0 mai che un figlio non ha bisogno di <strong>genitori <\/strong>perfetti. Ha bisogno di genitori felici. La vera difficolt\u00e0 non \u00e8 restare insieme a tutti i costi, ma restare una famiglia anche quando le strade cambiano. E quando due persone riescono a farlo, con rispetto e <strong>amore <\/strong>per il proprio figlio, quella non \u00e8 una sconfitta. Quella \u00e8 la forma pi\u00f9 alta di <strong>maturit\u00e0<\/strong>. E, per chi sa guardare davvero, \u00e8 semplicemente perfezione\u00bb. Dopo la pubblicazione del messaggio su <a href=\"https:\/\/www.leggo.it\/t\/instagram\" rel=\"nofollow noopener\" target=\"_blank\">Instagram<\/a>, anche Sonia Bruganelli e il compagno hanno commentato. \u00abNoi sappiamo tutto il resto faccia ci\u00f2 che crede\u00bb, ha scritto la madre, mentre il ballerino ha concluso: \u00abNon curarti ragazzo, tu sai tutto\u00bb.<\/p>\n<p>                                &#13;<br \/>\n                &#13;<br \/>\n&#13;<br \/>\n                Ultimo aggiornamento: luned\u00ec 16 marzo 2026, 12:53&#13;<br \/>\n                <br \/>&#13;<br \/>\n                &#13;<br \/>\n                  &#13;<br \/>\n                    &#13;<br \/>\n                        \u00a9 RIPRODUZIONE RISERVATA&#13;<\/p>\n<p>&#13;<\/p>\n<p>                    &#13;<\/p>\n","protected":false},"excerpt":{"rendered":"&#13; &#13; &#13; &#13; A tre anni di distanza dall&#8217;annuncio ufficiale, la separazione tra Sonia Bruganelli e Paolo&hellip;\n","protected":false},"author":3,"featured_media":398805,"comment_status":"","ping_status":"","sticky":false,"template":"","format":"standard","meta":{"footnotes":"","_share_on_mastodon":"0"},"categories":[1451],"tags":[107036,1621,1620,51231,203,204,1537,90,89,12778,34417],"class_list":["post-398804","post","type-post","status-publish","format-standard","has-post-thumbnail","category-celebrita","tag-angelo-madonia","tag-celebrita","tag-celebrities","tag-davide-bonolis","tag-entertainment","tag-intrattenimento","tag-it","tag-italia","tag-italy","tag-paolo-bonolis","tag-sonia-bruganelli"],"share_on_mastodon":{"url":"https:\/\/pubeurope.com\/@it\/116240080266099767","error":""},"_links":{"self":[{"href":"https:\/\/www.europesays.com\/it\/wp-json\/wp\/v2\/posts\/398804","targetHints":{"allow":["GET"]}}],"collection":[{"href":"https:\/\/www.europesays.com\/it\/wp-json\/wp\/v2\/posts"}],"about":[{"href":"https:\/\/www.europesays.com\/it\/wp-json\/wp\/v2\/types\/post"}],"author":[{"embeddable":true,"href":"https:\/\/www.europesays.com\/it\/wp-json\/wp\/v2\/users\/3"}],"replies":[{"embeddable":true,"href":"https:\/\/www.europesays.com\/it\/wp-json\/wp\/v2\/comments?post=398804"}],"version-history":[{"count":0,"href":"https:\/\/www.europesays.com\/it\/wp-json\/wp\/v2\/posts\/398804\/revisions"}],"wp:featuredmedia":[{"embeddable":true,"href":"https:\/\/www.europesays.com\/it\/wp-json\/wp\/v2\/media\/398805"}],"wp:attachment":[{"href":"https:\/\/www.europesays.com\/it\/wp-json\/wp\/v2\/media?parent=398804"}],"wp:term":[{"taxonomy":"category","embeddable":true,"href":"https:\/\/www.europesays.com\/it\/wp-json\/wp\/v2\/categories?post=398804"},{"taxonomy":"post_tag","embeddable":true,"href":"https:\/\/www.europesays.com\/it\/wp-json\/wp\/v2\/tags?post=398804"}],"curies":[{"name":"wp","href":"https:\/\/api.w.org\/{rel}","templated":true}]}}