{"id":399184,"date":"2026-03-16T23:34:21","date_gmt":"2026-03-16T23:34:21","guid":{"rendered":"https:\/\/www.europesays.com\/it\/399184\/"},"modified":"2026-03-16T23:34:21","modified_gmt":"2026-03-16T23:34:21","slug":"tutti-cantano-il-16-marzo-achille-lauro-lultimo-nazional-popolare","status":"publish","type":"post","link":"https:\/\/www.europesays.com\/it\/399184\/","title":{"rendered":"Tutti cantano il 16 marzo. Achille Lauro, l&#8217;ultimo nazional\u2011popolare"},"content":{"rendered":"<p>&#13;<br \/>\n      &#13;<br \/>\n&#13;<br \/>\n       &#13;<br \/>\n      &#13;<br \/>\n      &#13;<br \/>\n        &#13;<br \/>\n        &#13;<br \/>\n&#13;<br \/>\n&#13;<br \/>\n&#13;<br \/>\nCondividi  &#13;<br \/>\n    &#13;<br \/>\n  &#13;<br \/>\n        &#13;<br \/>\n              &#13;<br \/>\n      &#13;<br \/>\n      &#13;<br \/>\n&#13;<br \/>\n      &#13;<br \/>\n      &#13;<br \/>\n       &#13;<br \/>\n       &#13;<\/p>\n<p>Sono decisamente passati i tempi in cui Achille Lauro era considerato un po&#8217; l\u2019anticristo. Almeno dal tribunale pi\u00f9 generalista e bigotto del Paese, s\u2019intende: quei telespettatori che dal divano, un tempo, lo bollavano come icona di sregolatezza e oggi, invece, lo cercano alla radio. A raccontare il ribaltamento d\u2019immagine del cantautore romano, basta l\u2019ultimo trend esploso su TikTok nelle settimane di Sanremo: \u00e8 intitolato, appunto, all&#8217;<a href=\"https:\/\/www.tiktok.com\/@edoardozaggia\" rel=\"nofollow noopener\" target=\"_blank\">improvvisa \u201cpassione delle mamme per Achille Lauro\u201d<\/a>. E certifica, nei fatti, quella che \u00e8 da considerarsi la trasformazione definitiva del re dei trasformisti: da \u201cfigura controversa\u201d a \u201cpatrimonio nazional-popolare\u201d.<\/p>\n<p>Se oggi non avete sentito \u201c16 marzo\u201d, forse vivete su Marte<\/p>\n<p>Negli ultimi anni Lauro \u00e8 infatti diventato l\u2019unico giovane cantautore capace di riuscire nell\u2019impresa pi\u00f9 ardua di questi tempi: entrare nell\u2019Olimpo del nazional-popolare, rendendosi comprensibile (e appetibile) a tutti. In un\u2019epoca in cui l\u2019immaginario musicale &#8211; e non solo musicale &#8211; \u00e8 iper-frammentato, e ognuno vive nel proprio micro-pubblico, Lauro De Mariniis, classe 1990, \u00e8 riuscito ad allargare un seguito nato tra i coetanei fino a renderlo trasversale per et\u00e0; e soprattutto a mantenerlo nel tempo, massimizzando i benefici del ponte generazionale di Sanremo. Ce ne accorgiamo proprio oggi, luned\u00ec 16 marzo, mentre la sua \u201c16 marzo\u201d \u2013 tra i brani pi\u00f9 noti \u2013 funziona ormai come un appuntamento collettivo: suona su Spotify, habitat della Gen Z; imperversa nelle storie Instagram dei Millennials; e passa in radio, patria della Gen X. Insomma: se non vi \u00e8 capitato di sentirla, probabilmente vivete su Marte.<\/p>\n<p>Ecco perch\u00e9, quando si parla di \u201cnazional-popolare\u201d negli ultimi anni, alla fine l&#8217;unico nome possibile \u00e8 solo il suo. Certo, a dire la verit\u00e0, un altro ce n\u2019\u00e8: Ultimo. Con la differenza che per\u00f2 <a href=\"https:\/\/www.today.it\/persone\/ultimo\/\" rel=\"nofollow noopener\" target=\"_blank\">Ultimo<\/a> \u00e8 incredibilmente polarizzante: o lo ami o lo odi. Lauro, invece, no. O comunque non pi\u00f9: ormai \u00e8 ben accolto. E su tutti i fronti: viene scelto da Motorola per campagne pubblicitarie pensate per i ventenni; porta in dote quei trentenni per cui la sua <a href=\"https:\/\/www.youtube.com\/watch?v=Dn51AJNFekU\" rel=\"nofollow noopener\" target=\"_blank\">\u201cThoiry\u201d \u00e8 stata un manifesto generazionale e futurist<\/a>a; e, al tempo stesso, arriva alle orecchie del pubblico ag\u00e8 firmando \u2013 persino! \u2013 la sigla dell\u2019antichissima \u201cDomenica In\u201d. Insomma: \u00e8 compiutamente, deliziosamente generalista, come non se ne vedevano da tempo. Il merito \u2013 direbbe forse lui \u2013 sta anzitutto nella libert\u00e0 con cui ha attraversato i generi musicali senza precludersi niente, schivando l\u2019appiattimento delle etichette. Ma c\u2019entra anche un abile lavoro di posizionamento, fatto di discese ardite e risalite.<\/p>\n<blockquote class=\"tiktok-embed\" style=\"max-width:605px;min-width:325px;\" cite=\"https:\/\/www.tiktok.com\/@edoardozaggia\/video\/7611219277114330390\" data-video-id=\"7611219277114330390\" wp_automatic_readability=\"2.0833333333333\">\n<p><a href=\"https:\/\/www.tiktok.com\/@edoardozaggia?refer=embed\" target=\"_blank\" title=\"@edoardozaggia\" rel=\"nofollow noopener\">@edoardozaggia<\/a> non si sono ancora riprese da ieri sera \ud83d\ude0e\u2728 <a href=\"https:\/\/www.tiktok.com\/tag\/sanremo?refer=embed\" target=\"_blank\" title=\"sanremo\" rel=\"nofollow noopener\">#Sanremo<\/a> <a href=\"https:\/\/www.tiktok.com\/music\/audio-originale-7611219287331588886?refer=embed\" target=\"_blank\" title=\"\u266c audio originale - Edoardo Zaggia\" rel=\"nofollow noopener\">\u266c audio originale &#8211; Edoardo Zaggia<\/a><\/p>\n<\/blockquote>\n<p>Dalla \u201ctrap\u201d a Domenica In<\/p>\n<p>Lauro, da \u201cfigura polarizzante\u201d, aveva infatti cominciato la sua carriera; poi per\u00f2 ha smesso. Erano i tempi del primo Sanremo 2019, quelli in cui \u201cStriscia la notizia\u201d gli criticava alcuni testi in cui alludeva <a href=\"https:\/\/www.today.it\/tv\/news\/sanremo\/achille-lauro-canzone-droga.html\" rel=\"nofollow noopener\" target=\"_blank\">alla droga e ad altri eccessi<\/a>: la tradizionale \u201cepica\u201d neorealista di ogni giovane trapper, insomma, da cui per\u00f2 avrebbe presto preso le distanze. E ancora: sguardi un po\u2019 circospetti \u2013 laddove pi\u00f9 conservatori \u2013 hanno accompagnato l\u2019\u201cera delle performance sanremesi\u201d, quell\u2019esplosione di istrionismo in cui mischiava rossetti e fluidit\u00e0 di genere, David Bowie e Giotto, cultura e messaggi sociali; un periodo di \u201cscandalo controllato\u201d, perfetto per i Sanremo arcobaleno della Rai dell\u2019epoca ma non ancora digerito da tutti.\u00a0<\/p>\n<p>Eppure, intanto, nonostante il dibattito tra promotori e detrattori, Lauro diventava di fatto l\u2019unico artista capace di trasformare, nell\u2019ultimo decennio, le sue performance sanremesi in un appuntamento collettivo d\u2019attesa: basti pensare all\u2019<a href=\"https:\/\/www.today.it\/tv\/news\/sanremo\/achille-lauro-mutande.html\" rel=\"nofollow noopener\" target=\"_blank\">iconica tutina trasparente di \u201cMe ne frego\u201d,<\/a> inserita a tutti gli effetti nello stesso albo dei look di Anna Oxa, che ci costringeva a domandare quale colpo di testa avrebbe proposto alla sera dopo. E una cosa, insomma, pareva certa gi\u00e0 all\u2019epoca: questo Lauro, che sul palco fondeva musica, versetti evangelici e storia dell\u2019arte e, nelle interviste, citava Vasco Rossi e Kurt Cobain, Elvis Presley e Jimi Hendrix, mostrava i muscoli di chi ne sapeva un po\u2019 di pi\u00f9 degli altri: la personalit\u00e0 di un fenomeno destinato a durare pi\u00f9 di un fuoco di paglia.<\/p>\n<p>Se Ultimo parla agli ultimi, Lauro parla ai Comuni mortali<\/p>\n<p>Poi, la maturazione &#8211; dell\u2019et\u00e0 anagrafica e della sua musica &#8211; ha fatto il resto. Ed \u00e8 arrivata anche una \u201cnormalizzazione\u201d della sua figura. Amore e odio, follia e ragione sono oggi i fili conduttori dei concerti: temi d\u2019amore e di vita, trattati, insomma, con uno stile ben pi\u00f9 tradizionale di prima, ma sempre memori del progressismo vissuto negli anni passati. Nelle ultime canzoni, tra \u201cserenate a Trastevere\u201d e \u201camore come pioggia sopra a Villa Borghese\u201d, c\u2019\u00e8 il romanticismo del pop pi\u00f9 tradizionale, che per\u00f2 non dimentica quel modello di mascolinit\u00e0 nuova e vulnerabile decantata per anni. E cos\u00ec, proprio mentre sembra d\u2019altri tempi, Lauro resta un modello del contemporaneo: ai tatuaggi in faccia, mixa l\u2019estetica retr\u00f2 degli abiti sartoriali Gucci. Ed \u00e8 proprio questa miscela \u2013 il sentimento pi\u00f9 classico e l\u2019immaginario pi\u00f9 spigoloso \u2013 a spiegare la sua trasversalit\u00e0 attuale (e a far sospirare le donne di ogni et\u00e0\u2026.).<\/p>\n<p>Se insomma Ultimo parla agli ultimi, oggi Lauro parla ai \u201cComuni mortali\u201d (come da titolo del suo ultimo album) di svariate et\u00e0, over compresi. E raggiunge un \u201cgeneralismo\u201d tale da diventare volto perfetto dello spot McDonald. E tale da poter essere ospite d\u2019eccezione delle trasmissioni \u201csenior\u201d della domenica pomeriggio (a \u201czia Mara Venier\u201d brillano gli occhi quando lo invita in studio e trascorrono 24 minuti a parlare delle loro mamme). \u201cGli angioletti Thun e Achille Lauro sono lo starter pack di mia zia\u201d, scherza una ragazza su Twitter.<\/p>\n<p>Nella sua esuberanza di genere e di generi, Lauro prima o poi piace a tutti<\/p>\n<p>Insomma, il fatto \u00e8 che prima o poi Lauro piace \u2013 o \u00e8 piaciuto &#8211; un po\u2019 a tutti, nella sua esuberanza di genere e di generi. Prima o poi, ha incontrato i gusti della maggior parte di noi. Forse perch\u00e9, in questi tempi di musica di plastica, la sua viscerale necessit\u00e0 di spaziare tra gli stili &#8211; dalla trap cruda degli esordi alle sonorit\u00e0 pop rock fino alle ballate malinconiche di presa pi\u00f9 larga &#8211; arriva come una esigenza onesta. Intervistato su TikTok, Riccardo Cocciante dice di lui: \u201cTrovo sincero il suo modo di cantare\u201d. E Lauro stesso, di s\u00e9, conferma: \u201cTra Rolls Royce e Amore disperato \u00e8 cambiato il sound, chi sono io, ma il filo conduttore c\u2019\u00e8 ed \u00e8 la libert\u00e0 estrema: ho sempre cercato l\u2019originalit\u00e0. Anche nel mondo urban io ero visto dai puristi come un outsider, perch\u00e9 facevo come mi pareva: avevo fatto un pezzo solo piano e voce, per loro una follia&#8230;\u201d. E cos\u00ec ha costruito un repertorio vario, capace di farlo sembrare a fuoco tanto in un twist quanto in un contesto istituzionale come \u00e8 stato<a href=\"https:\/\/www.today.it\/tv\/news\/sanremo\/pagelle-seconda-serata-2026.html\" rel=\"nofollow noopener\" target=\"_blank\"> l&#8217;omaggio alle vittime di Crans Montana<\/a>, in occasione dell\u2019ultimo Sanremo (tre mesi fa Erica Barosi, mamma di Achille Barosi, aveva scelto proprio \u201cPerdutamente\u201d, tra i suoi brani pi\u00f9 belli, per salutare la bara del figlio).<\/p>\n<p>Il legame a doppio filo con la tv<\/p>\n<p>Il punto \u00e8 poi, ovviamente, anche questo: il legame a doppio filo con la televisione, vero acceleratore della sua trasformazione in figura compiutamente generalista. Prima ancora che Sanremo diventasse la sua casa naturale (la sua \u00e8 una carriera ormai cucita a doppio filo con l\u2019Ariston, palco che ha calcato sei volte in sette anni), la tv aveva gi\u00e0 fiutato il personaggio, coinvolgendolo in un\u2019edizione Rai di \u201cPechino Express\u201d, nel 2017. Poi, nell\u2019ultimo paio d\u2019anni, l\u2019approdo a \u201cX Factor\u201d, arrivato nel momento giusto: quello che lo ha rimesso stabilmente al centro dopo una fase pi\u00f9 opaca, intorno al 2022. E in effetti la sua forza, oggi, sta soprattutto qui: nell\u2019aver trasformato il personaggio in una macchina creativa controllata. Tanto che nelle interviste dice di lavorare in modo folle, maniacale, ossessivo, dormendo poche ore a notte. Perch\u00e9, anche quando sembrava un enfant terrible, Lauro era in realt\u00e0 gi\u00e0 imprenditore di s\u00e9 stesso. E la parola \u201ctrasgressivo\u201d \u2013 ripete \u2013 non gli \u00e8 mai piaciuta: preferisce \u201cartista\u201d. A conti fatti, la sua forza.<\/p>\n<p><img loading=\"lazy\" decoding=\"async\" style=\"aspect-ratio:1200\/800;\" src=\"https:\/\/www.europesays.com\/it\/wp-content\/uploads\/2026\/03\/achille-lauro-e-il-suo-bassista-boss-doms-a-sanremo-2020.jpg\" alt=\"Achille Lauro e il suo bassista Boss Doms a Sanremo 2020\" width=\"1200\" height=\"800\" title=\"Achille Lauro e il suo bassista Boss Doms a Sanremo 2020\"\/>Achille Lauro e il suo bassista Boss Doms a Sanremo 2020<img loading=\"lazy\" decoding=\"async\" style=\"aspect-ratio:1200\/800;\" src=\"https:\/\/www.europesays.com\/it\/wp-content\/uploads\/2026\/03\/11015224_small.jpg\" alt=\"11015224_small\" width=\"1200\" height=\"800\" title=\"11015224_small\"\/>Achille Lauro \u00e8 David Bowie a Sanremo 2020<img loading=\"lazy\" decoding=\"async\" style=\"aspect-ratio:1200\/800;\" src=\"https:\/\/www.europesays.com\/it\/wp-content\/uploads\/2026\/03\/24171607_small.jpg\" alt=\"24171607_small\" width=\"1200\" height=\"800\" title=\"24171607_small\"\/>Achille Lauro all&#8217;Arena di Verona (2025)<img loading=\"lazy\" decoding=\"async\" style=\"aspect-ratio:1200\/800;\" src=\"https:\/\/www.europesays.com\/it\/wp-content\/uploads\/2026\/03\/23131945_small.jpg\" alt=\"23131945_small\" width=\"1200\" height=\"800\" title=\"23131945_small\"\/>Achille Lauro a Sanremo 2025       &#13;<br \/>\n        &#13;<br \/>\n&#13;<br \/>\n&#13;<br \/>\n  &#13;<br \/>\n  &#13;<br \/>\n&#13;<br \/>\n    &#13;<br \/>\n&#13;<br \/>\n&#13;<br \/>\n               &#13;<br \/>\n      &#13;<br \/>\n\t\t\t\t&#13;<br \/>\n&#13;<br \/>\n      &#13;<br \/>\n   &#13;<br \/>\n&#13;<br \/>\n      &#13;<br \/>\n                  &#13;<br \/>\n      &#13;<br \/>\n&#13;<br \/>\n    <script async src=\"\/\/www.tiktok.com\/embed.js\"><\/script><\/p>\n","protected":false},"excerpt":{"rendered":"&#13; &#13; &#13; &#13; &#13; &#13; &#13; &#13; &#13; &#13; &#13; Condividi &#13; &#13; &#13; &#13; &#13; &#13;&hellip;\n","protected":false},"author":3,"featured_media":399185,"comment_status":"","ping_status":"","sticky":false,"template":"","format":"standard","meta":{"footnotes":"","_share_on_mastodon":"0"},"categories":[1443],"tags":[227830,13555,228264,689,203,204,1537,90,89,1538,1539,688],"class_list":["post-399184","post","type-post","status-publish","format-standard","has-post-thumbnail","category-musica","tag-16-marzo","tag-achille-lauro","tag-achille-lauro-16-marzo","tag-blog","tag-entertainment","tag-intrattenimento","tag-it","tag-italia","tag-italy","tag-music","tag-musica","tag-opinioni"],"share_on_mastodon":{"url":"https:\/\/pubeurope.com\/@it\/116241476341620410","error":""},"_links":{"self":[{"href":"https:\/\/www.europesays.com\/it\/wp-json\/wp\/v2\/posts\/399184","targetHints":{"allow":["GET"]}}],"collection":[{"href":"https:\/\/www.europesays.com\/it\/wp-json\/wp\/v2\/posts"}],"about":[{"href":"https:\/\/www.europesays.com\/it\/wp-json\/wp\/v2\/types\/post"}],"author":[{"embeddable":true,"href":"https:\/\/www.europesays.com\/it\/wp-json\/wp\/v2\/users\/3"}],"replies":[{"embeddable":true,"href":"https:\/\/www.europesays.com\/it\/wp-json\/wp\/v2\/comments?post=399184"}],"version-history":[{"count":0,"href":"https:\/\/www.europesays.com\/it\/wp-json\/wp\/v2\/posts\/399184\/revisions"}],"wp:featuredmedia":[{"embeddable":true,"href":"https:\/\/www.europesays.com\/it\/wp-json\/wp\/v2\/media\/399185"}],"wp:attachment":[{"href":"https:\/\/www.europesays.com\/it\/wp-json\/wp\/v2\/media?parent=399184"}],"wp:term":[{"taxonomy":"category","embeddable":true,"href":"https:\/\/www.europesays.com\/it\/wp-json\/wp\/v2\/categories?post=399184"},{"taxonomy":"post_tag","embeddable":true,"href":"https:\/\/www.europesays.com\/it\/wp-json\/wp\/v2\/tags?post=399184"}],"curies":[{"name":"wp","href":"https:\/\/api.w.org\/{rel}","templated":true}]}}