{"id":399260,"date":"2026-03-17T00:46:15","date_gmt":"2026-03-17T00:46:15","guid":{"rendered":"https:\/\/www.europesays.com\/it\/399260\/"},"modified":"2026-03-17T00:46:15","modified_gmt":"2026-03-17T00:46:15","slug":"a-fine-stagione-la-kern-pharma-lascera-il-ciclismo","status":"publish","type":"post","link":"https:\/\/www.europesays.com\/it\/399260\/","title":{"rendered":"A FINE STAGIONE LA KERN PHARMA LASCERA&#8217; IL CICLISMO"},"content":{"rendered":"<p>            <a class=\"category\" href=\"https:\/\/www.tuttobiciweb.it\/articles\/category\/PROFESSIONISTI\" itemprop=\"about\" rel=\"nofollow noopener\" target=\"_blank\">PROFESSIONISTI<\/a> | 16\/03\/2026 | 14:20<br \/>\n            <a class=\"author\" href=\"https:\/\/www.tuttobiciweb.it\/articles\/author\/Benjamin%20Le%20Goff\" rel=\"nofollow noopener\" target=\"_blank\">di Benjamin Le Goff<\/a><\/p>\n<p>Tira una brutta aria<strong> nel mondo delle formazioni ProTeam<\/strong> in vista della prossima stagione: alla <strong>Flanders Balois<\/strong>e, che nel 2027 perder\u00e0 l&#8217;appoggio del governo delle Fiandre, e alla<strong> TotalEnergies,<\/strong> il cui sponsor principale ha deciso di far confluire tutti i suoi sforzi nell&#8217;attuale Ineos, anche la spagnola <strong>Equipo Kern Pharma<\/strong> si trova a dover fare i conti con lo sponsor che ha deciso di concludere il suo impegno a fine stagione, dopo sette anni di collaborazione con il team.\n            <\/p>\n<p>Azcoro Sport, la societ\u00e0 sportiva che gestisce il team, \u00e8 gi\u00e0 al lavoro per trovare un nuovo sponsor principale che sostituisca Kern Pharma. L&#8217;azienda navarrese, con sede a Orkoien e <strong>di propriet\u00e0 di Juanjo Oroz e Iosune Murillo<\/strong> \u2013 esperta allenatrice di ciclismo e moglie dell&#8217;ex corridore e attuale manager \u2013 non potr\u00e0 contare sul supporto della casa farmaceutica catalana, che si era unita al team nel 2020.\n            <\/p>\n<p>In realt\u00e0, <strong>il comunicato stampa diffuso dal Team Kern Pharma suggerisce che la notizia fosse nota internamente gi\u00e0 da diversi mesi<\/strong>.\u00a0Si legge infatti: \u00abDall&#8217;ultimo rinnovo dell&#8217;accordo di sponsorizzazione, Kern Pharma e Azcoro Sport hanno lavorato in perfetta armonia per facilitare una transizione agevole e di successo per tutte le parti coinvolte, ora che questo capitolo si chiude\u00bb. <\/p>\n<p>La struttura di Kern Pharma comprende una squadra professionistica, una squadra \u00e9lite e una squadra Under 23, il Finisher Team, un vivaio da cui proviene tre quarti della squadra professionistica navarrese.\u00a0Nel vivaio sono cresciuti corridori come Ra\u00fal Garc\u00eda Pierna, Pablo Castrillo, Roger Adri\u00e0 (Movistar Team) e Pau Miquel (Bahrain Victorious), oltre a Urko Berrade, vincitore della tappa di Izki due anni fa alla Vuelta, e Diego Uriarte, vincitore di una tappa alla Vuelta a Andaluc\u00eda 2025. <\/p>\n<p>La societ\u00e0 di Juanjo Oroz non ha ancora rivelato l&#8217;identit\u00e0 del suo nuovo sponsor, anche se <strong>i toni scelti per l&#8217;annuncio lasciano pensare che il manager iberico abbia gi\u00e0 pronta una soluzione.<\/strong><\/p>\n<p>\n    <a href=\"https:\/\/www.tuttobiciweb.it\/article\/2026\/03\/16\/1773675004\/cycling-sponsors-proteam-kern-pharma-team-crisis?lang=en\" rel=\"nofollow noopener\" target=\"_blank\"><img decoding=\"async\" src=\"https:\/\/www.europesays.com\/it\/wp-content\/uploads\/2025\/12\/enver.png\"\/><\/a><\/p>\n<p>Copyright &amp;copy TBW<\/p>\n","protected":false},"excerpt":{"rendered":"PROFESSIONISTI | 16\/03\/2026 | 14:20 di Benjamin Le Goff Tira una brutta aria nel mondo delle formazioni ProTeam&hellip;\n","protected":false},"author":3,"featured_media":399261,"comment_status":"","ping_status":"","sticky":false,"template":"","format":"standard","meta":{"footnotes":"","_share_on_mastodon":"0"},"categories":[1456],"tags":[1824,228274,1825,1537,90,89,153004,85284,9436,245,244],"class_list":["post-399260","post","type-post","status-publish","format-standard","has-post-thumbnail","category-ciclismo","tag-ciclismo","tag-crisi-squadre","tag-cycling","tag-it","tag-italia","tag-italy","tag-kern-pharma","tag-proteam","tag-sponsor","tag-sport","tag-sports"],"share_on_mastodon":{"url":"https:\/\/pubeurope.com\/@it\/116241759135158057","error":""},"_links":{"self":[{"href":"https:\/\/www.europesays.com\/it\/wp-json\/wp\/v2\/posts\/399260","targetHints":{"allow":["GET"]}}],"collection":[{"href":"https:\/\/www.europesays.com\/it\/wp-json\/wp\/v2\/posts"}],"about":[{"href":"https:\/\/www.europesays.com\/it\/wp-json\/wp\/v2\/types\/post"}],"author":[{"embeddable":true,"href":"https:\/\/www.europesays.com\/it\/wp-json\/wp\/v2\/users\/3"}],"replies":[{"embeddable":true,"href":"https:\/\/www.europesays.com\/it\/wp-json\/wp\/v2\/comments?post=399260"}],"version-history":[{"count":0,"href":"https:\/\/www.europesays.com\/it\/wp-json\/wp\/v2\/posts\/399260\/revisions"}],"wp:featuredmedia":[{"embeddable":true,"href":"https:\/\/www.europesays.com\/it\/wp-json\/wp\/v2\/media\/399261"}],"wp:attachment":[{"href":"https:\/\/www.europesays.com\/it\/wp-json\/wp\/v2\/media?parent=399260"}],"wp:term":[{"taxonomy":"category","embeddable":true,"href":"https:\/\/www.europesays.com\/it\/wp-json\/wp\/v2\/categories?post=399260"},{"taxonomy":"post_tag","embeddable":true,"href":"https:\/\/www.europesays.com\/it\/wp-json\/wp\/v2\/tags?post=399260"}],"curies":[{"name":"wp","href":"https:\/\/api.w.org\/{rel}","templated":true}]}}