{"id":399550,"date":"2026-03-17T06:28:19","date_gmt":"2026-03-17T06:28:19","guid":{"rendered":"https:\/\/www.europesays.com\/it\/399550\/"},"modified":"2026-03-17T06:28:19","modified_gmt":"2026-03-17T06:28:19","slug":"assegno-unico-marzo-2026-arrivano-i-nuovi-importi-e-gli-arretrati-ecco-le-date-dei-pagamenti-e-cosa-cambia-il-mattino","status":"publish","type":"post","link":"https:\/\/www.europesays.com\/it\/399550\/","title":{"rendered":"Assegno unico marzo 2026, arrivano i nuovi importi e gli arretrati: ecco le date dei pagamenti e cosa cambia &#8211; Il Mattino"},"content":{"rendered":"<ol>\n<li><a href=\"https:\/\/news.google.com\/rss\/articles\/CBMinwFBVV95cUxPencyUlU3czdZYURYdGpWUGVXdEtWZnZ4Q2JoUk5CUzdnN3M3VmNkNmpGQ0VNOGFqNjJFS1N4ZklZUFJ0V3dwS2ZvbGlINGVweUdEWDNtQTcydmxNMUFYU2hWd2hXdjBWZFBUX0ZySy1malNGOVJYZmNSY2RsMHlXRFFrSXI3c1d0eWQtYmlfTjBGbVNiOVpabzBlcDdDSEXSAaQBQVVfeXFMTnVTNHZRSjEwZzM5Nk1ZYnowY0gxRHBSWW5SZWJDeG1BLU40MlBGNzdRMGVQX1p4dTd4bTFzZVJpQXdFc2ZBdGJfVUpZbXJpY25xRXdjYm52QTJSX09UVGF3RTF1bnVJLVZjNkVJQ1E4RzV0RFhoemhacEdUaG5sRTdVN2xBS05TeFp2MVdUMjllRk9WLVFQTlhidmRYT29JSS1zVDU?oc=5\" target=\"_blank\" rel=\"nofollow noopener\">Assegno unico marzo 2026, arrivano i nuovi importi e gli arretrati: ecco le date dei pagamenti e cosa cambia<\/a>&nbsp;&nbsp;Il Mattino<\/li>\n<li><a href=\"https:\/\/news.google.com\/rss\/articles\/CBMiuwFBVV95cUxQVTdQSFlFZ2dtaUdtOE9mLUF1a0FMczl6bFU3bFczdjEtSWZzRjVWX29ZZjBHNVVqOGRkcVFsS2JzQVZjTmpoLWdIZExQYjFqRjdUX0Y0aTNKSkFEU29nLTlfUTFHOVBJWHhNdDlZWU16Ty1SNjZUU2kweFVhdHhzUXpoMXIyODBzczZTejBzTzZLV2sxaVZ3M3FjTjRFVmpwSjQzQ0QxWVZNbV9Pb3ZYdzFyVlBWQzhDS0xB?oc=5\" target=\"_blank\" rel=\"nofollow noopener\">Nuovo ISEE 2026, da oggi \u00e8 pi\u00f9 facile accedere ai bonus, con 2 figli sei gi\u00e0 famiglia numerosa: l&#8217;INPS ricalcola tutto<\/a>&nbsp;&nbsp;Brocardi.it<\/li>\n<li><a href=\"https:\/\/news.google.com\/rss\/articles\/CBMif0FVX3lxTE94NkJ5WkdCa25sT0IwRWp3dmtUZjd4Rm43NDYxcThEZENtQUN1UWdnSVNJcVdxbEcxSGhXdl95T2RjeklweC00cnNNa3ZOdUF4eTRZZVRoNEZZdVBJa3lyczRzRGM0Z0ZiNjMxTDRxRHhQVkZ0REJHZmtDY0RKbmc?oc=5\" target=\"_blank\" rel=\"nofollow noopener\">Inps, ecco i nuovi modelli Dsu. Aggiornate attestazioni Isee: cosa cambia<\/a>&nbsp;&nbsp;Sky TG24<\/li>\n<li><a href=\"https:\/\/news.google.com\/rss\/articles\/CBMiygFBVV95cUxNRGxvZVNQaERCVXNDU0dOd1REZk0zS05mUGlwQXdid0FkTUEtOWx2LTFuengtQWZ4NmNobmZhdk9ObnVnVEcxQkwxNU5obmtaVXo5TDU2R1FrNzBJd1RGeWc2dUNrUF9CUnVfcFdyOEc2THRhRmppbWVzdVB2d2diSl9HUktLbEhLb2VfbUJvZ3pHQ1VscVJNckZNU2k4OTlvZ21semdFS3VpTzJ2MEcwc0tIODBLMngtcmJmcVNXajN0aE5mQU9ueGJR?oc=5\" target=\"_blank\" rel=\"nofollow noopener\">Assegno Unico di marzo in pagamento: fino a 203,80 euro per figlio, attenzione allo slittamento. Come cambiano gli importi con il nuovo ISEE? (tabelle INPS)<\/a>&nbsp;&nbsp;Ascuolaoggi<\/li>\n<li><a href=\"https:\/\/news.google.com\/rss\/articles\/CBMixgJBVV95cUxQaXdVMVFfWVhXVVdhLWZzSkFUbmpERmQwSkp0aHZSd0JuQmxsSW02emdQOUlyeHBZU2swSnc1dk56UlV2VnowZUd2Q0lJZUxSbndZbUFpODVWTTFKUm1tck44VkwyYWlmVk1rQUhua0VpU1FCMGJQQ2JFS3ROdHFBU3N6QV96ZEJna3VSY1BaUnlONUZsVTd2MXdaN2FxX1RvQXRoa0VENXpiLWlKZ1lIR0hzTHVHdC1XWDNHeFNfd05qSEhyWFUwOXVKU0ZyemFPSFlqNHR1Nl9Hc3pNZ1Q5ZEFDVHRzelNXYjJRU0RzRGh3SHJTbHo5U25ia3Y4SDR4LXhHay1EQlhzODBZSGhmQWRqVllkdmZqcW0tTFc0WVRKQTNmTTM5N3FaOXlUYWlUUDFwUEJsTFd1SS1jVWVCV1dmNlBUQQ?oc=5\" target=\"_blank\" rel=\"nofollow noopener\">Assegno unico marzo 2026, pagamento tra il 19 e il 20 marzo: Isee aggiornato, importi rivalutati, arretrati entro il 30 giugno e nuovi modelli Dsu gi\u00e0 operativi per le famiglie con figli a carico<\/a>&nbsp;&nbsp;Orizzonte Scuola Notizie<\/li>\n<\/ol>\n","protected":false},"excerpt":{"rendered":"Assegno unico marzo 2026, arrivano i nuovi importi e gli arretrati: ecco le date dei pagamenti e cosa&hellip;\n","protected":false},"author":3,"featured_media":399551,"comment_status":"","ping_status":"","sticky":false,"template":"","format":"standard","meta":{"footnotes":"","_share_on_mastodon":"0"},"categories":[6],"tags":[77009,55722,228379,14,8,7710,32651,1537,90,89,7,15,82,9,83,10,19033,69690,13,243,11,80,84,12,81,85],"class_list":["post-399550","post","type-post","status-publish","format-standard","has-post-thumbnail","category-ultime-notizie","tag-arretrati","tag-assegno-unico","tag-assegno-unico-marzo","tag-cronaca","tag-headlines","tag-inps","tag-isee","tag-it","tag-italia","tag-italy","tag-news","tag-notizie","tag-notizie-di-cronaca","tag-notizie-principali","tag-notiziedicronaca","tag-notizieprincipali","tag-pagamenti","tag-rivalutazione","tag-titoli","tag-ultima-ora","tag-ultime-notizie","tag-ultime-notizie-di-cronaca","tag-ultime-notizie-e-news-di-oggi","tag-ultimenotizie","tag-ultimenotiziedicronaca","tag-ultimenotizieenewsdioggi"],"share_on_mastodon":{"url":"","error":"Validation failed: Text character limit of 500 exceeded"},"_links":{"self":[{"href":"https:\/\/www.europesays.com\/it\/wp-json\/wp\/v2\/posts\/399550","targetHints":{"allow":["GET"]}}],"collection":[{"href":"https:\/\/www.europesays.com\/it\/wp-json\/wp\/v2\/posts"}],"about":[{"href":"https:\/\/www.europesays.com\/it\/wp-json\/wp\/v2\/types\/post"}],"author":[{"embeddable":true,"href":"https:\/\/www.europesays.com\/it\/wp-json\/wp\/v2\/users\/3"}],"replies":[{"embeddable":true,"href":"https:\/\/www.europesays.com\/it\/wp-json\/wp\/v2\/comments?post=399550"}],"version-history":[{"count":0,"href":"https:\/\/www.europesays.com\/it\/wp-json\/wp\/v2\/posts\/399550\/revisions"}],"wp:featuredmedia":[{"embeddable":true,"href":"https:\/\/www.europesays.com\/it\/wp-json\/wp\/v2\/media\/399551"}],"wp:attachment":[{"href":"https:\/\/www.europesays.com\/it\/wp-json\/wp\/v2\/media?parent=399550"}],"wp:term":[{"taxonomy":"category","embeddable":true,"href":"https:\/\/www.europesays.com\/it\/wp-json\/wp\/v2\/categories?post=399550"},{"taxonomy":"post_tag","embeddable":true,"href":"https:\/\/www.europesays.com\/it\/wp-json\/wp\/v2\/tags?post=399550"}],"curies":[{"name":"wp","href":"https:\/\/api.w.org\/{rel}","templated":true}]}}