{"id":399864,"date":"2026-03-17T11:38:13","date_gmt":"2026-03-17T11:38:13","guid":{"rendered":"https:\/\/www.europesays.com\/it\/399864\/"},"modified":"2026-03-17T11:38:13","modified_gmt":"2026-03-17T11:38:13","slug":"milan-fofana-ho-cambiato-ruolo-e-mi-sono-giocato-il-mondiale","status":"publish","type":"post","link":"https:\/\/www.europesays.com\/it\/399864\/","title":{"rendered":"Milan, Fofana: &#8220;Ho cambiato ruolo e mi sono giocato il Mondiale&#8221;"},"content":{"rendered":"<p>                                Il centrocampista rossonero all&#8217;Equipe: &#8220;Quando ti si dice che giocherai pi\u00f9 alto, all&#8217;inizio sei pure contento, ma non \u00e8 necessariamente ci\u00f2 che voglio.\u00a0Non credo di essere sufficientemente forte e se guardo al Mondiale, non penso mi si prenda in considerazione per questo ruolo. Non sono convinto che questo mi aiuti per il futuro&#8221;<\/p>\n<p>\n                                                                    Alessandro Grandesso\n                            <\/p>\n<p>                    17 marzo &#8211; 10:50  &#8211; PARIGI<\/p>\n<p class=\"paragraph\" spellcheck=\"true\">Confessione e sacrificio. Youssouf Fofana mette le cose in chiaro, perch\u00e9 se il francese fa il titolare nel Milan, non ne trae i benefici attesi, soprattutto con il cambio di ruolo voluto da Allegri, in chiave nazionale. Gioved\u00ec infatti Didier Deschamps convocher\u00e0 i Bleus per le due amichevoli di fine mese e il rossonero rischia di non esserci. Di nuovo, visto che l&#8217;ultima chiamata risale all&#8217;ottobre del 2024: \u201cSono un danno collaterale\u201d, spiega il centrocampista all&#8217;Equipe.<\/p>\n<p>        radar\u2014 \u00a0<\/p>\n<p class=\"paragraph\" spellcheck=\"true\">In realt\u00e0 una battuta per sdrammatizzare, in riferimento al fatto che lo scorso anno la Serie A in Francia non \u00e8 stata trasmessa, se non a fine stagione dal canale dell&#8217;Equipe. Quindi nessuno ha potuto seguire le prestazioni di Fofana con il Milan. E nessuno ne ha parlato. In pratica, \u00e8 finito fuori dai radar mediatici. E quest&#8217;anno le cose non migliorano, perch\u00e9 dopo una stagione di apprendistato tattico, il francese ha dovuto cambiare ruolo, da interno a mezzala destra. Non l&#8217;ideale, soprattutto in vista del Mondiale: \u201cQuando ti si dice che giocherai pi\u00f9 alto, all&#8217;inizio sei pure contento. Alla fine, ho capito che non \u00e8 necessariamente ci\u00f2 che voglio. Lo faccio ovviamente per la squadra, ma mi piaceva molto essere all&#8217;origine delle azioni, controllare il ritmo di gioco della squadra, recuperare palloni\u201d.<\/p>\n<p>        convinzione\u2014 \u00a0<\/p>\n<p class=\"paragraph\" spellcheck=\"true\">Allegri invece ha voluto Fofana mezzala destra: \u201cE ho dovuto imparare \u2013 continua il francese \u2013 a giocare pi\u00f9 rapidamente, orientarmi meglio. Devo essere pi\u00f9 impattante fisicamente, anticipare di pi\u00f9, e ho capito anche che potevo realizzare pi\u00f9 scatti ad alta intensit\u00e0\u201d. Ci\u00f2 non significa che la situazione sia migliorata: \u201cNon credo di essere sufficientemente forte, le statistiche dicono che potrei essere pi\u00f9 efficace. E se guardo al Mondiale, non credo che mi si prenda in considerazione per questo ruolo. Lo faccio con il club, soprattutto se siamo in lizza per un titolo. Ma non sono convinto che questo mi aiuti per il futuro\u201d. Anche perch\u00e9, in quel ruolo si noterebbe meno la sua creativit\u00e0: \u201cSono un giocatore del Milan, c&#8217;\u00e8 chi lo vede, ma sul medio periodo non vengo preso in considerazione nei dibattiti mediatici su chi possa andare o meno al Mondiale. Ed \u00e8 un peccato\u201d.<\/p>\n<p><a class=\"is-partner-link\" href=\"https:\/\/abbonamenti.gazzetta.it\/calciatori-panini-2025\/?pwcmp_promo_panini_cta&amp;forceBrowser=true\" rel=\"nofollow noopener\" target=\"_blank\">Gazzetta digital + Box Panini + Album a soli 80\u20ac, il modo pi\u00f9 veloce e conveniente per completare la collezione!<\/a><\/p>\n<p>        test\u2014 \u00a0<\/p>\n<p class=\"paragraph\" spellcheck=\"true\">Gioved\u00ec Deschamps diramer\u00e0 le convocazioni per le amichevoli con Brasile e Colombia negli Stati Uniti. Test importanti in vista della lista finale. Fofana \u00e8 fuori dal giro dall&#8217;ottobre del 2024: \u201cHo 25 presenze, ma sono anche solo 25, quindi non so se posso chiamare il c.t. e chiedergli perch\u00e9 non mi ha pi\u00f9 convocato. Rispetto le sue decisioni, ma sarebbe interessante parlarci di persona se ci sar\u00e0 l&#8217;occasione. Non sono fatalista, ho il passaporto francese, sono convocabile e soprattutto ho molta voglia di andare al Mondiale. Per crederci, devo finire la stagione meglio di come l&#8217;ho iniziata\u201d. Un vantaggio anche per il Milan.<\/p>\n<p class=\"is-copyright\">\u00a9 RIPRODUZIONE RISERVATA<\/p>\n","protected":false},"excerpt":{"rendered":"Il centrocampista rossonero all&#8217;Equipe: &#8220;Quando ti si dice che giocherai pi\u00f9 alto, all&#8217;inizio sei pure contento, ma non&hellip;\n","protected":false},"author":3,"featured_media":399865,"comment_status":"","ping_status":"","sticky":false,"template":"","format":"standard","meta":{"footnotes":"","_share_on_mastodon":"0"},"categories":[1452],"tags":[761,3076,4197,228575,228576,7526,32,88141,721,3079,3153,483,228577,23442,228578,4972,26944,228579,122,1367,228580,228581,46664,3177,1891,37725,21096,1740,3368,1537,90,89,553,1353,138,1739,337,245,244,577],"class_list":["post-399864","post","type-post","status-publish","format-standard","has-post-thumbnail","category-calcio","tag-aiuti","tag-allegri","tag-alto","tag-alto-inizio","tag-alto-inizio-contento","tag-amichevoli","tag-andare","tag-andare-mondiale","tag-calcio","tag-capito","tag-centrocampista","tag-cio","tag-cio-voglio","tag-considerazione","tag-considerazione-ruolo","tag-contento","tag-convinto","tag-convinto-aiuti","tag-cose","tag-credo","tag-credo-sufficientemente","tag-credo-sufficientemente-forte","tag-deschamps","tag-destra","tag-devo","tag-equipe","tag-fofana","tag-football","tag-francese","tag-it","tag-italia","tag-italy","tag-milan","tag-mondiale","tag-ruolo","tag-soccer","tag-soprattutto","tag-sport","tag-sports","tag-stagione"],"share_on_mastodon":{"url":"","error":"Validation failed: Text character limit of 500 exceeded"},"_links":{"self":[{"href":"https:\/\/www.europesays.com\/it\/wp-json\/wp\/v2\/posts\/399864","targetHints":{"allow":["GET"]}}],"collection":[{"href":"https:\/\/www.europesays.com\/it\/wp-json\/wp\/v2\/posts"}],"about":[{"href":"https:\/\/www.europesays.com\/it\/wp-json\/wp\/v2\/types\/post"}],"author":[{"embeddable":true,"href":"https:\/\/www.europesays.com\/it\/wp-json\/wp\/v2\/users\/3"}],"replies":[{"embeddable":true,"href":"https:\/\/www.europesays.com\/it\/wp-json\/wp\/v2\/comments?post=399864"}],"version-history":[{"count":0,"href":"https:\/\/www.europesays.com\/it\/wp-json\/wp\/v2\/posts\/399864\/revisions"}],"wp:featuredmedia":[{"embeddable":true,"href":"https:\/\/www.europesays.com\/it\/wp-json\/wp\/v2\/media\/399865"}],"wp:attachment":[{"href":"https:\/\/www.europesays.com\/it\/wp-json\/wp\/v2\/media?parent=399864"}],"wp:term":[{"taxonomy":"category","embeddable":true,"href":"https:\/\/www.europesays.com\/it\/wp-json\/wp\/v2\/categories?post=399864"},{"taxonomy":"post_tag","embeddable":true,"href":"https:\/\/www.europesays.com\/it\/wp-json\/wp\/v2\/tags?post=399864"}],"curies":[{"name":"wp","href":"https:\/\/api.w.org\/{rel}","templated":true}]}}