{"id":399904,"date":"2026-03-17T12:14:16","date_gmt":"2026-03-17T12:14:16","guid":{"rendered":"https:\/\/www.europesays.com\/it\/399904\/"},"modified":"2026-03-17T12:14:16","modified_gmt":"2026-03-17T12:14:16","slug":"passeggia-in-montagna-dopo-il-temporale-e-si-imbatte-in-un-sasso-strano-e-la-testa-di-una-scultura-bronzea-di-3000-anni-fa-perche-e-venuta-alla-luce-ora-perche-in-quel-pu","status":"publish","type":"post","link":"https:\/\/www.europesays.com\/it\/399904\/","title":{"rendered":"Passeggia in montagna dopo il temporale e si imbatte in un \u201csasso strano\u201d. E\u2019 la testa di una scultura bronzea di 3000 anni fa. Perch\u00e8 \u00e8 venuta alla luce ora? Perch\u00e8 in quel punto? Chi la produsse? Che significato aveva? Cosa c\u2019era l\u00ec intorno? Rispondono gli esperti"},"content":{"rendered":"<p>Per giorni e giorni la pioggia ha lavorato in silenzio, insistente, quasi metodica. L\u2019acqua ha inciso i versanti, ha scavato piccoli solchi tra le pietre calcaree, ha sciolto le terre pi\u00f9 friabili trascinandole verso valle. Poi, quando le nubi si sono diradate e il cielo ha restituito una luce tersa, il paesaggio appariva leggermente mutato: superfici ripulite, affioramenti pi\u00f9 netti, dettagli che prima erano nascosti. \u00c8 in questo scenario, fatto di erosione recente e di improvvise rivelazioni, che un escursionista ha colto qualcosa di anomalo tra i sassi.<\/p>\n<p><img loading=\"lazy\" decoding=\"async\" width=\"1024\" height=\"576\" src=\"data:image\/svg+xml,%3Csvg%20xmlns=\" http:=\"\" alt=\"Parte di una statuetta di bronzo di 3000 anni fa, trovata da un escursionista sulla montagna, dopo il temporale\" class=\"wp-image-742524\" data-lazy- data-lazy- data-lazy-src=\"https:\/\/www.europesays.com\/it\/wp-content\/uploads\/2026\/03\/a-maiorca-copertina-2-1024x576.jpg\"\/>Il muso bronzeo dell\u2019animale sacro. La pioggia ha dilavato le pendici dei monti, portando alla luce vecchi strati e depositi<\/p>\n<p>Il ritrovamento \u00e8 avvenuto nella Serra de Tramuntana, la dorsale montuosa che corre lungo il settore nord-occidentale di Maiorca, isola principale delle Isole Baleari, nel Mediterraneo occidentale. Maiorca si trova a circa 250 chilometri dalla costa orientale della penisola iberica e poco pi\u00f9 di 800 chilometri dall\u2019Italia nord-occidentale; un territorio apparentemente periferico, ma in realt\u00e0 da sempre inserito nelle rotte culturali e commerciali del mare interno. La Tramuntana, oggi patrimonio mondiale per il suo paesaggio culturale, \u00e8 una catena aspra, modellata da rocce carbonatiche e da una morfologia carsica che favorisce fenomeni di ruscellamento improvviso e dissesto superficiale.<\/p>\n<p><img loading=\"lazy\" decoding=\"async\" width=\"640\" height=\"456\" src=\"data:image\/svg+xml,%3Csvg%20xmlns=\" http:=\"\" alt=\"\" class=\"wp-image-742532\" data-lazy- data-lazy- data-lazy-src=\"https:\/\/www.europesays.com\/it\/wp-content\/uploads\/2026\/03\/a-maiorca-serra-2.jpg\"\/>La Serra era una montagna sacra @ <a href=\"https:\/\/commons.wikimedia.org\/wiki\/User:Vicen%C3%A7_Salvador_Torres_Guerola\" rel=\"nofollow noopener\" target=\"_blank\">Vicen\u00e7 Salvador Torres Guerola<\/a>, <a href=\"https:\/\/creativecommons.org\/licenses\/by-sa\/3.0\" target=\"_blank\" rel=\"noreferrer noopener nofollow\">Creative Commons 3.0<\/a><\/p>\n<p>Nelle ultime settimane, una sequenza di perturbazioni atlantiche ha interessato l\u2019area, generando <strong>temporali frequenti e precipitazioni intense<\/strong>. Il meccanismo \u00e8 ben noto: masse d\u2019aria umida, spinte verso il Mediterraneo occidentale, incontrano il rilievo montuoso e sono costrette a sollevarsi; il raffreddamento produce condensazione e quindi rovesci, spesso violenti. Questo effetto orografico, amplificato dalla saturazione dei suoli gi\u00e0 umidi, ha provocato <strong>dilavamenti diffusi e piccoli smottamenti<\/strong>, capaci di rimuovere lo strato superficiale del terreno e di mettere a nudo elementi sepolti da secoli.<\/p>\n<p>\u00c8 proprio durante una di queste escursioni successive al maltempo che l\u2019escursionista Josep M. Buils, camminando lungo un pendio, ha notato un oggetto tra i detriti: un sasso, apparentemente. Ma la forma non convinceva. Il profilo era troppo regolare, il volume suggeriva un\u2019intenzionalit\u00e0. L\u2019osservazione ravvicinata ha trasformato il sospetto in intuizione: non era una pietra, bens\u00ec un frammento lavorato. L\u2019escursionista ha immediatamente pensato a una scultura, o a una parte di essa, e ha fatto ci\u00f2 che distingue il caso fortunato dalla scoperta scientifica: ha segnalato il ritrovamento agli specialisti.<\/p>\n<p><img loading=\"lazy\" decoding=\"async\" width=\"1017\" height=\"621\" src=\"data:image\/svg+xml,%3Csvg%20xmlns=\" http:=\"\" alt=\"\" class=\"wp-image-742525\" data-lazy- data-lazy- data-lazy-src=\"https:\/\/www.europesays.com\/it\/wp-content\/uploads\/2026\/03\/a-maiorca-statuetta-scontornata.png\"\/><\/p>\n<p>Il piccolo manufatto, consegnato al gruppo di ricerca ArqueoTramuntana e al collettivo Almallutx, quindi affidato al Consell de Mallorca per gli esami ufficiali, si \u00e8 rivelato una <strong>testa di toro in bronzo<\/strong>, databile a circa tremila anni fa. Le dimensioni sono contenute, ma la resa \u00e8 sorprendentemente efficace: muso e occhi emergono con una stilizzazione essenziale, tipica delle produzioni protostoriche mediterranee, nelle quali la sintesi formale non esclude la riconoscibilit\u00e0. L\u2019oggetto appare isolato, ma gli archeologi ipotizzano che fosse originariamente parte di una struttura pi\u00f9 ampia: un elemento applicato a un oggetto cerimoniale, a un arredo sacro o a un dispositivo votivo.<\/p>\n<p>L\u2019attribuzione pi\u00f9 plausibile rimanda alla fase cosiddetta <strong>post-talayotica<\/strong>, che nelle Baleari segue il periodo dei grandi monumenti in pietra noti come talaiot. Tra la fine dell\u2019et\u00e0 del bronzo e l\u2019inizio dell\u2019et\u00e0 del ferro, le comunit\u00e0 dell\u2019isola mostrano una crescente complessit\u00e0 sociale: abitati strutturati, spazi cerimoniali, una metallurgia ormai pienamente sviluppata. Il bronzo, lega di rame e stagno, non \u00e8 soltanto un materiale funzionale, ma diventa anche veicolo di espressione simbolica. La presenza di un oggetto come questo implica competenze tecniche \u2013 fusione, modellazione, rifinitura \u2013 e una rete di approvvigionamento delle materie prime che supera l\u2019isolamento geografico.<\/p>\n<p>Il toro, in questo contesto, non \u00e8 una scelta decorativa casuale. Nell\u2019intero bacino del Mediterraneo preistorico, la figura taurina \u00e8 <strong>carica di significati stratificati<\/strong>. \u00c8 animale di forza e di potenza generativa, legato ai cicli agricoli, alla fertilit\u00e0 dei campi e alla capacit\u00e0 riproduttiva delle comunit\u00e0. In molte culture, dal Vicino Oriente all\u2019Egeo, il toro assume anche una dimensione apotropaica, protettiva, talvolta connessa a divinit\u00e0 o a figure di mediazione tra umano e divino. Nelle Baleari, le evidenze iconografiche suggeriscono che tali rappresentazioni fossero integrate in rituali collettivi, forse connessi alla coesione sociale e alla gestione simbolica delle risorse. E\u2019 probabile che il piccolo toro facesse parte di un deposito sacro affidata alla locale \u201cmontagna dei tuoni\u201d. Qui scoppiavano e scoppiano intensi temporali, con fulmini e acquazzoni. Quell\u2019acqua che poi rende fertile l\u2019area e tante zone a valle.<\/p>\n<p>La progressiva scomparsa del toro come figura centrale nella mitologia europea non \u00e8 un evento improvviso, ma un processo lungo. Con l\u2019affermarsi delle culture indoeuropee e, pi\u00f9 tardi, con la sistematizzazione dei pantheon classici, il simbolo taurino viene <strong>riassorbito e trasformato<\/strong>. Nella Grecia arcaica sopravvive in forme mitiche, ma perde la sua centralit\u00e0 cultuale autonoma; in epoca romana permane nei sacrifici e in culti misterici, ma gi\u00e0 come elemento inserito in sistemi religiosi pi\u00f9 complessi. L\u2019avvento del cristianesimo, con una diversa concezione del sacro e del sacrificio, contribuisce ulteriormente a marginalizzare queste iconografie, relegandole a sopravvivenze simboliche o decorative.<\/p>\n<p><img loading=\"lazy\" decoding=\"async\" width=\"640\" height=\"422\" src=\"data:image\/svg+xml,%3Csvg%20xmlns=\" http:=\"\" alt=\"\" class=\"wp-image-742530\" data-lazy- data-lazy- data-lazy-src=\"https:\/\/www.europesays.com\/it\/wp-content\/uploads\/2026\/03\/a-maiorca-serra.jpg\"\/>La serra de Tramuntana vista dal mare @ Vicen\u00e7 Salvador Torres Guerola <a href=\"https:\/\/creativecommons.org\/licenses\/by-sa\/4.0\" target=\"_blank\" rel=\"noreferrer noopener nofollow\">Creative Commons 4.0<\/a> Wikimedia cxommons<\/p>\n<p>Il piccolo bronzo emerso dai pendii della Tramuntana si colloca dunque in un punto di snodo: testimonia una fase in cui <strong>la relazione tra uomo, natura e sacro<\/strong> si esprimeva attraverso immagini essenziali, ma dense di significato. Il fatto che sia riemerso oggi, grazie a un episodio meteorologico e allo sguardo attento di un escursionista, ricorda quanto il paesaggio sia un archivio dinamico, continuamente riscritto dall\u2019interazione tra processi naturali e presenza umana.<\/p>\n","protected":false},"excerpt":{"rendered":"Per giorni e giorni la pioggia ha lavorato in silenzio, insistente, quasi metodica. L\u2019acqua ha inciso i versanti,&hellip;\n","protected":false},"author":3,"featured_media":399905,"comment_status":"","ping_status":"","sticky":false,"template":"","format":"standard","meta":{"footnotes":"","_share_on_mastodon":"0"},"categories":[1446],"tags":[228602,221369,1615,1613,1614,1611,1610,30975,1612,203,228603,228604,204,1537,90,89,28029,228605,103],"class_list":["post-399904","post","type-post","status-publish","format-standard","has-post-thumbnail","category-arte-e-design","tag-archeologia-e-animali","tag-archeologia-e-grandi-scoperte","tag-arte","tag-arte-e-design","tag-arteedesign","tag-arts","tag-arts-and-design","tag-bronzetti","tag-design","tag-entertainment","tag-escursionista-fortunato","tag-il-toro-e-le-mucche-nellarte","tag-intrattenimento","tag-it","tag-italia","tag-italy","tag-maiorca","tag-passeggiata-fortunata","tag-temporali"],"share_on_mastodon":{"url":"","error":"Validation failed: Text character limit of 500 exceeded"},"_links":{"self":[{"href":"https:\/\/www.europesays.com\/it\/wp-json\/wp\/v2\/posts\/399904","targetHints":{"allow":["GET"]}}],"collection":[{"href":"https:\/\/www.europesays.com\/it\/wp-json\/wp\/v2\/posts"}],"about":[{"href":"https:\/\/www.europesays.com\/it\/wp-json\/wp\/v2\/types\/post"}],"author":[{"embeddable":true,"href":"https:\/\/www.europesays.com\/it\/wp-json\/wp\/v2\/users\/3"}],"replies":[{"embeddable":true,"href":"https:\/\/www.europesays.com\/it\/wp-json\/wp\/v2\/comments?post=399904"}],"version-history":[{"count":0,"href":"https:\/\/www.europesays.com\/it\/wp-json\/wp\/v2\/posts\/399904\/revisions"}],"wp:featuredmedia":[{"embeddable":true,"href":"https:\/\/www.europesays.com\/it\/wp-json\/wp\/v2\/media\/399905"}],"wp:attachment":[{"href":"https:\/\/www.europesays.com\/it\/wp-json\/wp\/v2\/media?parent=399904"}],"wp:term":[{"taxonomy":"category","embeddable":true,"href":"https:\/\/www.europesays.com\/it\/wp-json\/wp\/v2\/categories?post=399904"},{"taxonomy":"post_tag","embeddable":true,"href":"https:\/\/www.europesays.com\/it\/wp-json\/wp\/v2\/tags?post=399904"}],"curies":[{"name":"wp","href":"https:\/\/api.w.org\/{rel}","templated":true}]}}