{"id":400043,"date":"2026-03-17T14:07:13","date_gmt":"2026-03-17T14:07:13","guid":{"rendered":"https:\/\/www.europesays.com\/it\/400043\/"},"modified":"2026-03-17T14:07:13","modified_gmt":"2026-03-17T14:07:13","slug":"venite-al-mio-concerto-achille-lauro-al-niguarda-incontra-i-feriti-di-crans-montana-e-li-invita-al-live-del-15-giugno","status":"publish","type":"post","link":"https:\/\/www.europesays.com\/it\/400043\/","title":{"rendered":"\u00abVenite al mio concerto\u00bb. Achille Lauro al Niguarda incontra i feriti di Crans Montana e li invita al live del 15 giugno"},"content":{"rendered":"<p>\u00abTi rinnamorerai a marzo. Il 16 marzo\u00bb. Canta cos\u00ec <a href=\"https:\/\/www.ilmessaggero.it\/t\/achille-lauro\" rel=\"nofollow noopener\" target=\"_blank\">Achille Lauro<\/a> in una delle sue canzoni pi\u00f9 intime. <strong>E proprio il 16 marzo, quasi a voler dare un senso concreto a quelle parole, il cantante romano (ma nato a Verona) ha scelto di fare un gesto, mantenere una promessa: passare il pomeriggio al Niguarda di Milano con i ragazzi sopravvissuti al rogo di Crans-Montana.<\/strong> Niente palco, niente luci. Solo una porta che si apre in un reparto d\u2019ospedale dove, da gennaio, sono ricoverati alcuni dei giovanissimi scampati alle fiamme della notte di Capodanno. Lauro si \u00e8 seduto accanto ai loro letti, ha parlato con quei ragazzi, con i loro genitori che da quel 31 dicembre vivono una vita spaccata in due: prima e dopo il fuoco. Prima e dopo il Constellation.<\/p>\n<p>La canzone di Sanremo <\/p>\n<p><strong>Il legame, in fondo, era gi\u00e0 nato settimane fa<\/strong>. La sera di <a href=\"https:\/\/www.ilmessaggero.it\/t\/sanremo\" rel=\"nofollow noopener\" target=\"_blank\">SANREMO<\/a>, quando Lauro aveva portato sul palco \u201cPerdutamente\u201d in omaggio alle vittime della strage, quei ragazzi l\u2019avevano guardato insieme dalle stanze del Niguarda. Per molti di loro <strong>quella canzone non era solo una canzone. Era un nome, un ricordo, un funerale, un\u2019amicizia che non c\u2019\u00e8 pi\u00f9<\/strong>. <strong>Da l\u00ec era nato un desiderio semplice: incontrarlo<\/strong>. E cos\u00ec ieri, nelle stesse corsie dove da settimane si impara una nuova grammatica fatta di medicazioni, interventi, ricostruzioni e silenzi, Achille Lauro \u00e8 arrivato davvero.<\/p>\n<p>I ragazzi lo hanno saputo poche ore prima, con quel tam tam veloce che corre nelle chat delle famiglie dei sopravvissuti, ormai diventati amici. La voce si \u00e8 sparsa fino a raggiungere anche chi nel frattempo era stato dimesso. <strong>Molti sono tornati in ospedale apposta per incontrarlo<\/strong>.<\/p>\n<p>Tra quei letti c\u2019\u00e8 anche Lorenzo, sedici anni, di Como, studente dell\u2019International School. \u00ab\u00c8 stato inaspettato vederlo sbucare dalla porta della mia stanza\u00bb, racconta. \u00abIo e mio fratello Federico, che viene a trovarmi tutti i giorni, non potevamo crederci\u00bb. Quando Lauro si \u00e8 seduto accanto a loro, l\u2019emozione si \u00e8 sciolta lentamente in una conversazione semplice, quasi familiare. \u00abCi ha dedicato molto tempo &#8211; dice Lorenzo &#8211; e non \u00e8 una cosa scontata. Ha detto parole molto belle, di quelle che spero di ricordare\u00bb. Tra tutte, una gli \u00e8 rimasta impressa. Usare il tempo. \u00abMi ha detto di utilizzare il tempo che sto passando qui per leggere, guardare film e documentari. Di pensare ai progetti, al futuro. Perch\u00e9 quando hai una seconda vita devi prenderla tutta in una volta\u00bb.<\/p>\n<p><strong>Achille Lauro \u00e8 rimasto nel reparto per quasi due ore. Non ha cantato. Non era quello il momento. \u00c8 rimasto semplicemente in ascolto<\/strong>.<\/p>\n<p>Tra le persone presenti c\u2019era anche Erica Didone, la mamma di Achille Barosi, uno dei 6 ragazzi italiani morti nell\u2019incendio. Fu lei, il giorno del funerale a Sant\u2019Ambrogio a Milano, ad appoggiare una piccola cassa sulla bara del figlio per dedicargli \u201cPerdutamente\u201d di Achille. Era la loro canzone.<\/p>\n<p>L\u2019invito <\/p>\n<p>Su Instagram, pi\u00f9 tardi, Lauro ha scritto poche righe, prima di andare a cantare al Forum di Assago di Milano, una delle sue tappe del tour: \u00abUn pensiero speciale ai ragazzi e alle famiglie coinvolte nella tragedia di Crans-Montana. Siamo stati al Niguarda a trovarli e abbiamo incontrato persone meravigliose, a cui siamo profondamente vicini\u00bb. Poi il ringraziamento ai medici, \u00abdi un\u2019umanit\u00e0 e di una dedizione sconfinate\u00bb, a Guido Bertolaso e a Carlo Conti, che ha aiutato a organizzare l\u2019incontro.<\/p>\n<p>L&#8217;assessore al Welfare Bertolaso, che quell\u2019incontro lo ha seguito da vicino, lo racconta cos\u00ec: \u00abDopo la sua esibizione a Sanremo, dopo quella canzone dedicata a loro, i ragazzi avevano espresso un desiderio: poter conoscere Achille Lauro\u00bb. E ancora: \u00abCon disponibilit\u00e0 e dolcezza ha saputo portare un po\u2019 di gioia nel cuore di quei ragazzi che tanto hanno sofferto\u00bb. <strong> Dolcezza \u00e8 una parola che torna spesso, in questa storia. Garbo anche. Discrezione<\/strong>. Prima di andar via, Achille Lauro ha fatto un\u2019altra promessa, piccola e enorme allo stesso tempo. <strong>Ha invitato tutti a un suo concerto. Tutto a sue spese<\/strong>. \u00abCi ha dato appuntamento per il 15 giugno\u00bb, dice Lorenzo. \u00abHa lasciato il suo contatto e i biglietti ce li dar\u00e0 lui. Ha detto che far\u00e0 anche un palchetto per noi\u00bb.<\/p>\n<p><strong>Per Lorenzo e gli altri ragazzi \u00e8 diventato subito un pensiero fisso. Il 15 giugno, a San Siro, lo stadio di Milano<\/strong>. \u00abNon vede l\u2019ora di andare al suo concerto\u00bb, raccontano con gioia dal reparto. E dentro quella frase c\u2019\u00e8 gi\u00e0 un pezzetto di futuro. Che per questi ragazzi, oggi, non \u00e8 una parola astratta. \u00c8 una data segnata. Un pomeriggio fuori. Un palco. La musica ascoltata non pi\u00f9 da un letto d\u2019ospedale ma in mezzo alla folla, alla vita. <strong>Si aspetta il 15 giugno<\/strong>.<\/p>\n<p>&#13;<br \/>\n                                \u00a9 RIPRODUZIONE RISERVATA&#13;<\/p>\n<p>&#13;<\/p>\n<p>\n                            Il punto serale sulle notizie del giorno<br \/>\n                            <b>Iscriviti<\/b> e ricevi le notizie via email\n                        <\/p>\n","protected":false},"excerpt":{"rendered":"\u00abTi rinnamorerai a marzo. Il 16 marzo\u00bb. Canta cos\u00ec Achille Lauro in una delle sue canzoni pi\u00f9 intime.&hellip;\n","protected":false},"author":3,"featured_media":400044,"comment_status":"","ping_status":"","sticky":false,"template":"","format":"standard","meta":{"footnotes":"","_share_on_mastodon":"0"},"categories":[1443],"tags":[13555,44739,203,826,204,1537,90,89,1538,1539,8502,9143],"class_list":["post-400043","post","type-post","status-publish","format-standard","has-post-thumbnail","category-musica","tag-achille-lauro","tag-crans-montana","tag-entertainment","tag-feriti","tag-intrattenimento","tag-it","tag-italia","tag-italy","tag-music","tag-musica","tag-niguarda","tag-sanremo"],"share_on_mastodon":{"url":"https:\/\/pubeurope.com\/@it\/116244909113445134","error":""},"_links":{"self":[{"href":"https:\/\/www.europesays.com\/it\/wp-json\/wp\/v2\/posts\/400043","targetHints":{"allow":["GET"]}}],"collection":[{"href":"https:\/\/www.europesays.com\/it\/wp-json\/wp\/v2\/posts"}],"about":[{"href":"https:\/\/www.europesays.com\/it\/wp-json\/wp\/v2\/types\/post"}],"author":[{"embeddable":true,"href":"https:\/\/www.europesays.com\/it\/wp-json\/wp\/v2\/users\/3"}],"replies":[{"embeddable":true,"href":"https:\/\/www.europesays.com\/it\/wp-json\/wp\/v2\/comments?post=400043"}],"version-history":[{"count":0,"href":"https:\/\/www.europesays.com\/it\/wp-json\/wp\/v2\/posts\/400043\/revisions"}],"wp:featuredmedia":[{"embeddable":true,"href":"https:\/\/www.europesays.com\/it\/wp-json\/wp\/v2\/media\/400044"}],"wp:attachment":[{"href":"https:\/\/www.europesays.com\/it\/wp-json\/wp\/v2\/media?parent=400043"}],"wp:term":[{"taxonomy":"category","embeddable":true,"href":"https:\/\/www.europesays.com\/it\/wp-json\/wp\/v2\/categories?post=400043"},{"taxonomy":"post_tag","embeddable":true,"href":"https:\/\/www.europesays.com\/it\/wp-json\/wp\/v2\/tags?post=400043"}],"curies":[{"name":"wp","href":"https:\/\/api.w.org\/{rel}","templated":true}]}}