{"id":400176,"date":"2026-03-17T15:56:15","date_gmt":"2026-03-17T15:56:15","guid":{"rendered":"https:\/\/www.europesays.com\/it\/400176\/"},"modified":"2026-03-17T15:56:15","modified_gmt":"2026-03-17T15:56:15","slug":"dune-3-la-prima-immagine-del-film-con-timothee-chalamet-i-sky-tg24","status":"publish","type":"post","link":"https:\/\/www.europesays.com\/it\/400176\/","title":{"rendered":"Dune 3, la prima immagine del film con Timoth\u00e9e Chalamet I Sky TG24"},"content":{"rendered":"<p><a data-intcmp=\"skytg24_foglia articolo_interlink_text\" href=\"https:\/\/tg24.sky.it\/spettacolo\/cinema\/approfondimenti\/timothee-chalamet-film\" target=\"_self\" rel=\"nofollow noopener\">Timoth\u00e9e Chalamet<\/a> ha svelato in una story Instagram la <strong>prima immagine<\/strong> del film<strong> <\/strong><a data-intcmp=\"skytg24_foglia articolo_interlink_text\" href=\"https:\/\/tg24.sky.it\/spettacolo\/cinema\/2025\/07\/09\/dune-parte-3\" target=\"_self\" rel=\"nofollow noopener\">Dune: Parte tre<\/a>, basato sul romanzo Dune Messiah (1969) di Frank Herbert ed epico finale della trilogia fantascientifica diretta dal regista Denis Villeneuve. La pellicola uscir\u00e0 nei cinema degli Stati Uniti il 18 dicembre, data nella quale si scontrer\u00e0 con il film Avengers: Doomsday. Oggi, marted\u00ec 17 marzo, arriver\u00e0 il trailer ufficiale, anticipato sempre su Instagram in un post di Chalamet.<\/p>\n<p>\t\t \tIL VIAGGIO SUL PIANETA ARRAKIS<\/p>\n<p>Nel film <a data-intcmp=\"skytg24_foglia articolo_interlink_text\" href=\"https:\/\/tg24.sky.it\/spettacolo\/cinema\/2024\/02\/27\/dune-parte-2-cast-ieri-oggi\" target=\"_self\" rel=\"nofollow noopener\">Dune \u2013 Parte due<\/a> (2024), scritto da Denise Villeneuve insieme a Jon Spaihts, Timoth\u00e9e Chalamet ha interpretato il principe guerriero e prescelto Paul Atreides, che ha proseguito il viaggio con la madre Lady Jessica (Rebecca Ferguson) sul pianeta desertico di Arrakis. Il protagonista si \u00e8 poi unito al popolo nativo dei Fremen e si \u00e8 innamorato di una giovane guerriera, Chani (<a data-intcmp=\"skytg24_foglia articolo_interlink_text\" href=\"https:\/\/tg24.sky.it\/spettacolo\/2026\/03\/13\/zendaya-tom-holland-matrimonio\" target=\"_self\" rel=\"nofollow noopener\">Zendaya<\/a>), durante i combattimenti in nome della libert\u00e0 dal malvagio impero degli Harkonnen. Alla fine, Paul ha sconfitto gli Harkonnen e ha promosso insieme all\u2019esercito Fremen una guerra contro le Grandi Casate. Il sequel ha introdotto nuovi volti nella saga, compreso <a data-intcmp=\"skytg24_foglia articolo_interlink_text\" href=\"https:\/\/tg24.sky.it\/spettacolo\/cinema\/2023\/05\/17\/dune-2-austin-butler-javier-bardem\" target=\"_self\" rel=\"nofollow noopener\">Austin Butler<\/a> nel ruolo del cattivo Feyd-Rautha Harkonnen e <a data-intcmp=\"skytg24_foglia articolo_interlink_text\" href=\"https:\/\/tg24.sky.it\/spettacolo\/cinema\/approfondimenti\/florence-pugh-personaggi-film\" target=\"_self\" rel=\"nofollow noopener\">Florence Pugh<\/a> nel ruolo della principessa Irulan, la figlia dell\u2019imperatore Shaddam IV (Christopher Walken). <a data-intcmp=\"skytg24_foglia articolo_interlink_text\" href=\"https:\/\/tg24.sky.it\/spettacolo\/cinema\/2023\/01\/10\/lea-seydoux-film\" target=\"_self\" rel=\"nofollow noopener\">L\u00e9a Seydoux<\/a> ha invece debuttato nel ruolo di Lady Margot delle Bene Gesserit. La pellicola ha vinto due premi Oscar su cinque nomination e ha incassato oltre 714 milioni di dollari al botteghino mondiale. Nel dicembre 2023, prima ancora dell\u2019uscita del secondo capitolo della saga, Denis Villeneuve aveva confermato di essere gi\u00e0 al lavoro sulla sceneggiatura di un possibile sequel. \u201cSogno di realizzare un terzo film\u201d, aveva dichiarato all\u2019epoca. \u201cPer me avrebbe perfettamente senso\u201d. Poi, durante il tour promozionale del film Dune \u2013 Parte due, aveva aggiunto che un terzo capitolo avrebbe ampliato i ruoli di Florence Pugh, di L\u00e9a Seydoux e di <a data-intcmp=\"skytg24_foglia articolo_interlink_text\" href=\"https:\/\/tg24.sky.it\/spettacolo\/serie-tv\/2026\/02\/05\/lucky-serie-tv\" target=\"_self\" rel=\"nofollow noopener\">Anya Taylor-Joy<\/a>, che ha interpretato la versione adulta e futura di Alia, la sorella non ancora nata di Paul. Ora, anche Gurney Halleck (Josh Brolin) e Duncan Idaho (<a data-intcmp=\"skytg24_foglia articolo_interlink_text\" href=\"https:\/\/tg24.sky.it\/spettacolo\/cinema\/2025\/04\/01\/dune-3-jason-momoa\" target=\"_self\" rel=\"nofollow noopener\">Jason Momoa<\/a>) torneranno nella pellicola Dune: Parte tre, alla quale si aggiunger\u00e0 anche <a data-intcmp=\"skytg24_foglia articolo_interlink_text\" href=\"https:\/\/tg24.sky.it\/spettacolo\/cinema\/2025\/11\/05\/dune-3-robert-pattinson\" target=\"_self\" rel=\"nofollow noopener\">Robert Pattinson<\/a> nel ruolo del cattivo Scytale. Nel 2024, inoltre, il compositore Hans Zimmer aveva dichiarato alla rivista Variety di essere gi\u00e0 al lavoro sulla musica del terzo capitolo. \u201cDenis arriva il secondo giorno di riprese [del film Dune: Parte due, ndr] e, senza dire una parola, mette Dune Messiah sulla mia scrivania\u201d, aveva raccontato. \u201cSo dove stiamo andando, e so che non abbiamo ancora finito\u201d.<\/p>\n<p>\t\t\t<a class=\"c-inline-card j-inline-card c-inline-card--with-image\" href=\"https:\/\/tg24.sky.it\/spettacolo\/2026\/03\/12\/kylie-jenner-timothee-chalamet\" rel=\"follow nofollow noopener\" data-intcmp=\"skytg24_articolo_approfondimenti_inline\" target=\"_blank\"><\/p>\n<p>\t\t\t         <img decoding=\"async\" crossorigin=\"anonymous\" alt=\"\" src=\"https:\/\/www.europesays.com\/it\/wp-content\/uploads\/2026\/03\/kylie-jenner-getty.jpg\"  loading=\"lazy\"  bad-src=\"https:\/\/www.europesays.com\/it\/wp-content\/uploads\/2026\/03\/kylie-jenner-getty.jpg\"\/><\/p>\n<p>\n\t\t\t         Approfondimento<br \/>\n\t\t\t         Kylie Jenner parla di Chalamet. Nel futuro? Altri figli e il cinema\n\t\t\t      <\/p>\n<p>\t\t\t<\/a><\/p>\n<p>\t\t \tIL TALENTO DI TIMOTH\u00c9E CHALAMET<\/p>\n<p>Nato il 27 dicembre 1995 a New York, Timoth\u00e9e Chalamet \u00e8 uno dei migliori attori della sua generazione. Dopo essere stato notato dalla critica per la performance nel film Lady Bird (2017) di Greta Gerwig, ha ricevuto il riconoscimento internazionale grazie all&#8217;interpretazione di Elio Perlman nel film Chiamami col tuo nome (2017) di Luca Guadagnino, per il quale ha ricevuto la prima candidatura al Premio Oscar come Miglior attore protagonista all\u2019et\u00e0 di soli 22 anni. Ha poi collaborato con Woody Allen nella pellicola Un giorno di pioggia a New York\u00a0(2019) e ancora una volta con Greta Gerwig nel film Piccole donne (2019). Ancora, ha interpretato il ruolo di Paul Atreides negli acclamati film Dune (2021) e Dune \u2013 Parte due (2024) di Denis Villeneuve, di Willy Wonka nel film musicale Wonka (2023) e di Bob Dylan nel biopic A Complete Unknown (2024), per il quale ha ottenuto la seconda candidatura al Premio Oscar come Miglior attore protagonista. Per il successivo film <a data-intcmp=\"skytg24_foglia articolo_interlink_text\" href=\"https:\/\/tg24.sky.it\/spettacolo\/cinema\/video\/2025\/11\/11\/trailer-marty-supreme-film-1051053\" target=\"_self\" rel=\"nofollow noopener\">Marty Supreme<\/a> (2025), dove ha interpretato Marty Mauser, ha invece vinto il Golden Globe come Miglior attore in un film commedia o musicale, il Critics Choice Award come Miglior attore e ha ricevuto una candidatura al Premio Oscar come Miglior attore protagonista.<\/p>\n<p>\t\t\t<a class=\"c-inline-card j-inline-card c-inline-card--with-image\" href=\"https:\/\/tg24.sky.it\/spettacolo\/2026\/03\/12\/andrea-bocelli-timothee-chalamet-opera-polemica\" rel=\"follow nofollow noopener\" data-intcmp=\"skytg24_articolo_approfondimenti_inline\" target=\"_blank\"><\/p>\n<p>\t\t\t         <img decoding=\"async\" crossorigin=\"anonymous\" alt=\"\" src=\"https:\/\/www.europesays.com\/it\/wp-content\/uploads\/2026\/03\/1773762975_519_andrea-bocelli-timothee-chalamet-getty.jpg\"  loading=\"lazy\"  bad-src=\"https:\/\/www.europesays.com\/it\/wp-content\/uploads\/2026\/03\/1773762975_519_andrea-bocelli-timothee-chalamet-getty.jpg\"\/><\/p>\n<p>\n\t\t\t         Approfondimento<br \/>\n\t\t\t         Andrea Bocelli risponde a Timothee Chalamet su opera e balletto\n\t\t\t      <\/p>\n<p>\t\t\t<\/a><\/p>\n","protected":false},"excerpt":{"rendered":"Timoth\u00e9e Chalamet ha svelato in una story Instagram la prima immagine del film Dune: Parte tre, basato sul&hellip;\n","protected":false},"author":3,"featured_media":400177,"comment_status":"","ping_status":"","sticky":false,"template":"","format":"standard","meta":{"footnotes":"","_share_on_mastodon":"0"},"categories":[1442],"tags":[37979,203,454,228,204,1537,90,89,1521,31375],"class_list":["post-400176","post","type-post","status-publish","format-standard","has-post-thumbnail","category-film","tag-dune","tag-entertainment","tag-film","tag-foto","tag-intrattenimento","tag-it","tag-italia","tag-italy","tag-movies","tag-timothee-chalamet"],"share_on_mastodon":{"url":"https:\/\/pubeurope.com\/@it\/116245337731883712","error":""},"_links":{"self":[{"href":"https:\/\/www.europesays.com\/it\/wp-json\/wp\/v2\/posts\/400176","targetHints":{"allow":["GET"]}}],"collection":[{"href":"https:\/\/www.europesays.com\/it\/wp-json\/wp\/v2\/posts"}],"about":[{"href":"https:\/\/www.europesays.com\/it\/wp-json\/wp\/v2\/types\/post"}],"author":[{"embeddable":true,"href":"https:\/\/www.europesays.com\/it\/wp-json\/wp\/v2\/users\/3"}],"replies":[{"embeddable":true,"href":"https:\/\/www.europesays.com\/it\/wp-json\/wp\/v2\/comments?post=400176"}],"version-history":[{"count":0,"href":"https:\/\/www.europesays.com\/it\/wp-json\/wp\/v2\/posts\/400176\/revisions"}],"wp:featuredmedia":[{"embeddable":true,"href":"https:\/\/www.europesays.com\/it\/wp-json\/wp\/v2\/media\/400177"}],"wp:attachment":[{"href":"https:\/\/www.europesays.com\/it\/wp-json\/wp\/v2\/media?parent=400176"}],"wp:term":[{"taxonomy":"category","embeddable":true,"href":"https:\/\/www.europesays.com\/it\/wp-json\/wp\/v2\/categories?post=400176"},{"taxonomy":"post_tag","embeddable":true,"href":"https:\/\/www.europesays.com\/it\/wp-json\/wp\/v2\/tags?post=400176"}],"curies":[{"name":"wp","href":"https:\/\/api.w.org\/{rel}","templated":true}]}}