{"id":400263,"date":"2026-03-17T17:07:12","date_gmt":"2026-03-17T17:07:12","guid":{"rendered":"https:\/\/www.europesays.com\/it\/400263\/"},"modified":"2026-03-17T17:07:12","modified_gmt":"2026-03-17T17:07:12","slug":"il-monferrato-da-trino-alla-valcerrina-passa-la-milano-torino","status":"publish","type":"post","link":"https:\/\/www.europesays.com\/it\/400263\/","title":{"rendered":"Il Monferrato > Da Trino alla Valcerrina: passa la Milano-Torino"},"content":{"rendered":"<p>            Articolo \u00bb<\/p>\n<p>\n                    Mercoled\u00ec 18 marzo<br \/>\n                    Transiter\u00e0 dalle ore 13,30 alle 14,20                <\/p>\n<p>                    <img decoding=\"async\" src=\"https:\/\/www.europesays.com\/it\/wp-content\/uploads\/2026\/03\/r_810x810_screenshot 2026-03-16 alle 17.38.43.png\" alt=\"\" class=\"img-responsive\"\/><\/p>\n<p>di r.m.<\/p>\n<p>Mercoled\u00ec 18 marzo si corre la Milano-Torino. I ciclisti partiranno da Rho e arriveranno a Superga.\u00a0Una delle pi\u00f9 antiche gare su due ruote del mondo transiter\u00e0 anche in Monferrato. La partenza sar\u00e0 alle ore 11,40 mentre il traguardo \u00e8 previsto alle ore 16. \u00a0<\/p>\n<p>Arriver\u00e0 sul nostro territorio toccando Tricerro, Trino, e poi, attraversando il ponte sul Po, si trasferir\u00e0 in Valcerrina passando da Castagnone, Cerrina, Murisengo, Brozolo, Cavagnolo, puntando poi verso la collina torinese.<\/p>\n<p>Per quanto riguarda l\u2019ora di passaggio dipende dalla media della corsa: a Trino \u00e8 previsto dalle ore 13,30 alle 13,40; a Murisengo dalle ore 14,10 alle 14,20.\u00a0<\/p>\n<p>Nel 2024 la corsa \u00e8 stata vinta da Alberto Bettiol mentre l\u2019anno scorso ha tagliato per primo il traguardo Isaac Del Toro.<\/p>\n","protected":false},"excerpt":{"rendered":"Articolo \u00bb Mercoled\u00ec 18 marzo Transiter\u00e0 dalle ore 13,30 alle 14,20 di r.m. Mercoled\u00ec 18 marzo si corre&hellip;\n","protected":false},"author":3,"featured_media":400264,"comment_status":"","ping_status":"","sticky":false,"template":"","format":"standard","meta":{"footnotes":"","_share_on_mastodon":"0"},"categories":[1456],"tags":[13444,13445,1824,1825,4820,13443,7889,1537,90,89,245,244],"class_list":["post-400263","post","type-post","status-publish","format-standard","has-post-thumbnail","category-ciclismo","tag-bisettimanale","tag-casale-monferrato","tag-ciclismo","tag-cycling","tag-giornale","tag-il-monferrato","tag-informazione","tag-it","tag-italia","tag-italy","tag-sport","tag-sports"],"share_on_mastodon":{"url":"https:\/\/pubeurope.com\/@it\/116245616801553781","error":""},"_links":{"self":[{"href":"https:\/\/www.europesays.com\/it\/wp-json\/wp\/v2\/posts\/400263","targetHints":{"allow":["GET"]}}],"collection":[{"href":"https:\/\/www.europesays.com\/it\/wp-json\/wp\/v2\/posts"}],"about":[{"href":"https:\/\/www.europesays.com\/it\/wp-json\/wp\/v2\/types\/post"}],"author":[{"embeddable":true,"href":"https:\/\/www.europesays.com\/it\/wp-json\/wp\/v2\/users\/3"}],"replies":[{"embeddable":true,"href":"https:\/\/www.europesays.com\/it\/wp-json\/wp\/v2\/comments?post=400263"}],"version-history":[{"count":0,"href":"https:\/\/www.europesays.com\/it\/wp-json\/wp\/v2\/posts\/400263\/revisions"}],"wp:featuredmedia":[{"embeddable":true,"href":"https:\/\/www.europesays.com\/it\/wp-json\/wp\/v2\/media\/400264"}],"wp:attachment":[{"href":"https:\/\/www.europesays.com\/it\/wp-json\/wp\/v2\/media?parent=400263"}],"wp:term":[{"taxonomy":"category","embeddable":true,"href":"https:\/\/www.europesays.com\/it\/wp-json\/wp\/v2\/categories?post=400263"},{"taxonomy":"post_tag","embeddable":true,"href":"https:\/\/www.europesays.com\/it\/wp-json\/wp\/v2\/tags?post=400263"}],"curies":[{"name":"wp","href":"https:\/\/api.w.org\/{rel}","templated":true}]}}