{"id":400726,"date":"2026-03-17T23:22:11","date_gmt":"2026-03-17T23:22:11","guid":{"rendered":"https:\/\/www.europesays.com\/it\/400726\/"},"modified":"2026-03-17T23:22:11","modified_gmt":"2026-03-17T23:22:11","slug":"scandicci-difende-il-3-0-contro-il-fenerbahce-in-palio-la-final-four","status":"publish","type":"post","link":"https:\/\/www.europesays.com\/it\/400726\/","title":{"rendered":"Scandicci difende il 3-0 contro il Fenerbahce. In palio la final four!"},"content":{"rendered":"<p data-start=\"0\" data-end=\"357\">La <strong data-start=\"3\" data-end=\"32\">Savino Del Bene Scandicci<\/strong> \u00e8 attesa da una delle trasferte pi\u00f9 delicate della stagione: <strong data-start=\"94\" data-end=\"153\">gioved\u00ec 19 marzo alle ore 17.00 locali (15.00 italiane)<\/strong> le toscane scenderanno in campo al <strong data-start=\"189\" data-end=\"233\">Burhan Felek Voleybol Salonu di Istanbul<\/strong> per la gara di ritorno dei quarti di finale di <strong data-start=\"281\" data-end=\"311\">Champions League femminile<\/strong> contro il <strong data-start=\"322\" data-end=\"354\">Fenerbah\u00e7e Medicana Istanbul<\/strong>.<\/p>\n<p data-start=\"359\" data-end=\"859\">La squadra di <strong data-start=\"373\" data-end=\"390\">Marco Gaspari<\/strong> parte da una posizione di vantaggio dopo il <strong data-start=\"435\" data-end=\"475\">3-0 ottenuto all\u2019andata al PalaWanny<\/strong>, ma la qualificazione alle Final Four \u00e8 ancora tutta da conquistare. Il regolamento \u00e8 chiaro: a Scandicci <strong data-start=\"582\" data-end=\"609\">baster\u00e0 vincere due set<\/strong> per chiudere la serie, mentre una sconfitta per <strong data-start=\"658\" data-end=\"671\">3-0 o 3-1<\/strong> porterebbe al <strong data-start=\"686\" data-end=\"700\">golden set<\/strong> di spareggio. In un palazzetto tradizionalmente caldo e contro una squadra ricca di talento internazionale, servir\u00e0 quindi una prestazione di grande solidit\u00e0.<\/p>\n<p data-start=\"861\" data-end=\"1488\">La gara di Firenze ha mostrato come Scandicci possa mettere in difficolt\u00e0 il Fenerbah\u00e7e soprattutto quando riesce a imporre <strong data-start=\"985\" data-end=\"1047\">aggressivit\u00e0 al servizio e qualit\u00e0 nel sistema muro-difesa<\/strong>. I numeri del match di andata parlano chiaro: le toscane hanno realizzato <strong data-start=\"1122\" data-end=\"1143\">11 ace di squadra<\/strong>, con una prova straordinaria di <strong data-start=\"1176\" data-end=\"1199\">Ekaterina Antropova<\/strong>, autrice di <strong data-start=\"1212\" data-end=\"1236\">25 punti e ben 6 ace<\/strong>, vera protagonista della sfida. Accanto a lei hanno inciso anche <strong data-start=\"1302\" data-end=\"1332\">Camilla Weitzel (12 punti)<\/strong> e le bande <strong data-start=\"1344\" data-end=\"1365\">Skinner e Bosetti<\/strong>, entrambe in doppia cifra, segno di un attacco ben distribuito e capace di trovare soluzioni in diversi momenti del match.<\/p>\n<p data-start=\"1490\" data-end=\"1979\">Il Fenerbah\u00e7e, per\u00f2, ha dimostrato di avere armi importanti soprattutto con <strong data-start=\"1566\" data-end=\"1595\">Melissa Vargas (23 punti)<\/strong> e <strong data-start=\"1598\" data-end=\"1625\">Arina Fedorovtseva (15)<\/strong>. Nella gara di ritorno la formazione turca cercher\u00e0 inevitabilmente di aumentare la pressione al servizio e di coinvolgere maggiormente il proprio sistema offensivo, affidato alla regia di <strong data-start=\"1815\" data-end=\"1831\">Alessia Orro<\/strong>. All\u2019andata le giallobl\u00f9 di Istanbul hanno pagato soprattutto qualche difficolt\u00e0 in ricezione e una minore incisivit\u00e0 nei momenti decisivi dei set.<\/p>\n<p data-start=\"1981\" data-end=\"2441\">Per Scandicci sar\u00e0 importante anche la gestione delle energie dopo la <strong data-start=\"2051\" data-end=\"2087\">gara 1 delle semifinali scudetto<\/strong>, disputata sabato scorso e persa in casa contro Milano. In quella partita le toscane sono state sconfitte <strong data-start=\"2194\" data-end=\"2201\">3-0<\/strong>, faticando soprattutto nella fase offensiva e nel cambio palla, mentre le lombarde hanno mostrato grande efficacia soprattutto dopo ricezione positiva, chiudendo con percentuali offensive molto alte.<\/p>\n<p data-start=\"2443\" data-end=\"2833\">Il confronto con Milano ha evidenziato come, nei momenti di maggiore pressione, Scandicci possa andare in difficolt\u00e0 se l\u2019attacco perde fluidit\u00e0. In Champions League, invece, la squadra di Gaspari dovr\u00e0 ritrovare la <strong data-start=\"2659\" data-end=\"2703\">continuit\u00e0 offensiva mostrata all\u2019andata<\/strong>, oltre alla capacit\u00e0 di incidere con il servizio, fondamentale che a Firenze aveva creato numerosi problemi alla ricezione turca. La chiave della partita potrebbe essere proprio l\u2019equilibrio tra <strong data-start=\"2900\" data-end=\"2948\">aggressivit\u00e0 e gestione dei momenti delicati<\/strong>. Il Fenerbah\u00e7e prover\u00e0 a partire forte per riaprire immediatamente la serie, mentre Scandicci dovr\u00e0 evitare cali di concentrazione e sfruttare ogni occasione per avvicinarsi ai due set necessari per la qualificazione.<\/p>\n<p><strong>Il club turco \u00e8 allenato dal coach italiano Marcello Abbondanza.<\/strong> L\u2019alzatrice titolare \u00e8 <strong data-start=\"195\" data-end=\"211\">Alessia Orro<\/strong>, <strong data-start=\"213\" data-end=\"248\">campionessa olimpica e mondiale<\/strong>, 27 anni, arrivata in estate e ora alle prese con un problema fisico che potrebbe costringerla a saltare la partita di oggi. Al suo posto potrebbe giocare la turca <strong data-start=\"413\" data-end=\"431\">Areiya Karasoy<\/strong>, 29enne, approdata lo scorso anno in Turchia proveniente dal <strong data-start=\"493\" data-end=\"527\">Neptunes de Nantes Volley-ball<\/strong> in Francia. C\u2019\u00e8 anche una terza palleggiatrice, <strong data-start=\"576\" data-end=\"591\">Beril Coban<\/strong>, 20 anni, lo scorso anno in forza all\u2019<strong data-start=\"630\" data-end=\"665\">\u0130ba Kimya TED Ankara Kolejliler<\/strong>.\u00a0L\u2019opposta titolare \u00e8 la star del volley turco, l\u2019ex cubana <strong data-start=\"727\" data-end=\"745\">Melissa Vargas<\/strong>, all\u2019ottava stagione con la maglia del Fenerbahce. Al suo fianco in panchina c\u2019\u00e8 la 29enne <strong data-start=\"837\" data-end=\"862\">Yaasmeen Bedart-Ghani<\/strong>, una passata esperienza anche a Roma, giramondo del volley e proveniente dalla squadra professionistica statunitense <strong data-start=\"980\" data-end=\"998\">San Diego Mojo<\/strong>.<\/p>\n<p data-start=\"1001\" data-end=\"1790\">In banda, le titolari sono due stelle di valore mondiale: la turca <strong data-start=\"1068\" data-end=\"1085\">Hande Baladin<\/strong>, 28 anni, approdata lo scorso anno dall\u2019<strong data-start=\"1126\" data-end=\"1148\">Eczac\u0131ba\u015f\u0131 Dynavit<\/strong>, e la russa <strong data-start=\"1161\" data-end=\"1182\">Anna Fedorovtseva<\/strong>, 21 anni, specialista del servizio e alla sua quinta stagione al Fener, reduce anche da una breve parentesi in Cina con lo <strong data-start=\"1306\" data-end=\"1331\">Shanghai Bright Ubest<\/strong>. In rosa c\u2019\u00e8 anche una certa <strong data-start=\"1361\" data-end=\"1377\">Ana Cristina<\/strong>, astro nascente del volley brasiliano, ma la schiacciatrice \u00e8 ormai da tempo alle prese con un serio problema fisico. In panchina compaiono anche la serba <strong data-start=\"1533\" data-end=\"1554\">Bojana Milenkovic<\/strong> (classe 1997, ex Scandicci, arrivata quest\u2019anno dal <strong data-start=\"1607\" data-end=\"1636\">Nil\u00fcfer Belediyespor Eker<\/strong>) e la giovane turca <strong data-start=\"1657\" data-end=\"1675\">Liza Safronova<\/strong>, 19 anni, prodotto del vivaio del Vakifbank e prelevata lo scorso anno dal <strong data-start=\"1751\" data-end=\"1789\">Nermin Han\u0131m Zeytinli\u011fi Havran Bld<\/strong>.<\/p>\n<p data-start=\"1792\" data-end=\"2318\">Al centro agisce la nazionale polacca <strong data-start=\"1830\" data-end=\"1852\">Agnieszka Korneluk<\/strong>, 31 anni, ex Casalmaggiore e Scandicci, approdata in estate dal <strong data-start=\"1917\" data-end=\"1942\">KS DevelopRes Rzesz\u00f3w<\/strong>, insieme alla bandiera del club, la turca <strong data-start=\"1985\" data-end=\"1998\">Eda Erdem<\/strong>, 38 anni, icona con <strong data-start=\"2019\" data-end=\"2034\">17 stagioni<\/strong> consecutive al Fenerbahce, anche lei per\u00f2 non al meglio fisicamente. In caso di forfait potrebbe giocare <strong data-start=\"2140\" data-end=\"2154\">Asli Kalac<\/strong>, 30 anni, al quarto anno al Fener e nel giro della Nazionale. A completare il reparto c\u2019\u00e8 <strong data-start=\"2245\" data-end=\"2260\">Fatma Beyaz<\/strong>, 30 anni, arrivata in estate dallo <strong data-start=\"2296\" data-end=\"2317\">Zeren Spor Kul\u00fcb\u00fc<\/strong>.\u00a0Il libero \u00e8 il \u201cministro della difesa\u201d <strong data-start=\"2359\" data-end=\"2380\">Hatice Gizem \u00d6rge<\/strong>, 32 anni, pedina fondamentale arrivata cinque stagioni fa dal Vakifbank. In panchina la giovane <strong data-start=\"2477\" data-end=\"2494\">Helin Kay\u0131k\u00e7\u0131<\/strong>, 20 anni, ingaggiata in estate dall\u2019<strong data-start=\"2531\" data-end=\"2551\">Alpet Zeren Spor<\/strong>.<\/p>\n","protected":false},"excerpt":{"rendered":"La Savino Del Bene Scandicci \u00e8 attesa da una delle trasferte pi\u00f9 delicate della stagione: gioved\u00ec 19 marzo&hellip;\n","protected":false},"author":3,"featured_media":400727,"comment_status":"","ping_status":"","sticky":false,"template":"","format":"standard","meta":{"footnotes":"","_share_on_mastodon":"0"},"categories":[1474],"tags":[6678,98869,106173,98871,193199,13305,1537,90,89,13308,98887,98894,79592,245,244,1869],"class_list":["post-400726","post","type-post","status-publish","format-standard","has-post-thumbnail","category-volley","tag-avery-skinner","tag-brenda-castillo","tag-camilla-weitzel","tag-caterina-bosetti","tag-champions-league-volley-femminile-2025-2026","tag-ekaterina-antropova","tag-it","tag-italia","tag-italy","tag-linda-nwakalor","tag-maja-ognjenovic","tag-sarah-franklin","tag-savino-del-bene-scandicci","tag-sport","tag-sports","tag-volley"],"share_on_mastodon":{"url":"https:\/\/pubeurope.com\/@it\/116247091258445937","error":""},"_links":{"self":[{"href":"https:\/\/www.europesays.com\/it\/wp-json\/wp\/v2\/posts\/400726","targetHints":{"allow":["GET"]}}],"collection":[{"href":"https:\/\/www.europesays.com\/it\/wp-json\/wp\/v2\/posts"}],"about":[{"href":"https:\/\/www.europesays.com\/it\/wp-json\/wp\/v2\/types\/post"}],"author":[{"embeddable":true,"href":"https:\/\/www.europesays.com\/it\/wp-json\/wp\/v2\/users\/3"}],"replies":[{"embeddable":true,"href":"https:\/\/www.europesays.com\/it\/wp-json\/wp\/v2\/comments?post=400726"}],"version-history":[{"count":0,"href":"https:\/\/www.europesays.com\/it\/wp-json\/wp\/v2\/posts\/400726\/revisions"}],"wp:featuredmedia":[{"embeddable":true,"href":"https:\/\/www.europesays.com\/it\/wp-json\/wp\/v2\/media\/400727"}],"wp:attachment":[{"href":"https:\/\/www.europesays.com\/it\/wp-json\/wp\/v2\/media?parent=400726"}],"wp:term":[{"taxonomy":"category","embeddable":true,"href":"https:\/\/www.europesays.com\/it\/wp-json\/wp\/v2\/categories?post=400726"},{"taxonomy":"post_tag","embeddable":true,"href":"https:\/\/www.europesays.com\/it\/wp-json\/wp\/v2\/tags?post=400726"}],"curies":[{"name":"wp","href":"https:\/\/api.w.org\/{rel}","templated":true}]}}