{"id":400996,"date":"2026-03-18T03:59:17","date_gmt":"2026-03-18T03:59:17","guid":{"rendered":"https:\/\/www.europesays.com\/it\/400996\/"},"modified":"2026-03-18T03:59:17","modified_gmt":"2026-03-18T03:59:17","slug":"scappa-allestero-qui-piace-solo-il-cinema-di-allegri","status":"publish","type":"post","link":"https:\/\/www.europesays.com\/it\/400996\/","title":{"rendered":"\u00a0scappa all\u2019estero. Qui piace solo il cinema di\u00a0Allegri\u201d"},"content":{"rendered":"<p>Milano \u2013\u00a0Tra provocazioni e nuove sfide, <strong>Antonio Cassano<\/strong> ha il grande merito di restare sempre sempre se stesso. Mai banale e senza mezze misure. \u00c8 cos\u00ec l\u2019ex Giamburrasca del pallone, prendere o lasciare. \u00c8 certo una maschera, ma non di se stesso. Un\u2019antropologia umana sempre pi\u00f9 rara, ma affascinante. Uno di quei personaggi che non si nascondono. Si mostrano felici per quello che sono. Riconoscono i propri errori e non li rinnegano, semmai ne ridono. Dietro la scorza irruente, Antonio da Barivecchia parla senza ipocrisie o trasformismi prima, durante e dopo <strong>Viva El Futbol<\/strong>, un \u201chappening\u201c pi\u00f9 che uno spettacolo teatrale (il format che spopola su YouTube e Twitch), diventando il protagonista della serata milanese <strong>al fianco di Lele Adani e <a rel=\"follow nofollow noopener\" href=\"https:\/\/www.ilgiorno.it\/sport\/viva-el-futbol-parla-ventola-5b72b2c7\" target=\"_blank\">Nicola Ventola<\/a><\/strong> (sotto la regia di Corrado Tedeschi). Ne ha per tutti e distribuisce sentenze. E nel suo mirino finiscono in tanti: Allegri, Leao, CR7, Inzaghi, arbitri, varisti, giornalisti e i dirigenti del Palazzo. Si salvano in pochi. L\u2019idolo Messi, i neofiti della panchina Fabregas, Chivu e De Rossi, persino il \u201cnemico\u201c (nel senso di \u201cnon pi\u00f9 amico\u201c) <strong>Bobo Vieri<\/strong> \u201cche resta in centravanti italiano pi\u00f9 forte di sempre ma al di sotto di Ronaldo il Fenomeno, il pi\u00f9 grande di tutti\u201d.<\/p>\n<p> <img alt=\"Antonio Cassano, Lele Adani e Nicola Ventola\" loading=\"lazy\" width=\"1600\" height=\"900\" decoding=\"async\" data-nimg=\"1\" style=\"color:transparent;max-width:100%;height:auto\"   src=\"https:\/\/www.europesays.com\/it\/wp-content\/uploads\/2026\/03\/antonio-cassano-lele-adani-e-nicola-ventola.webp.webp\"\/><\/p>\n<p>Antonio Cassano, Lele Adani e Nicola Ventola<\/p>\n<p> <strong>Partiamo dall\u2019attualit\u00e0 Antonio. L\u2019Inter ha le mani sullo scudetto?<\/strong><\/p>\n<p> \u201cDiciamo che pu\u00f2 perderlo se riprendono Inzaghi\u201d.<\/p>\n<p> <strong>Cominciamo bene\u2026<\/strong><\/p>\n<p>\u201cDai, \u00e8 evidente, in quattro anni lui ne ha vinto solo uno. L\u2019Inter \u00e8 ancora la pi\u00f9 forte e trionfer\u00e0 in campionato, non si pu\u00f2 giudicare da una partita. Il Milan si \u00e8 ritrovato l\u00ec per un miracolo di non so chi, ha vinto tante gare giocando in modo indegno. A Cremona ha segnato al 90\u2019 di faccia, col Como doveva prendere sei gol e ha portato a casa tre punti, e poi il derby d\u2019andata&#8230; Ce ne son mille. Come fa l&#8217;Inter a perdere lo scudetto?\u201d.<\/p>\n<p>Approfondisci:<\/p>\n<p><a href=\"https:\/\/www.ilgiorno.it\/milano\/sport\/inter\/50-anni-chino-recoba-mancino-ktyr95r1\" class=\"ArticleEmbed_article__embed__content__Jzqnz\" rel=\"nofollow noopener\" target=\"_blank\">I 50 anni del Chino Recoba: il suo mancino fatato streg\u00f2 l\u2019Inter, ora allena in Venezuela<img alt=\"I 50 anni del Chino Recoba: il suo mancino fatato streg\u00f2 l\u2019Inter, ora allena in Venezuela\" loading=\"lazy\" width=\"140\" height=\"78\" decoding=\"async\" data-nimg=\"1\" style=\"color:transparent\"  src=\"https:\/\/www.europesays.com\/it\/wp-content\/uploads\/2026\/03\/alvaro-recoba-giocatore-dell-inter-dal-1997-al-2007.webp.webp\"\/><\/a> <\/p>\n<p> <strong>Chivu ti ha convinto?<\/strong><\/p>\n<p>\u201cMolto. \u00c8\u00a0arrivato con appena tredici partite al Parma, allenava da un quarto d\u2019ora e ha fatto un grande lavoro con tanti giocatori nella fase calante e in scadenza, che venivano da una batosta tremenda. Ha continuato a giocare pi\u00f9 o meno come l\u2019anno scorso nel Mondiale per club, senza fare la preparazione. Cristian \u00e8 un allenatore fantastico ma soprattutto una persona di altissimo livello. E questo vale anche per Fabregas, gliel\u2019ho detto domenica a Como: in Italia ci sono tanti addetti ai lavori invidiosi e incompetenti, non meritano gente come Cesc. Gli ho consigliato di scappare all\u2019estero, qui da noi piacciono solo Allegri e Mourinho, gente che fa cinema\u201d.<\/p>\n<p> <img alt=\"Antonio Cassano alla Roma (2005)\" loading=\"lazy\" width=\"1575\" height=\"2362\" decoding=\"async\" data-nimg=\"1\" style=\"color:transparent;max-width:100%;height:auto\"   src=\"https:\/\/www.europesays.com\/it\/wp-content\/uploads\/2026\/03\/antonio-cassano-alla-roma-2005.webp.webp\"\/><\/p>\n<p>Antonio Cassano alla Roma (2005)<\/p>\n<p> <strong>Intanto il campionato \u00e8 sempre pi\u00f9 avvelenato da polemiche sospetti\u2026<\/strong><\/p>\n<p>\u201cLo dico da cinque anni, bisogna eliminare il Var, non serve a niente, \u00e8 inutile. Io voglio che in campo ci sia solo l\u2019arbitro: se \u00e8 buono bene, se sbaglia giusto farlo stare tre giornate a casa, altrimenti non se ne viene fuori. Il rigore su Frattesi \u00e8 clamoroso: sbaglia l\u2019arbitro e l\u00ec ci pu\u00f2 stare, non sei all\u2019altezza; ma quelli al Var cosa fanno? Poi qualcuno pensa in negativo, alla malafede. Magari ci sono arbitri scarsi, di certo non vengono aiutati dal Var\u201d.<\/p>\n<p> <strong>Insomma, c\u2019\u00e8 tanto da cambiare\u2026<\/strong><\/p>\n<p>\u201cResto dell\u2019idea che ai vertici del nostro calcio ci vorrebbe gente diversa. Metterei subito Maldini per dare una bella ripulita. \u00c8 una icona, sa di cosa parla e soprattutto \u00e8 una persona libera e senza padroni, come me\u201d.<\/p>\n<p> <strong>Torniamo in campo. Pio Esposito \u00e8 il futuro della nazionale?<\/strong><\/p>\n<p>\u201cPiano, andiamoci piano. Parliamo di un giovane interessante, un bravo ragazzo. Facciamolo crescere ma senza mettergli la pressione addosso con paragoni come quello con Vieri\u201d.<\/p>\n<p> <img alt=\"Antonio Cassano al Milan\" loading=\"lazy\" width=\"2480\" height=\"2008\" decoding=\"async\" data-nimg=\"1\" style=\"color:transparent;max-width:100%;height:auto\"   src=\"https:\/\/www.europesays.com\/it\/wp-content\/uploads\/2026\/03\/antonio-cassano-al-milan.webp.webp\"\/><\/p>\n<p>Antonio Cassano al Milan<\/p>\n<p> <strong>Invece continui ad aspettare il miglior Leao\u2026<\/strong><\/p>\n<p>\u201cQui c\u2019\u00e8 poco da aspettare, sono sei anni che lo dico: adesso tutti si accorgono di cosa sia realmente Rafa. Fa due sgroppate sulla fascia, a volte va in fuorigioco da solo o incespica da solo, poi fa dieci gol. Ma se prendo Luis Diaz, che \u00e8 un esterno, e corre a tutta fascia, fra gol e assist \u00e8 a quota 35, Olise a 42. Di cosa parliamo? E gioca nel Bayern Monaco&#8230; Invece nel Milan, in un campionato farlocco, Leao fa una fatica immane. Ma nel mio Real Madrid non avrebbe giocato neppure in allenamento. E alla Roma c\u2019ero io con Totti, Batistuta e Montella. Forse poteva giocare nella mia Sampdoria, ma doveva rincorrere. Di sicuro mai nel mio Milan, con Ibra, Robinho, Pato e Inzaghi\u201d.<\/p>\n<p> <strong>Non sei un po\u2019 troppo severo col portoghese?<\/strong><\/p>\n<p>\u201cNo, giudico in base a quel che vedo. Siete voi giornalisti che lo fate sembrare forte\u201d.<\/p>\n<p> <strong>Nico Paz invece \u00e8 gi\u00e0 una splendida realt\u00e0, a proposito di numeri 10\u2026<\/strong><\/p>\n<p>\u201cGrande talento. Ma non rester\u00e0 in Italia, \u00e8 un calcio arretrato. Pu\u00f2 prenderlo solo l\u2019Inter, ma se poi non lo fanno giocare a briglia sciolta? La nostra filosofia \u00e8 difenderci bene, sperando che succeda qualcosa davanti. Quelli siamo, poi prendiamo gol da tutti, anche dalla Norvegia. Ma noi lo avevamo detto&#8230; (occhiolino ad Adani, ndr)\u201d.<\/p>\n<p> <img alt=\"Antonio Cassano all'Inter\" loading=\"lazy\" width=\"921\" height=\"1300\" decoding=\"async\" data-nimg=\"1\" style=\"color:transparent;max-width:100%;height:auto\"   src=\"https:\/\/www.europesays.com\/it\/wp-content\/uploads\/2026\/03\/antonio-cassano-all-inter.webp.webp\"\/><\/p>\n<p>Antonio Cassano all&#8217;Inter<\/p>\n<p> <strong>Ma ci sar\u00e0 qualcuno che in Italia ha vinto con un calcio moderno\u2026<\/strong><\/p>\n<p>\u201cSpalletti, meraviglioso. Anche Conte. E non dimentico l\u2019Europeo di Mancini. Ma l\u2019Italia di Prandelli del 2012 \u00e8 stata la Nazionale migliore, purtroppo beccammo in finale la Spagna, forse la pi\u00f9 forte della storia\u201d.<\/p>\n<p> <strong>Domenica scorsa hai visto Como-Roma\u2026<\/strong><\/p>\n<p>\u201cPurtroppo una delle due non andr\u00e0 in Champions, e mi dispiace. Como \u00e8 una citt\u00e0 meravigliosa, ma quello che Cesc ha creato \u00e8 unico. Un genio. Perch\u00e9 sta antipatico a colleghi e non solo? Per via dell\u2019invidia, la verit\u00e0 \u00e8 che lo vogliono tutti, perch\u00e9 \u00e8 bravo e fa giocare bene a calcio\u201d.<\/p>\n<p> <strong>La tua Roma invece?<\/strong><\/p>\n<p>\u201cNon ho mai visto una squadra allenata da Gasperini essere distrutta da un avversario come \u00e8 successo contro il Como. Eppure a gennaio hanno preso uno come Malen\u201d.<\/p>\n<p> <img alt=\"Antonio Cassano alla Sampdoria (2009)\" loading=\"lazy\" width=\"3000\" height=\"2147\" decoding=\"async\" data-nimg=\"1\" style=\"color:transparent;max-width:100%;height:auto\"   src=\"https:\/\/www.europesays.com\/it\/wp-content\/uploads\/2026\/03\/antonio-cassano-alla-sampdoria-2009.webp.webp\"\/><\/p>\n<p>Antonio Cassano alla Sampdoria (2009)<\/p>\n<p> <strong>A proposito: un colpo di mercato per la prossima estate?<\/strong><\/p>\n<p>\u201cLobotka, tutta la vita. Un giocatore fantastico. Lo consiglierei all\u2019Inter se davvero dovesse andare via Calhanoglu ma da quel che so anche la Juventus cercher\u00e0 un giocatore del genere\u201d.<\/p>\n<p> <strong>I migliori delle big. Partiamo dall\u2019Inter\u2026<\/strong><\/p>\n<p>\u201cLautaro Martinez\u201d.<\/p>\n<p> <strong>Milan?<\/strong><\/p>\n<p> \u201cNessun dubbio, Modric\u201d.<\/p>\n<p> <strong>Napoli?<\/strong><\/p>\n<p> \u201cDe Bruyne, peccato per l\u2019infortunio\u201d.<\/p>\n<p> <img alt=\"Antonio Cassano con Bobo Vieri\" loading=\"lazy\" width=\"1600\" height=\"900\" decoding=\"async\" data-nimg=\"1\" style=\"color:transparent;max-width:100%;height:auto\"   src=\"https:\/\/www.europesays.com\/it\/wp-content\/uploads\/2026\/03\/antonio-cassano-con-bobo-vieri.webp.webp\"\/><\/p>\n<p>Antonio Cassano con Bobo Vieri<\/p>\n<p> <strong>Juventus?<\/strong><\/p>\n<p> \u201cSpalletti\u201d.<\/p>\n<p> <strong>Ma no, un calciatore\u2026<\/strong><\/p>\n<p> \u201cCi penso&#8230; Bremer\u201d.<\/p>\n<p> <strong>Roma?<\/strong><\/p>\n<p> \u201cDybala, anche se \u00e8 a mezzo servizio. E poi aspetto il ritorno di Totti, ma non deve fare la sagoma\u201d.<\/p>\n<p> <img alt=\"Simone Perrotta, Alessandro Nesta, Christian Vieri, Christian Panucci, Gianluigi Buffon, Andrea Pirlo, Gennaro Gattuso, Alessandro Del Piero, Gianluca Zambrotta, Fabio Cannavaro e  Antonio Cassano con l'Italia a Euro 2004\" loading=\"lazy\" width=\"2048\" height=\"1370\" decoding=\"async\" data-nimg=\"1\" style=\"color:transparent;max-width:100%;height:auto\"   src=\"https:\/\/www.europesays.com\/it\/wp-content\/uploads\/2026\/03\/simone-perrotta-alessandro-nesta-christian-vieri-christian-panucci-gianluigi-buffon-andrea-pirlo-gen.webp\"\/><\/p>\n<p>Simone Perrotta, Alessandro Nesta, Christian Vieri, Christian Panucci, Gianluigi Buffon, Andrea Pirlo, Gennaro Gattuso, Alessandro Del Piero, Gianluca Zambrotta, Fabio Cannavaro e  Antonio Cassano con l&#8217;Italia a Euro 2004<\/p>\n<p> <strong>La sorpresa della stagione?<\/strong><\/p>\n<p> \u201cUn allenatore di cui sentiremo parlare, oltre a Fabregas: il mio amico De Rossi, un grande. Poi fra qualche anno mi direte\u201d.<\/p>\n<p> <strong>Fra Messi e Maradona chi sceglie?<\/strong><\/p>\n<p> \u201cA Napoli ho detto che per me Messi \u00e8 meglio di Diego. Ma siamo usciti tutti vivi dal teatro\u201d.<\/p>\n<p> <strong>La Nazionale andr\u00e0 ai Mondiali?<\/strong><\/p>\n<p> \u201cI punti di forza sono l\u2019allenatore e il portiere, perch\u00e9 Gigio \u00e8 l\u2019unico campione che abbiamo. Gattuso tirer\u00e0 fuori l\u2019anima dai giocatori, \u00e8 un guerriero. Ma temo la seconda partita in casa del Galles e i loro ritmi infernali\u201d.<\/p>\n<p>Approfondisci:<\/p>\n<p><a href=\"https:\/\/www.ilgiorno.it\/sport\/viva-el-futbol-parla-ventola-5b72b2c7\" class=\"ArticleEmbed_article__embed__content__Jzqnz\" rel=\"nofollow noopener\" target=\"_blank\">Nicola Ventola: \u201cAllegri l\u2019allenatore pi\u00f9 sopravvalutato, ma chi vince ha sempre ragione. Scudetto Inter, \u00e8 fatta\u201d<img alt=\"Nicola Ventola: \u201cAllegri l\u2019allenatore pi\u00f9 sopravvalutato, ma chi vince ha sempre ragione. Scudetto Inter, \u00e8 fatta\u201d\" loading=\"lazy\" width=\"140\" height=\"78\" decoding=\"async\" data-nimg=\"1\" style=\"color:transparent\"  src=\"https:\/\/www.europesays.com\/it\/wp-content\/uploads\/2026\/03\/1773806357_354_image.webp.webp\"\/><\/a> <\/p>\n<p> <strong>Ti manca il pallone?<\/strong><\/p>\n<p> \u201cMi basta parlarne a teatro con i miei fratelli <a rel=\"follow nofollow noopener\" href=\"https:\/\/www.ilgiorno.it\/sport\/viva-el-futbol-parla-ventola-5b72b2c7\" target=\"_blank\"><strong>Nicola<\/strong><\/a> e Lele. Ora mi diverto col padel. Gioco tanto e vorrei costruire un centro sportivo a Genova, il Comune mi ha dato le autorizzazioni ma gli inquilini dei palazzi hanno bloccato tutto. Non mollo&#8230;\u201d.<\/p>\n<p> <strong>I tuoi figli seguiranno le sue orme?<\/strong><\/p>\n<p> \u201cGiocano nell\u2019Entella, nel mio ruolo, in un ambiente sano. Voglio solo che si divertano\u201d.<\/p>\n<p> <strong>E Cassano cosa far\u00e0 da grande? Direttore sportivo o magari allenatore?<\/strong><\/p>\n<p> \u201cIl corso da ds l\u2019ho fatto, ma secondo te qualcuno vuole un pazzo scatenato come me?\u201d<\/p>\n","protected":false},"excerpt":{"rendered":"Milano \u2013\u00a0Tra provocazioni e nuove sfide, Antonio Cassano ha il grande merito di restare sempre sempre se stesso.&hellip;\n","protected":false},"author":3,"featured_media":400997,"comment_status":"","ping_status":"","sticky":false,"template":"","format":"standard","meta":{"footnotes":"","_share_on_mastodon":"0"},"categories":[1452],"tags":[3076,119,721,15706,12837,640,5427,4975,1740,3440,1537,90,1599,89,4958,27125,1739,245,244,28925],"class_list":["post-400996","post","type-post","status-publish","format-standard","has-post-thumbnail","category-calcio","tag-allegri","tag-antonio","tag-calcio","tag-cassano","tag-centravanti","tag-cinema","tag-estero","tag-fabregas","tag-football","tag-forte","tag-it","tag-italia","tag-italiano","tag-italy","tag-piace","tag-scappa","tag-soccer","tag-sport","tag-sports","tag-vieri"],"share_on_mastodon":{"url":"https:\/\/pubeurope.com\/@it\/116248180811481178","error":""},"_links":{"self":[{"href":"https:\/\/www.europesays.com\/it\/wp-json\/wp\/v2\/posts\/400996","targetHints":{"allow":["GET"]}}],"collection":[{"href":"https:\/\/www.europesays.com\/it\/wp-json\/wp\/v2\/posts"}],"about":[{"href":"https:\/\/www.europesays.com\/it\/wp-json\/wp\/v2\/types\/post"}],"author":[{"embeddable":true,"href":"https:\/\/www.europesays.com\/it\/wp-json\/wp\/v2\/users\/3"}],"replies":[{"embeddable":true,"href":"https:\/\/www.europesays.com\/it\/wp-json\/wp\/v2\/comments?post=400996"}],"version-history":[{"count":0,"href":"https:\/\/www.europesays.com\/it\/wp-json\/wp\/v2\/posts\/400996\/revisions"}],"wp:featuredmedia":[{"embeddable":true,"href":"https:\/\/www.europesays.com\/it\/wp-json\/wp\/v2\/media\/400997"}],"wp:attachment":[{"href":"https:\/\/www.europesays.com\/it\/wp-json\/wp\/v2\/media?parent=400996"}],"wp:term":[{"taxonomy":"category","embeddable":true,"href":"https:\/\/www.europesays.com\/it\/wp-json\/wp\/v2\/categories?post=400996"},{"taxonomy":"post_tag","embeddable":true,"href":"https:\/\/www.europesays.com\/it\/wp-json\/wp\/v2\/tags?post=400996"}],"curies":[{"name":"wp","href":"https:\/\/api.w.org\/{rel}","templated":true}]}}