{"id":401058,"date":"2026-03-18T05:06:12","date_gmt":"2026-03-18T05:06:12","guid":{"rendered":"https:\/\/www.europesays.com\/it\/401058\/"},"modified":"2026-03-18T05:06:12","modified_gmt":"2026-03-18T05:06:12","slug":"meteo-il-ritorno-della-neve-a-marzo-in-toscana-dove-cadranno-i-fiocchi-bianchi-e-ce-unallerta-vento","status":"publish","type":"post","link":"https:\/\/www.europesays.com\/it\/401058\/","title":{"rendered":"Meteo, il ritorno della neve a marzo in Toscana. Dove cadranno i fiocchi bianchi. E c\u2019\u00e8 un\u2019allerta vento"},"content":{"rendered":"<p>Firenze, 17 marzo 2026 \u2013 Primavera anticipata? \u00c8 ancora presto. <strong>Mercoled\u00ec 18 marzo<\/strong>, ci sar\u00e0 una vera e propria battuta d\u2019arresto e torner\u00e0 addirittura anche la <strong>neve<\/strong>. Dopo alcuni giorni dal sapore quasi primaverile, il tempo torna quindi a cambiare in Toscana. Un fronte freddo in arrivo sulla regione porter\u00e0 nelle prossime ore un calo delle temperature, <strong>venti forti <\/strong>e il ritorno di <strong>precipitazioni<\/strong>, soprattutto nelle zone appenniniche.<\/p>\n<p>Allerta gialla per vento <\/p>\n<p>La sala operativa della Protezione civile regionale ha emesso intanto un\u2019<strong>allerta di codice giallo<\/strong> per <strong>rischio vento<\/strong> valida <strong>dalle 9 di mercoled\u00ec 18 marzo fino a mezzanotte<\/strong>. Il peggioramento \u00e8 legato all\u2019arrivo di una massa d\u2019aria pi\u00f9 fredda che attraverser\u00e0 la Toscana, in particolare il centro della regione,\u00a0accompagnata da venti sostenuti e precipitazioni deboli.<\/p>\n<p> <img alt=\"Allerta di codice giallo per rischio vento dalle 9 di domani, mercoled\u00ec 18 marzo, fino alla mezzanotte. Ecco le zone interessate\" loading=\"lazy\" width=\"1600\" height=\"900\" decoding=\"async\" data-nimg=\"1\" style=\"color:transparent;max-width:100%;height:auto\"   src=\"https:\/\/www.europesays.com\/it\/wp-content\/uploads\/2026\/03\/allerta-di-codice-giallo-per-rischio-vento-dalle-9-di-domani-mercoledi-18-marzo-fino-alla-mezzanotte.webp\"\/><\/p>\n<p>Allerta di codice giallo per rischio vento dalle 9 di domani, mercoled\u00ec 18 marzo, fino alla mezzanotte. Ecco le zone interessate<\/p>\n<p>Gi\u00e0 nella\u00a0giornata di <strong>marted\u00ec 17 marzo<\/strong>, \u00e8 previsto un rinforzo dei <strong>venti di grecale<\/strong>, con raffiche che potranno raggiungere i 40-50 km\/h in pianura e i 50-60 km\/h sui rilievi centro-meridionali e sulla costa.<\/p>\n<p><strong>Mercoled\u00ec 18 marzo<\/strong>, il <strong>vento aumenter\u00e0<\/strong> ulteriormente <strong>di intensit\u00e0<\/strong>: sono attese correnti da nord-est con raffiche fino a 50-70 km\/h nelle zone di pianura, 60-80 km\/h in collina e fino a 80-100 km\/h in montagna.<\/p>\n<p>Le province interessate dai fenomeni sono quelle di Firenze, Grosseto, Livorno, Lucca, Pisa, Pistoia, Prato e Siena.<\/p>\n<p>Le previsioni del 18 marzo: dove cadr\u00e0 la neve <\/p>\n<p>Secondo le previsioni del <a rel=\"nofollow noopener\" href=\"https:\/\/www.lamma.toscana.it\/meteo\/previsioni\" target=\"_blank\"><strong>Consorzio Lamma Meteo<\/strong><\/a>, la giornata di <strong>mercoled\u00ec 18 marzo<\/strong>\u00a0inizier\u00e0 con cieli nuvolosi su gran parte della regione, con addensamenti pi\u00f9 consistenti sulle zone centro-meridionali e soprattutto sulla zona appenninica, in particolare\u00a0a ridosso dell&#8217;Appennino orientale.\u00a0<\/p>\n<p>Proprio lungo la <strong>dorsale appenninica<\/strong> \u00e8 previsto infatti il <strong>ritorno della neve<\/strong>: ci saranno\u00a0fiocchi bianchi\u00a0<strong>oltre gli 800-1000 metri di quota<\/strong>.\u00a0Le nevicate saranno comunque deboli.<\/p>\n<p>Nel corso del pomeriggio il cielo rester\u00e0 nuvoloso con precipitazioni ancora possibili sulle zone appenniniche, mentre in serata \u00e8 atteso un graduale miglioramento delle condizioni meteo.<\/p>\n","protected":false},"excerpt":{"rendered":"Firenze, 17 marzo 2026 \u2013 Primavera anticipata? \u00c8 ancora presto. Mercoled\u00ec 18 marzo, ci sar\u00e0 una vera e&hellip;\n","protected":false},"author":3,"featured_media":401059,"comment_status":"","ping_status":"","sticky":false,"template":"","format":"standard","meta":{"footnotes":"","_share_on_mastodon":"0"},"categories":[79],"tags":[4167,24540,229245,14,93,94,55523,1537,90,89,8682,419,22542,7,15,3675,11922,11,84,91,12,85,92,443],"class_list":["post-401058","post","type-post","status-publish","format-standard","has-post-thumbnail","category-italia","tag-allerta","tag-bianchi","tag-cadranno","tag-cronaca","tag-cronaca-italiana","tag-cronacaitaliana","tag-fiocchi","tag-it","tag-italia","tag-italy","tag-marzo","tag-meteo","tag-neve","tag-news","tag-notizie","tag-ritorno","tag-toscana","tag-ultime-notizie","tag-ultime-notizie-e-news-di-oggi","tag-ultime-notizie-italia","tag-ultimenotizie","tag-ultimenotizieenewsdioggi","tag-ultimenotizieitalia","tag-vento"],"share_on_mastodon":{"url":"https:\/\/pubeurope.com\/@it\/116248443875515163","error":""},"_links":{"self":[{"href":"https:\/\/www.europesays.com\/it\/wp-json\/wp\/v2\/posts\/401058","targetHints":{"allow":["GET"]}}],"collection":[{"href":"https:\/\/www.europesays.com\/it\/wp-json\/wp\/v2\/posts"}],"about":[{"href":"https:\/\/www.europesays.com\/it\/wp-json\/wp\/v2\/types\/post"}],"author":[{"embeddable":true,"href":"https:\/\/www.europesays.com\/it\/wp-json\/wp\/v2\/users\/3"}],"replies":[{"embeddable":true,"href":"https:\/\/www.europesays.com\/it\/wp-json\/wp\/v2\/comments?post=401058"}],"version-history":[{"count":0,"href":"https:\/\/www.europesays.com\/it\/wp-json\/wp\/v2\/posts\/401058\/revisions"}],"wp:featuredmedia":[{"embeddable":true,"href":"https:\/\/www.europesays.com\/it\/wp-json\/wp\/v2\/media\/401059"}],"wp:attachment":[{"href":"https:\/\/www.europesays.com\/it\/wp-json\/wp\/v2\/media?parent=401058"}],"wp:term":[{"taxonomy":"category","embeddable":true,"href":"https:\/\/www.europesays.com\/it\/wp-json\/wp\/v2\/categories?post=401058"},{"taxonomy":"post_tag","embeddable":true,"href":"https:\/\/www.europesays.com\/it\/wp-json\/wp\/v2\/tags?post=401058"}],"curies":[{"name":"wp","href":"https:\/\/api.w.org\/{rel}","templated":true}]}}