{"id":401225,"date":"2026-03-18T08:11:15","date_gmt":"2026-03-18T08:11:15","guid":{"rendered":"https:\/\/www.europesays.com\/it\/401225\/"},"modified":"2026-03-18T08:11:15","modified_gmt":"2026-03-18T08:11:15","slug":"protesi-allanca-dopo-la-caduta-in-centro-ad-aosta","status":"publish","type":"post","link":"https:\/\/www.europesays.com\/it\/401225\/","title":{"rendered":"protesi all&#8217;anca dopo la caduta in centro ad Aosta"},"content":{"rendered":"<p>La foto postata sui social da Mirko Frezza e Tullio Sorrentino con Marco Giallini ricoverato al Parini dopo la rottura del femore<\/p>\n<p>A dare il bollettino medico sulle condizioni di Marco Giallini, direttamente sui social, sono Furio e Brizio.<\/p>\n<p>Gli attori <strong>Mirko Frezza<\/strong> e <strong>Tullio Sorrentin<\/strong>o che nella serie <strong>Rocco Schiavone<\/strong> sono gli amici romani del vice questore hanno postato poco fa un video messaggio e una foto per aggiornare i fan sulle condizioni di Giallini.<\/p>\n<p>L\u2019attore romano questa mattina \u00e8 stato vittima di una caduta in piazza Chanoux riportando la rottura della testa del femore.<\/p>\n<p>Il video messaggio<\/p>\n<p><img loading=\"lazy\" class=\"size-medium wp-image-534488 alignleft\" ta-src=\"https:\/\/www.europesays.com\/it\/wp-content\/uploads\/2026\/03\/incidente-giallini-mirko-frezza.jpg\" alt=\"\" width=\"278\" height=\"300\" ta- \/>\u00abSiamo appena usciti dal trovare il nostro amico Marco, va tutto bene, l\u2019operazione \u00e8 andata bene, Marco si riprender\u00e0 molto presto\u00bb dice<strong> Frezza.<\/strong><\/p>\n<p>\u00abHa avuto un incidente con questo cane che gli \u00e8 saltato addosso ed \u00e8 caduto in un punto dove non doveva cadere\u00bb.<\/p>\n<p>\u00abState sereni \u00e8 inutile che ci chiedete cos\u2019\u00e8 successo,\u00a0\u00e8 cascato e si \u00e8 rotto la testa del femore, \u00e8 stato operato ed \u00e8 andato tutto bene. Tra qualche giorno lo rivedremo in giro, daje!\u00bb<\/p>\n<p>L\u2019intervento chirurgico<\/p>\n<p>L\u2019attore \u00e8 stato operato all\u2019ospedale Parini dal dottor <strong>Manuel Mancini<\/strong>, che ha proceduto con la sostituzione dell\u2019articolazione tramite una protesi d\u2019anca, in seguito alla frattura del collo del femore riportata nella caduta.<\/p>\n<p>Dopo l\u2019incidente, avvenuto intorno alle 8.15 mentre si stava recando a prendere un caff\u00e8 prima di raggiungere il set, a quanto pare sorpreso da un cane, <strong>Giallini<\/strong> era stato soccorso dal 118 e trasportato al Pronto soccorso.<\/p>\n<p>Qui gli esami diagnostici hanno evidenziato la gravit\u00e0 dell\u2019infortunio, rendendo necessario un intervento immediato.<\/p>\n<p>L\u2019operazione \u00e8 stata eseguita nel giro di poche ore.<\/p>\n<p>Il chirurgo<strong> Manuel Mancini<\/strong> \u00e8 noto anche per aver operato nel 2009<strong> papa Benedetto XVI<\/strong>, allora in vacanza in Valle d\u2019Aosta, dopo una frattura al polso.<\/p>\n<p><strong>Riprese di Rocco Schiavone in bilico<\/strong><\/p>\n<p>L\u2019infortunio arriva nel pieno delle riprese della settima stagione della serie tratta dai romanzi di <strong>Antonio Manzini<\/strong>, iniziate da circa due settimane in Valle d\u2019Aosta.<\/p>\n<p>La produzione non risponde alle domande dei cronisti.<\/p>\n<p><img loading=\"lazy\" class=\"size-medium wp-image-534490 alignright\" ta-src=\"https:\/\/www.europesays.com\/it\/wp-content\/uploads\/2026\/03\/annuncio-film-commission.jpg\" alt=\"\" width=\"300\" height=\"247\" ta- \/>Tra le ipotesi su come riorganizzare il lavoro senza l\u2019attore protagonista c\u2019\u00e8 la prosecuzione con le scene senza Giallini oppure una revisione del calendario, se non della sceneggiatura.<\/p>\n<p>La Film Commission Valle d\u2019Aosta ha pubblicato proprio oggi l\u2019avviso della ricerca di un appartamento arredato in stile anni \u201950 per le riprese.<\/p>\n<p><strong>Attesa per il recupero dell\u2019attore<\/strong><\/p>\n<p>Nelle ore successive all\u2019intervento, l\u2019attenzione resta concentrata sui tempi di recupero dell\u2019attore, amatissimo dai valdostani a cui \u00e8 lui stesso molto legato.<\/p>\n<p>I set della serie, negli anni, hanno attirato numerosi appassionati e curiosi, contribuendo alla promozione del territorio.<\/p>\n<p>(e.d.)<\/p>\n","protected":false},"excerpt":{"rendered":"La foto postata sui social da Mirko Frezza e Tullio Sorrentino con Marco Giallini ricoverato al Parini dopo&hellip;\n","protected":false},"author":3,"featured_media":401226,"comment_status":"","ping_status":"","sticky":false,"template":"","format":"standard","meta":{"footnotes":"","_share_on_mastodon":"0"},"categories":[174],"tags":[203,60421,204,1537,90,89],"class_list":["post-401225","post","type-post","status-publish","format-standard","has-post-thumbnail","category-intrattenimento","tag-entertainment","tag-giallini","tag-intrattenimento","tag-it","tag-italia","tag-italy"],"share_on_mastodon":{"url":"https:\/\/pubeurope.com\/@it\/116249171485083370","error":""},"_links":{"self":[{"href":"https:\/\/www.europesays.com\/it\/wp-json\/wp\/v2\/posts\/401225","targetHints":{"allow":["GET"]}}],"collection":[{"href":"https:\/\/www.europesays.com\/it\/wp-json\/wp\/v2\/posts"}],"about":[{"href":"https:\/\/www.europesays.com\/it\/wp-json\/wp\/v2\/types\/post"}],"author":[{"embeddable":true,"href":"https:\/\/www.europesays.com\/it\/wp-json\/wp\/v2\/users\/3"}],"replies":[{"embeddable":true,"href":"https:\/\/www.europesays.com\/it\/wp-json\/wp\/v2\/comments?post=401225"}],"version-history":[{"count":0,"href":"https:\/\/www.europesays.com\/it\/wp-json\/wp\/v2\/posts\/401225\/revisions"}],"wp:featuredmedia":[{"embeddable":true,"href":"https:\/\/www.europesays.com\/it\/wp-json\/wp\/v2\/media\/401226"}],"wp:attachment":[{"href":"https:\/\/www.europesays.com\/it\/wp-json\/wp\/v2\/media?parent=401225"}],"wp:term":[{"taxonomy":"category","embeddable":true,"href":"https:\/\/www.europesays.com\/it\/wp-json\/wp\/v2\/categories?post=401225"},{"taxonomy":"post_tag","embeddable":true,"href":"https:\/\/www.europesays.com\/it\/wp-json\/wp\/v2\/tags?post=401225"}],"curies":[{"name":"wp","href":"https:\/\/api.w.org\/{rel}","templated":true}]}}