{"id":401378,"date":"2026-03-18T10:21:16","date_gmt":"2026-03-18T10:21:16","guid":{"rendered":"https:\/\/www.europesays.com\/it\/401378\/"},"modified":"2026-03-18T10:21:16","modified_gmt":"2026-03-18T10:21:16","slug":"grande-fratello-vip-lucarelli-concorrenti-nomination","status":"publish","type":"post","link":"https:\/\/www.europesays.com\/it\/401378\/","title":{"rendered":"Grande Fratello VIP: Lucarelli, concorrenti, nomination"},"content":{"rendered":"<p>                              <img decoding=\"async\" src=\"https:\/\/www.europesays.com\/it\/wp-content\/uploads\/2026\/03\/grande-fratello-vip-2026-prime-nomination.jpg\" loading=\"lazy\" alt=\"grande fratello vip 2026 prime nomination\" width=\"1280\" height=\"800\"\/><\/p>\n<p class=\"img-caption\"> Grande Fratello VIP 2026 \u00e8 subito entrato nel vivo: presentazioni, polemiche, dinamiche, leader, due club e le prie nimination. Queste. Foto ufficio stampa Mediaset<\/p>\n<p>\n                              <strong>TRA IL MATRIARCATO E LE AMAZZONI.<\/strong> Due donne al comando in studio e tre nella Casa. Pi\u00f9 una a fare da outsider, al momento &#8220;in panchina&#8221;, poi vedremo quando (presto) entrer\u00e0 nel gioco. Il <strong>Grande Fratello VIP 2026 <\/strong>ha gi\u00e0 la sua piramide e le sue dinamiche\/relazioni di potere. Ci sono gi\u00e0 due club: voi per chi tifate?\n                          <\/p>\n<p>\n                              Tutti e 16 dentro. <strong>Dopo i primi 4 gi\u00e0 entrati con l&#8217;<a href=\"https:\/\/style.corriere.it\/spettacoli\/tv\/il-grande-fratello-vip-2026-apre-prima-tutto-sullopen-house-con-4-concorrenti-quando-e-dove-vederla\/\" data-wpel-link=\"internal\" rel=\"nofollow noopener\" target=\"_blank\">Open House<\/a>, adesso la formazione \u00e8 completa.<\/strong> Subito, la prima puntata li ha visti entrare in quest&#8217;ordine, dal primo (il ballerino Raimondo Todaro) accolto da Renato Biancardi, Ibizi Altea, Raoul Dumitars, Adriana Volpe. Eccoli in ordine di entrata<\/p>\n<ul>\n<li>Renato Biancardi<\/li>\n<li>Ibizi Altea<\/li>\n<li>Raoul Dumitars<\/li>\n<li>Adriana Volpe<\/li>\n<li>Raimondo Todaro<\/li>\n<li>Alessandra Mussolini<\/li>\n<li>Antonella Elia<\/li>\n<li>Giovanni Calvario<\/li>\n<li>Paola Caruso<\/li>\n<li>Marco Berry<\/li>\n<li>Francesca Manzini<\/li>\n<li>GionnyScandal<\/li>\n<li>Dario Cassini<\/li>\n<li>Lucia Ilardo<\/li>\n<li>Blu Barbara Prezia<\/li>\n<li>Nicol\u00f2 Brigante<\/li>\n<\/ul>\n<p>Grande Fratello VIP 2026: Adriana Volpi e Antonella Elia ripartono da dove erano rimaste<\/p>\n<p>\n                              Back to Grande Fratello VIP 2020. Se l&#8217;ingrediente numero 1 del reality sono screzi e polemiche, questa edizione \u00e8 gi\u00e0 partita benissimo. Meglio: ripartita. Perch\u00e9 come ben sapevano gli autori, <strong>tra le due superstar VIP Elia e Volpe c&#8217;era il &#8220;precedente&#8221;.<\/strong> \u00abCiao Adriana cara\u00bb, dice Antonella. \u00abLa sua entrata \u00e8 stata importante, ha fatto polemica dal primo minuto\u00bb, replica Volpe. \u00abIo non mi fido di Adriana. Perch\u00e9 prima fa la fatina buona e poi magari ti delude, ti fa sentire una schifezza, si allea coi tuoi nemici\u00bb (Elia). \u00abIo la subisco. Lei ha una fragilit\u00e0 che ti porta a fidarti e poi senza motivo ti d\u00e0 quella randellata che ti mette in ginocchio. Per anni ho sempre seguito l&#8217;andamento che voleva lei. Quando al GF VIP del 2020 sono andata via, lei piangeva. Io sono arrivata a un punto in cui non voglio pi\u00f9 subirla\u00bb (Volpe). <strong>La chiusa di Antonella Elia \u00e8 DOC: \u00abNon ti preoccupare, se te ne andrai stavolta non pianger\u00f2\u00bb.<\/strong>\n                          <\/p>\n<p>\n                              I campi sono gi\u00e0 segnati: tu con chi stai? <strong>Club Elia o Club Volpe? Il primo Televoto fa vincere Adriana Volpe.<\/strong> Lei e il suo gruppo si meritano il Gold Club: Spa, piscina, letti matrimoniali e palestra.\n                          <\/p>\n<p>                              <img decoding=\"async\" src=\"https:\/\/www.europesays.com\/it\/wp-content\/uploads\/2026\/03\/SS7_8729-scaled.jpg\" loading=\"lazy\" alt=\"grande fratello vip\" width=\"2560\" height=\"1709\"\/><\/p>\n<p class=\"img-caption\"> Esulta la prima vincitrice Adriana Volpi con la sua squadra. Foto per gentile concessione dell&#8217;ufficio stampa Endemol Shine Italia<\/p>\n<p>\n                              <strong>A una le gaffe. All&#8217;altra le polemiche.<\/strong> Questo era stato loro chiesto e questo da grandi professioniste consapevoli hanno dato. Blasi &#8220;c&#8217;\u00e8 o di fa&#8221; spazia dai doppi sensi alla parolaccia in diretta. <strong>Lucarelli ne ha subito per tutte e per lui, in un italiano perfetto per forma e contenuto.<\/strong> La neo opinionista \u00e8 subito selvaggia: \u00abChe talento ho, io? Quello della polemica, non lo sapevi? <strong>Mi avete chiamata per risolvere i conti passati<\/strong>\u00bb. Risponde la conduttrice: \u00abIo conduco un reality senza saperlo fare\u00bb. I giochi sono gi\u00e0 fatti.<strong> I conti passati sono quelli con Raimondo Todaro.<\/strong> Siamo nel mondo dei reality e e dei talent incrociati. Ballando con le stelle nella Casa del GF Vip. Dice lei: \u00ab<strong>Tu hai sempre detto che io a Ballando giudicavo qualcosa di cui non sapevo nulla. Quest&#8217;anno ho deciso di giudicare qualcosa di cui non sai niente tu: te stesso. Sar\u00e0 illuminante, vedrai\u00bb<\/strong>. Speriamo solo che si resti su questi livelli di sagacia e acume. Fioretto&#8230;\n                          <\/p>\n<p>\n                              Nella Casa il primo conflitto \u00e8 gi\u00e0 scoppiato. <strong>Anche qui \u00e8 un affare di donne, per dirla col regista Claude Chabrol.<\/strong> <strong>Paola Caruso vs Alessandra Mussolini<\/strong>. La prima urla un po&#8217; troppo: abbassare il volume, please. A gamba tesa entra Lucarelli con la sua opinione: \u00abSi lamenta degli urletti di Paola Caruso? Da quando le danno fastidio i decibel? <strong>Solidariet\u00e0 ai coinquilini di Alessandra Mussolini, sar\u00e0 difficile per loro.<\/strong> Lei ha questa esuberanza per cui nei primi due minuti \u00e8 simpatica e poi la vuoi uccidere. Ne so qualcosa\u00bb. Anche qui riemergono i fantasmi dei contrasti passati, Ballando con le stelle. <strong>Mussolini l&#8217;accusa di scarsa empatia (\u00abSono stata male e lei non ha mostrato sentimenti\u00bb). La replica: \u00abQuando sei la regina delle sceneggiate come sei tu, non si sa pi\u00f9 cosa \u00e8 vero e cosa no\u00bb.<\/strong>\n                          <\/p>\n<p>\n                              Il gioco \u00e8 entrato subito nel vivo con le prime nomination di questa edizione. I primi 4 concorrenti entrati hanno votato per primi e tra di loro. Ognuno ha avuto una nomination. Poi la seduta si \u00e8 allargata. I primi concorrenti in nomination del Grane Fratello VIP 2026 sono:<\/p>\n<ul>\n<li><strong>Ibiza Altea<\/strong><\/li>\n<li><strong>Renato Biancardi<\/strong><\/li>\n<li><strong>Raul Dumitras<\/strong><\/li>\n<li><strong>Adriana Volpe<\/strong><\/li>\n<li><strong>Licia Ilardo<\/strong><\/li>\n<li><strong>Paola Caruso<\/strong><\/li>\n<li><strong>Alessandra Mussolini<\/strong><\/li>\n<li><strong>Antonella Elia<\/strong><\/li>\n<\/ul>\n<p>\u00a0<\/p>\n<p>\n                              <strong>Sar\u00e0 gi\u00e0 prima eliminazione?<\/strong> Loro non lo sanno, ma in palio c&#8217;\u00e8 l&#8217;immunit\u00e0 nella <strong>prossima puntata. Che sar\u00e0 gi\u00e0 venerd\u00ec 20 marzo, in prima serata su Canale 5 e in diretta streaming su Mediaset Infintiy.<\/strong> Il gioco \u00e8 ripartito.\n                          <\/p>\n","protected":false},"excerpt":{"rendered":"Grande Fratello VIP 2026 \u00e8 subito entrato nel vivo: presentazioni, polemiche, dinamiche, leader, due club e le prie&hellip;\n","protected":false},"author":3,"featured_media":401379,"comment_status":"","ping_status":"","sticky":false,"template":"","format":"standard","meta":{"footnotes":"","_share_on_mastodon":"0"},"categories":[1444],"tags":[21984,206852,229473,229478,3383,50617,3579,71742,229479,95866,229480,2370,2371,19368,4642,3178,229481,229482,128936,554,15298,87765,218376,229483,229484,1411,229485,33977,5631,2429,2239,8251,229486,203,4974,229474,3688,130746,70110,151450,2024,19370,204,1537,90,89,34348,14556,44589,34278,6183,229475,229476,21904,3968,15266,4425,229472,3338,8159,114305,8202,19432,39604,2128,84141,229477,253,59419,86,72629,4889],"class_list":["post-401378","post","type-post","status-publish","format-standard","has-post-thumbnail","category-tv","tag-adriana","tag-adriana-volpe","tag-adriana-volpi","tag-adriana-volpi-antonella","tag-alessandra","tag-alessandra-mussolini","tag-antonella","tag-antonella-elia","tag-antonella-elia-ripartono","tag-aspettando","tag-aspettando-cesara","tag-ballando","tag-ballando-stelle","tag-blasi","tag-botto","tag-caruso","tag-caruso-mussolini","tag-caruso-mussolini-opinione","tag-cesara","tag-club","tag-concorrenti","tag-concorrenti-fratello","tag-concorrenti-fratello-vip","tag-concorrenti-prime","tag-concorrenti-prime-nomination","tag-conti","tag-conti-passati","tag-dinamiche","tag-diretta","tag-donne","tag-edizione","tag-elia","tag-elia-ripartono","tag-entertainment","tag-entrata","tag-entrata-concorrenti","tag-fratello","tag-fratello-vip","tag-gf","tag-gf-vip","tag-gioco","tag-ilary","tag-intrattenimento","tag-it","tag-italia","tag-italy","tag-lucarelli","tag-mussolini","tag-nomination","tag-opinione","tag-ordine","tag-ordine-entrata","tag-ordine-entrata-concorrenti","tag-passati","tag-polemica","tag-polemiche","tag-prime","tag-prime-nomination","tag-primi","tag-prossima","tag-prossima-puntata","tag-puntata","tag-reality","tag-selvaggia","tag-studio","tag-televoto","tag-televoto-vincitrice","tag-tv","tag-vincitrice","tag-vip","tag-volpe","tag-volpi"],"share_on_mastodon":{"url":"","error":"Validation failed: Text character limit of 500 exceeded"},"_links":{"self":[{"href":"https:\/\/www.europesays.com\/it\/wp-json\/wp\/v2\/posts\/401378","targetHints":{"allow":["GET"]}}],"collection":[{"href":"https:\/\/www.europesays.com\/it\/wp-json\/wp\/v2\/posts"}],"about":[{"href":"https:\/\/www.europesays.com\/it\/wp-json\/wp\/v2\/types\/post"}],"author":[{"embeddable":true,"href":"https:\/\/www.europesays.com\/it\/wp-json\/wp\/v2\/users\/3"}],"replies":[{"embeddable":true,"href":"https:\/\/www.europesays.com\/it\/wp-json\/wp\/v2\/comments?post=401378"}],"version-history":[{"count":0,"href":"https:\/\/www.europesays.com\/it\/wp-json\/wp\/v2\/posts\/401378\/revisions"}],"wp:featuredmedia":[{"embeddable":true,"href":"https:\/\/www.europesays.com\/it\/wp-json\/wp\/v2\/media\/401379"}],"wp:attachment":[{"href":"https:\/\/www.europesays.com\/it\/wp-json\/wp\/v2\/media?parent=401378"}],"wp:term":[{"taxonomy":"category","embeddable":true,"href":"https:\/\/www.europesays.com\/it\/wp-json\/wp\/v2\/categories?post=401378"},{"taxonomy":"post_tag","embeddable":true,"href":"https:\/\/www.europesays.com\/it\/wp-json\/wp\/v2\/tags?post=401378"}],"curies":[{"name":"wp","href":"https:\/\/api.w.org\/{rel}","templated":true}]}}