{"id":401419,"date":"2026-03-18T10:53:11","date_gmt":"2026-03-18T10:53:11","guid":{"rendered":"https:\/\/www.europesays.com\/it\/401419\/"},"modified":"2026-03-18T10:53:11","modified_gmt":"2026-03-18T10:53:11","slug":"grande-fratello-vip-2026-un-reality-che-non-ha-piu-senso-tra-celebrities-che-sono-promesse-mancate-e-meccanismi-logorati","status":"publish","type":"post","link":"https:\/\/www.europesays.com\/it\/401419\/","title":{"rendered":"Grande Fratello Vip 2026, un reality che non ha pi\u00f9 senso tra celebrities che sono promesse mancate e meccanismi logorati"},"content":{"rendered":"<p>    di<br \/>\n    Aldo Grasso<\/p>\n<p class=\"summary-art is-line-h-12\">Quando debutt\u00f2, il reality era un dispositivo sociale sperimentale, spiare dieci sconosciuti era un brivido sociologico. Ddopo 26 anni, ha ancora senso questo baraccone?<\/p>\n<p class=\"chapter-paragraph\">La prima puntata del Grande Fratello <b>\u00e8 sempre la pi\u00f9 difficile da interpretare<\/b>: gli ingressi non finiscono mai, le dinamiche di gruppo sono appena accennate e, scorrendo il cast, sorge un dubbio: cosa significa oggi l\u2019acronimo VIP?\u00a0<\/p>\n<p class=\"chapter-paragraph\">La sensazione \u00e8 quella di una promessa non mantenuta, dove la notoriet\u00e0 \u00e8 spesso un concetto vago, quasi <b>un\u2019autodefinizione<\/b> (self-label) per occupare uno spazio televisivo.    &#13;<br \/>\n&#13;<br \/>\n&#13;<br \/>\n&#13;<br \/>\n&#13;<br \/>\n&#13;<br \/>\n&#13;<br \/>\n&#13;<br \/>\n&#13;<br \/>\n&#13;<br \/>\n&#13;<br \/>\n&#13;<br \/>\n&#13;<br \/>\n&#13;<br \/>\n&#13;<br \/>\n&#13;<br \/>\n&#13;<br \/>\n&#13;<br \/>\n&#13;<br \/>\n&#13;<br \/>\n&#13;<br \/>\n&#13;<br \/>\n&#13;<br \/>\n&#13;<br \/>\n&#13;<br \/>\n&#13;<br \/>\n&#13;<br \/>\n&#13;<br \/>\n&#13;<br \/>\n&#13;<br \/>\n&#13;<br \/>\n&#13;<br \/>\n&#13;<br \/>\n&#13;<br \/>\n&#13;<br \/>\n&#13;<br \/>\n&#13;<br \/>\n&#13;<br \/>\n&#13;<br \/>\n&#13;<br \/>\n&#13;<br \/>\n&#13;<br \/>\n&#13;<br \/>\n&#13;<br \/>\n&#13;<br \/>\n&#13;<br \/>\n&#13;<br \/>\n&#13;<br \/>\n&#13;<br \/>\n&#13;<br \/>\n&#13;<br \/>\n&#13;<br \/>\n&#13;\n<\/p>\n<p class=\"chapter-paragraph\"><a href=\"https:\/\/www.corriere.it\/spettacoli\/26_gennaio_29\/il-grande-fratello-si-fara-lo-conduce-ilary-blasi-f1939644-7d18-4c70-94fe-d3c149fdexlk.shtml\" title=\"Il Grande Fratello si far\u00e0, lo conduce Ilary Blasi\" rel=\"nofollow noopener\" target=\"_blank\">A condurre \u00e8 tornata Ilary Blasi<\/a>, dopo che <a href=\"https:\/\/milano.corriere.it\/notizie\/cronaca\/25_dicembre_30\/alfonso-signorini-indagato-a-milano-per-violenza-sessuale-dopo-la-denuncia-di-antonio-medugno-e0601eac-155c-4aa7-b9b6-9eb540814xlk.shtml\" title=\"Alfonso Signorini indagato a Milano per violenza sessuale ed estorsione dopo la denuncia di Antonio Medugno\" rel=\"nofollow noopener\" target=\"_blank\">Alfonso Signorini \u00e8 stato messo in quarantena<\/a>: immagino si volesse decisamente voltare pagina con una conduzione pi\u00f9 \u00aballa mano\u00bb (come in un mercato rionale), <b>pi\u00f9 urlacchiata<\/b>, pi\u00f9 superficiale.<\/p>\n<p class=\"chapter-paragraph\">La vera questione, per\u00f2, \u00e8 esistenziale: dopo 26 anni, <b>ha ancora senso questo baraccone<\/b>? Quando debutt\u00f2, il GF era un dispositivo sociale sperimentale. In un&#8217;epoca pre-social, <b>spiare dieci sconosciuti <\/b>era un brivido sociologico.<\/p>\n<p class=\"chapter-paragraph\">Oggi, <b>quel brivido \u00e8 stato ammazzato da Instagram e TikTok<\/b>: la quotidianit\u00e0 esibita \u00e8 il rumore di fondo delle nostre vite, non un evento speciale.<\/p>\n<p class=\"chapter-paragraph\">In questo scenario, <b>la macchina narrativa del reality appare inevitabilmente logorata<\/b>. I litigi, i triangoli amorosi e le strategie sembrano ormai recitati a soggetto, seguendo un canovaccio. Non c\u2019\u00e8 pi\u00f9 sorpresa, solo una ritualit\u00e0 stanca che riproduce s\u00e9 stessa.<\/p>\n<p class=\"chapter-paragraph\">Si sapeva che <b>Antonella Elia e Adriana Volpe<\/b> non si sarebbero nemmeno salutate (dobbiamo preoccuparci?); si sapeva, per affinit\u00e0 di carattere e intenti, che <b>Selvaggia Lucarelli e Alessandra Mussolini<\/b>, si sarebbero ritrovate faccia a faccia dopo gli scontri a \u00abBallando con le Stelle\u00bb, dove la prima era giudice (di lotta e di governo) e la seconda concorrente.<\/p>\n<p class=\"chapter-paragraph\"><b>Il GF non \u00e8 pi\u00f9 un esperimento<\/b>, ma un pretesto per il commento collettivo. La sua vita vera non si svolge a Cinecitt\u00e0, ma nelle timeline di X e nei talk pomeridiani.<\/p>\n<p class=\"chapter-paragraph\">Il \u00abtrash\u00bb qui diventa funzione: una<b> lente deformante<\/b> che trascina temi complessi nel pantano di una discussione goffa e banale.<\/p>\n<p class=\"chapter-paragraph\">Finch\u00e9 ci sar\u00e0 un pubblico disposto a <b>scambiare il pettegolezzo per analisi sociale<\/b>, e finch\u00e9 gli inserzionisti monetizzeranno questo rumore, il GF rester\u00e0 l\u00ec.<\/p>\n<p class=\"chapter-paragraph\">Non come specchio della realt\u00e0, ma come un <b>monumento all&#8217;inerzia televisiva<\/b>.<\/p>\n<p class=\"is-last-update\" datetime=\"2026-03-18T10:28:43+01:00\">18 marzo 2026 ( modifica il 18 marzo 2026 | 10:28)<\/p>\n<p class=\"is-copyright\">\n            \u00a9 RIPRODUZIONE RISERVATA\n        <\/p>\n","protected":false},"excerpt":{"rendered":"di Aldo Grasso Quando debutt\u00f2, il reality era un dispositivo sociale sperimentale, spiare dieci sconosciuti era un brivido&hellip;\n","protected":false},"author":3,"featured_media":401420,"comment_status":"","ping_status":"","sticky":false,"template":"","format":"standard","meta":{"footnotes":"","_share_on_mastodon":"0"},"categories":[174],"tags":[118128,52845,229493,10607,5316,229494,229495,4934,229496,229497,203,3688,70110,204,1537,90,89,19432,27032,9525,20179,229498,229499,2677,229500,2258,229501,229502,34389,121658,229503],"class_list":["post-401419","post","type-post","status-publish","format-standard","has-post-thumbnail","category-intrattenimento","tag-baraccone","tag-brivido","tag-brivido-sociologico","tag-debutto","tag-dieci","tag-dieci-sconosciuti","tag-dieci-sconosciuti-brivido","tag-dispositivo","tag-dispositivo-sociale","tag-dispositivo-sociale-sperimentale","tag-entertainment","tag-fratello","tag-gf","tag-intrattenimento","tag-it","tag-italia","tag-italy","tag-reality","tag-rumore","tag-sapeva","tag-sconosciuti","tag-sconosciuti-brivido","tag-sconosciuti-brivido-sociologico","tag-senso","tag-senso-baraccone","tag-sociale","tag-sociale-sperimentale","tag-sociologico","tag-sperimentale","tag-spiare","tag-spiare-dieci"],"share_on_mastodon":{"url":"","error":"Validation failed: Text character limit of 500 exceeded"},"_links":{"self":[{"href":"https:\/\/www.europesays.com\/it\/wp-json\/wp\/v2\/posts\/401419","targetHints":{"allow":["GET"]}}],"collection":[{"href":"https:\/\/www.europesays.com\/it\/wp-json\/wp\/v2\/posts"}],"about":[{"href":"https:\/\/www.europesays.com\/it\/wp-json\/wp\/v2\/types\/post"}],"author":[{"embeddable":true,"href":"https:\/\/www.europesays.com\/it\/wp-json\/wp\/v2\/users\/3"}],"replies":[{"embeddable":true,"href":"https:\/\/www.europesays.com\/it\/wp-json\/wp\/v2\/comments?post=401419"}],"version-history":[{"count":0,"href":"https:\/\/www.europesays.com\/it\/wp-json\/wp\/v2\/posts\/401419\/revisions"}],"wp:featuredmedia":[{"embeddable":true,"href":"https:\/\/www.europesays.com\/it\/wp-json\/wp\/v2\/media\/401420"}],"wp:attachment":[{"href":"https:\/\/www.europesays.com\/it\/wp-json\/wp\/v2\/media?parent=401419"}],"wp:term":[{"taxonomy":"category","embeddable":true,"href":"https:\/\/www.europesays.com\/it\/wp-json\/wp\/v2\/categories?post=401419"},{"taxonomy":"post_tag","embeddable":true,"href":"https:\/\/www.europesays.com\/it\/wp-json\/wp\/v2\/tags?post=401419"}],"curies":[{"name":"wp","href":"https:\/\/api.w.org\/{rel}","templated":true}]}}