{"id":401427,"date":"2026-03-18T10:57:12","date_gmt":"2026-03-18T10:57:12","guid":{"rendered":"https:\/\/www.europesays.com\/it\/401427\/"},"modified":"2026-03-18T10:57:12","modified_gmt":"2026-03-18T10:57:12","slug":"bonelli-legge-in-tv-lsms-estremamente-confidenziale-di-crosetto-lultimo-disastro","status":"publish","type":"post","link":"https:\/\/www.europesays.com\/it\/401427\/","title":{"rendered":"Bonelli, legge in tv l&#8217;sms estremamente confidenziale di Crosetto: l&#8217;ultimo disastro"},"content":{"rendered":"<p>Un&#8217;attenzione non scontata quella che il ministro della Difesa <strong>Guido Crosetto<\/strong> riserva ai leader dell&#8217;opposizione quando si tratta di guerra. Nei corridoi della politica si parla di &#8220;Radio Crosetto&#8221;, come si legge nel retroscena del Corriere della Sera. Sui telefoni di tutti i vertici del campo larghissimo, da Carlo Calenda ad Angelo Bonelli, da due settimane a questa parte arrivano le\u00a0informazioni pi\u00f9 dirette sul conflitto in corso in <strong>Iran<\/strong>, con tutte\u00a0le possibili ricadute che interessano l\u2019Italia. E arrivano direttamente dal cellulare del ministro a\u00a0qualsiasi ora del giorno o della notte in cui si renda necessario un aggiornamento in tempo reale.\u00a0<\/p>\n<p>A far venire fuori questa storia di &#8220;Radio Crosetto&#8221; \u00e8 stato Bonelli, che si \u00e8 reso vittima di un errore piuttosto maldestro. \u00c8 successo nella tarda serata di\u00a0mercoled\u00ec 11 marzo, quando c&#8217;\u00e8 stato l\u2019attacco alla <strong>base italiana di Erbil<\/strong>. E il ministro, come sempre, ha provveduto a informare i leader dell&#8217;opposizione. Peccato\u00a0per\u00f2\u00a0che uno di loro, il portavoce dei Verdi, abbia ben pensato di leggere il messaggio confidenziale in uno studio televisivo. Probabilmente\u00a0senza rendersi conto del fatto che il contenuto fosse altamente confidenziale. Seguirono le\u00a0sue scuse in un colloquio con il Corriere.<\/p>\n<p><a href=\"https:\/\/www.liberoquotidiano.it\/news\/politica\/46850655\/bonelli-ultimo-delirio-contro-meloni-deve-dire-zelensky-smetterla\/\" rel=\"nofollow noopener\" target=\"_blank\">Bonelli, l&#8217;ultimo delirio contro Meloni: &#8220;Deve dire a Zelensky di smetterla&#8221;Ogni occasione \u00e8 buona, a sinistra, per spalare un po&#8217; di fango su Giorgia Meloni e il governo di centrodestr&#8230;<\/a><\/p>\n<p>Successivamente l&#8217;esistenza di &#8220;Radio Crosetto&#8221; \u00e8 stata confermata anche da altri. &#8220;Mi tengo in costante contatto con il ministro Crosetto per quanto riguarda i preoccupanti attacchi ai nostri contingenti, a cui va garantita la sicurezza&#8221;, ha dichiarato\u00a0la segretaria del Pd <strong>Elly Schlein. <\/strong>Uguale Calenda: &#8220;Devo ringraziare Guido Crosetto che sta costantemente tenendo aggiornati i segretari di partito sull\u2019andamento dei diversi teatri di conflitto. Un\u2019attenzione non scontata che va nel senso dell\u2019auspicata collaborazione istituzionale in un momento drammatico&#8221;.\u00a0<\/p>\n<p><a href=\"https:\/\/www.liberoquotidiano.it\/news\/politica\/46772127\/angelo-bonelli-che-imbarazzo-trema-davanti-mappa\/\" rel=\"nofollow noopener\" target=\"_blank\">Angelo Bonelli, che imbarazzo: trema davanti alla mappaLa cifra di Angelo Bonelli \u00e8 la sproporzione, l\u2019iperbole frustrata, il fossato mai colmato tra i desideri d&#8230;<\/a><\/p>\n","protected":false},"excerpt":{"rendered":"Un&#8217;attenzione non scontata quella che il ministro della Difesa Guido Crosetto riserva ai leader dell&#8217;opposizione quando si tratta&hellip;\n","protected":false},"author":3,"featured_media":401428,"comment_status":"","ping_status":"","sticky":false,"template":"","format":"standard","meta":{"footnotes":"","_share_on_mastodon":"0"},"categories":[79],"tags":[45997,23660,14,93,94,40161,764,1537,90,89,7,15,11,84,91,12,85,92],"class_list":["post-401427","post","type-post","status-publish","format-standard","has-post-thumbnail","category-italia","tag-angelo-bonelli","tag-avs","tag-cronaca","tag-cronaca-italiana","tag-cronacaitaliana","tag-guido-crosetto","tag-iran","tag-it","tag-italia","tag-italy","tag-news","tag-notizie","tag-ultime-notizie","tag-ultime-notizie-e-news-di-oggi","tag-ultime-notizie-italia","tag-ultimenotizie","tag-ultimenotizieenewsdioggi","tag-ultimenotizieitalia"],"share_on_mastodon":{"url":"https:\/\/pubeurope.com\/@it\/116249824270626414","error":""},"_links":{"self":[{"href":"https:\/\/www.europesays.com\/it\/wp-json\/wp\/v2\/posts\/401427","targetHints":{"allow":["GET"]}}],"collection":[{"href":"https:\/\/www.europesays.com\/it\/wp-json\/wp\/v2\/posts"}],"about":[{"href":"https:\/\/www.europesays.com\/it\/wp-json\/wp\/v2\/types\/post"}],"author":[{"embeddable":true,"href":"https:\/\/www.europesays.com\/it\/wp-json\/wp\/v2\/users\/3"}],"replies":[{"embeddable":true,"href":"https:\/\/www.europesays.com\/it\/wp-json\/wp\/v2\/comments?post=401427"}],"version-history":[{"count":0,"href":"https:\/\/www.europesays.com\/it\/wp-json\/wp\/v2\/posts\/401427\/revisions"}],"wp:featuredmedia":[{"embeddable":true,"href":"https:\/\/www.europesays.com\/it\/wp-json\/wp\/v2\/media\/401428"}],"wp:attachment":[{"href":"https:\/\/www.europesays.com\/it\/wp-json\/wp\/v2\/media?parent=401427"}],"wp:term":[{"taxonomy":"category","embeddable":true,"href":"https:\/\/www.europesays.com\/it\/wp-json\/wp\/v2\/categories?post=401427"},{"taxonomy":"post_tag","embeddable":true,"href":"https:\/\/www.europesays.com\/it\/wp-json\/wp\/v2\/tags?post=401427"}],"curies":[{"name":"wp","href":"https:\/\/api.w.org\/{rel}","templated":true}]}}